{"id":12170,"date":"2017-03-03T07:00:00","date_gmt":"2017-03-03T06:00:00","guid":{"rendered":"https:\/\/www.opinionpublica.tv\/portada\/2017\/03\/03\/por-primera-vez-en-116-dias-dolar-se-vende-abajo-de-20-pesos-en-bancos\/"},"modified":"2017-03-03T07:00:00","modified_gmt":"2017-03-03T06:00:00","slug":"por-primera-vez-en-116-dias-dolar-se-vende-abajo-de-20-pesos-en-bancos","status":"publish","type":"post","link":"https:\/\/www.opinionpublica.tv\/portada\/por-primera-vez-en-116-dias-dolar-se-vende-abajo-de-20-pesos-en-bancos\/","title":{"rendered":"Por primera vez en 116 d\u00edas d\u00f3lar se vende abajo de los 20 pesos en bancos"},"content":{"rendered":"<p><img fetchpriority=\"high\" decoding=\"async\" class=\" size-full wp-image-12169\" src=\"https:\/\/www.opinionpublica.tv\/portada\/wp-content\/uploads\/2017\/03\/b24bccf31933f359683282db276ca778.jpg\" alt=\"\" class=\"caption\" title=\"D\u00f3lar en ventanillas bancarias.\" width=\"651\" height=\"400\" srcset=\"https:\/\/www.opinionpublica.tv\/portada\/wp-content\/uploads\/2017\/03\/b24bccf31933f359683282db276ca778.jpg 651w, https:\/\/www.opinionpublica.tv\/portada\/wp-content\/uploads\/2017\/03\/b24bccf31933f359683282db276ca778-300x184.jpg 300w\" sizes=\"(max-width: 651px) 100vw, 651px\" \/><br \/>\n<!--more--><\/p>\n<p style=\"text-align: justify;\">Luego de varias semanas de alza e incertidumbre, el\u00a0d\u00f3lar estadounidense ya se vende este viernes hasta en 19.85 pesos<strong>\u00a0<\/strong>en las principales terminales bancarias del pa\u00eds.\u00a0De este modo la divisa norteamericana ya perdi\u00f3 45 centavos,<strong>\u00a0<\/strong>o un 2.22% contra el peso mexicano.\u00a0<\/p>\n<p style=\"text-align: justify;\"><strong>El factor<\/strong><\/p>\n<p style=\"text-align: justify;\">El d\u00f3lar se fortalec\u00eda luego de que el secretario de comercio de Estados Unidos, Wilbur Ross, dijo que\u00a0\u00abun acuerdo comercial sensato\u00bb<strong>\u00a0<\/strong>de su pa\u00eds con M\u00e9xico\u00a0impulsar\u00e1 al peso, misma que se ha depreciado por temor a la incertidumbre en torno al futuro del TLCAN.<\/p>\n<p style=\"text-align: justify;\">\u201cSeremos en\u00e9rgicos en materia de comercio porque sabemos que los acuerdos que han sido hechos hist\u00f3ricamente han resultado en una gran p\u00e9rdida de empleos en manufactura, una gran cantidad de negocios manufactureros cerrados\u00bb, asegur\u00f3 Ross.<\/p>\n<p style=\"text-align: justify;\">El presidente Donald Trump design\u00f3 a Ross para que lidere la renegociaci\u00f3n del TLCAN,\u00a0que lleva vigente 23 a\u00f1os e incluye a Estados Unidos, M\u00e9xico y Canad\u00e1.<\/p>\n<p style=\"text-align: justify;\"><em>Con informaci\u00f3n de Reuters.<\/em><\/p>\n","protected":false},"excerpt":{"rendered":"","protected":false},"author":6,"featured_media":12169,"comment_status":"open","ping_status":"open","sticky":false,"template":"","format":"standard","meta":{"_acf_changed":false,"_monsterinsights_skip_tracking":false,"slim_seo":{"title":"Por primera vez en 116 d\u00edas d\u00f3lar se vende abajo de los 20 pesos en bancos - Opini\u00f3n P\u00fablica","description":"Luego de varias semanas de alza e incertidumbre, el\u00a0d\u00f3lar estadounidense ya se vende este viernes hasta en 19.85 pesos \u00a0 en las principales terminales bancarias"},"footnotes":""},"categories":[3],"tags":[],"class_list":["post-12170","post","type-post","status-publish","format-standard","has-post-thumbnail","hentry","category-principal"],"acf":[],"_links":{"self":[{"href":"https:\/\/www.opinionpublica.tv\/portada\/wp-json\/wp\/v2\/posts\/12170","targetHints":{"allow":["GET"]}}],"collection":[{"href":"https:\/\/www.opinionpublica.tv\/portada\/wp-json\/wp\/v2\/posts"}],"about":[{"href":"https:\/\/www.opinionpublica.tv\/portada\/wp-json\/wp\/v2\/types\/post"}],"author":[{"embeddable":true,"href":"https:\/\/www.opinionpublica.tv\/portada\/wp-json\/wp\/v2\/users\/6"}],"replies":[{"embeddable":true,"href":"https:\/\/www.opinionpublica.tv\/portada\/wp-json\/wp\/v2\/comments?post=12170"}],"version-history":[{"count":0,"href":"https:\/\/www.opinionpublica.tv\/portada\/wp-json\/wp\/v2\/posts\/12170\/revisions"}],"wp:featuredmedia":[{"embeddable":true,"href":"https:\/\/www.opinionpublica.tv\/portada\/wp-json\/wp\/v2\/media\/12169"}],"wp:attachment":[{"href":"https:\/\/www.opinionpublica.tv\/portada\/wp-json\/wp\/v2\/media?parent=12170"}],"wp:term":[{"taxonomy":"category","embeddable":true,"href":"https:\/\/www.opinionpublica.tv\/portada\/wp-json\/wp\/v2\/categories?post=12170"},{"taxonomy":"post_tag","embeddable":true,"href":"https:\/\/www.opinionpublica.tv\/portada\/wp-json\/wp\/v2\/tags?post=12170"}],"curies":[{"name":"wp","href":"https:\/\/api.w.org\/{rel}","templated":true}]}}