{"id":12158,"date":"2017-03-03T07:00:00","date_gmt":"2017-03-03T06:00:00","guid":{"rendered":"https:\/\/www.opinionpublica.tv\/portada\/2017\/03\/03\/efemerides-3-de-marzo\/"},"modified":"2017-03-03T07:00:00","modified_gmt":"2017-03-03T06:00:00","slug":"efemerides-3-de-marzo","status":"publish","type":"post","link":"https:\/\/www.opinionpublica.tv\/portada\/efemerides-3-de-marzo\/","title":{"rendered":"Efem\u00e9rides 3 de marzo"},"content":{"rendered":"<img fetchpriority=\"high\" decoding=\"async\" class=\" size-full wp-image-12157\" src=\"https:\/\/www.opinionpublica.tv\/portada\/wp-content\/uploads\/2017\/03\/a175c0be183f32a5cac2090aa247d787.jpg\" alt=\"\" class=\"caption\" title=\"Alexander Graham Bell, inventor del tel\u00e9fono.\" width=\"370\" height=\"277\" srcset=\"https:\/\/www.opinionpublica.tv\/portada\/wp-content\/uploads\/2017\/03\/a175c0be183f32a5cac2090aa247d787.jpg 370w, https:\/\/www.opinionpublica.tv\/portada\/wp-content\/uploads\/2017\/03\/a175c0be183f32a5cac2090aa247d787-300x225.jpg 300w\" sizes=\"(max-width: 370px) 100vw, 370px\" \/>\n<p style=\"text-align: justify;\">Un d\u00eda 3 de marzo como hoy, nacieron figuras de la historia como el f\u00edsico e inventor del tel\u00e9fono Alexander Graham Bell, as\u00ed como el fil\u00f3sofo William Godwin, el escritor Bruno Traven, el poeta Celedonio Serrano. Tambi\u00e9n murieron los escritores Jos\u00e9 Joaqu\u00edn Pesado y Marguerite Duras, y los compositores Goffredo Petrassi y Aldo Clementi.<\/p>\n<p><!--more--><\/p>\n<p style=\"text-align: justify;\"><strong>Otras Efem\u00e9rides:<\/strong><\/p>\n<p style=\"text-align: justify;\">1528.- El conquistador Diego de Mazariegos funda la primera poblaci\u00f3n espa\u00f1ola en la regi\u00f3n chiapaneca, a la que impone el nombre de Chiapa de los Indios, hoy Chiapa de Corzo, asentada en la vera del r\u00edo Chiapa.<\/p>\n<p style=\"text-align: justify;\">1703.- Muere el f\u00edsico brit\u00e1nico Robert Hooke, reconocido por formular la teor\u00eda de los movimientos planetarios y la construcci\u00f3n de la primera m\u00e1quina aritm\u00e9tica. Nace el 18 de julio de 1635.<\/p>\n<p style=\"text-align: justify;\">1756.- Nace el fil\u00f3sofo y escritor brit\u00e1nico William Godwin, autor de \u00abUn estudio concerniente a la justicia pol\u00edtica\u00bb, considerado el primer ataque anarquista moderno al concepto de Estado. Muere el 7 de abril de 1836.<\/p>\n<p style=\"text-align: justify;\">1792.- Muere el arquitecto brit\u00e1nico Robert Adam, quien destaca por su convicci\u00f3n de que los interiores de un edificio y su decoraci\u00f3n son el aut\u00e9ntico objetivo de la arquitectura. Nace el 3 de julio de 1728.<\/p>\n<p style=\"text-align: justify;\">1831.- Nace el m\u00e9dico, escritor y pol\u00edtico mexicano Manuel Carmona y Valle. Funge como director de la Facultad de Medicina de la Universidad Nacional de M\u00e9xico y como presidente de la Academia Nacional de Medicina. Muere el 23 de octubre de 1902.<\/p>\n<p style=\"text-align: justify;\">1847.- Nace el f\u00edsico de origen escoc\u00e9s Alexander Graham Bell, quien destaca por su invenci\u00f3n del tel\u00e9fono. Muere el 2 de agosto de 1922, en Nueva Escocia.<\/p>\n<p style=\"text-align: justify;\">1861.- Muere el escritor mexicano Jos\u00e9 Joaqu\u00edn Pesado. Destaca por su poes\u00eda nacionalista y de temas religiosos, como \u00abMois\u00e9s\u00bb y \u00abLa revelaci\u00f3n\u00bb. Primer mexicano en ingresar a la Academia Espa\u00f1ola. Nace el 9 de febrero de 1801.<\/p>\n<p style=\"text-align: justify;\">1875.- Se estrena en Par\u00eds, Francia, la \u00d3pera \u00abCarmen\u00bb, de Georges Bizet, cuyas obras se caracterizan por estar llenas de vida y luminosidad.<\/p>\n<p style=\"text-align: justify;\">1890.- Nace el escritor estadounidense naturalizado mexicano Bruno Traven. Entre sus obras sobresalen \u00abMacario\u00bb, \u00abLa rebeli\u00f3n de los colgados\u00bb, \u00abCanasta de cuentos mexicanos\u00bb, \u00abLa rosablanca\u00bb y \u00abEl tesoro de la Sierra Madre\u00bb. Muere el 26 de marzo de 1969.<\/p>\n<p style=\"text-align: justify;\">1891.- Nace el compositor espa\u00f1ol Federico Moreno Torroba, autor de las zarzuelas \u00abLa mesonera de Tordesillas\u00bb, \u00abLarevoltosa\u00bb y \u00abLa verbena de la palomala\u00bb. Muere el 12 de septiembre de 1982, en Madrid, Espa\u00f1a.<\/p>\n<p style=\"text-align: justify;\">1906.- Nace el escritor sueco Arthur Lundkvist, autor de obras como \u00abSangre de drag\u00f3n\u00bb, \u00abLos nuevos autores americanos\u00bb, \u00abBrasas\u00bb, \u00abVida desnuda\u00bb y \u00abCiudad negra\u00bb, entre otras. Muere el 11 de diciembre de 1991.<\/p>\n<p style=\"text-align: justify;\">1910.- Nace el escritor y pol\u00edtico mexicano Alejandro G\u00f3mez Maganda, quien destaca tambi\u00e9n como orador, literato y abogado; ocupa diversos cargos p\u00fablicos, entre ellos el de gobernador de su natal Guerrero y diplom\u00e1tico. Muere el 14 de septiembre de 1984.<\/p>\n<p style=\"text-align: justify;\">1913.- Nace el poeta mexicano Celedonio Serrano Mart\u00ednez. Se ha distinguido como profesor progresista, catedr\u00e1tico de literatura y escritor. Autor de \u00abEl Coyote\u00bb; la obra infantil \u00abEl cazador y sus perros\u00bb y \u00abEl corrido mexicano no deriv\u00f3 del romance espa\u00f1ol\u00bb. Actualmente vive en Tixtla, Guerrero.<\/p>\n<p style=\"text-align: justify;\">1977.- Muere el educador mexicano Manuel Mario Cerna Castelazo, quien promueve la impartici\u00f3n de la educaci\u00f3n en todo el pa\u00eds, desde el nivel primario hasta el universitario, destaca tambi\u00e9n como literato y escritor de temas pedag\u00f3gicos. Se desconoce su fecha de nacimiento.<\/p>\n<p style=\"text-align: justify;\">1983.- Se suicida el escritor Arthur Koestler, autor de \u00abLos gladiadores\u00bb, \u00abReflexiones sobre la orca\u00bb, \u00abOscuridad a mediod\u00eda\u00bb y \u00abFlecha en el alma\u00bb. Nace el 5 de septiembre de 1905 en Budapest, Hungr\u00eda.<\/p>\n<p style=\"text-align: justify;\">1993.- Muere el f\u00edsico y microbi\u00f3logo estadounidense, de origen polaco Albert Bruce Sabin. Su m\u00e1ximo descubrimiento es la primera vacuna oral contra la poliomielitis. Nace el 26 de agosto de 1906.<\/p>\n<p style=\"text-align: justify;\">1996.- Muere la novelista, dramaturga, guionista y directora francesa, nacida en Indochina, hoy Vietnam, Marguerite Duras. Destaca por sus novelas \u00abEl amante\u00bb, \u00abUn dique contra el Pac\u00edfico\u00bb y el gui\u00f3n para la cinta \u00abHiroshima mi amor\u00bb. Nace el 4 de abril de 1914.<\/p>\n<p style=\"text-align: justify;\">2003.- Muere el compositor italiano Goffredo Petrassi, figura de la m\u00fasica de c\u00e1mara del siglo XX. Autor de \u00abLos Himnos Sacros\u00bb, \u00abLa locura de Orlando\u00bb y el ballet \u00abLe portrait de Don Qujote\u00bb, entre otros. Nace el 16 de julio de 1904.<\/p>\n<p style=\"text-align: justify;\">2006.- El dramaturgo mexicano V\u00edctor Hugo Rasc\u00f3n Banda es galardonado con el Premio Hispanoamericano de las Artes Esc\u00e9nicas, que otorga la Sociedad General de Autores y Editores de Espa\u00f1a, por sus importantes aportaciones al teatro.<\/p>\n<p style=\"text-align: justify;\">2007.- Muere el escritor franc\u00e9s, Henri Troyat, autor de grandes ciclos de novelas y de numerosas biograf\u00edas que hacen de \u00e9l, el autor m\u00e1s le\u00eddo de su \u00e9poca. Su verdadero nombre es Liev Tar\u00e1sov cuyo origen armenio-ruso. Nace el 1 de noviembre de 1911.<\/p>\n<p style=\"text-align: justify;\">2008.- Muere el tenor italiano, Giuseppe Di Stefano, \u00abPippo\u00bb, considerado como el \u00abtenor de la voz m\u00e1s hermosa\u00bb. Comparte escenario con el bar\u00edtono Tito Gobbi y la soprano Maria Callas. Nace el 24 de julio de 1921.<\/p>\n<p style=\"text-align: justify;\">2009.-Muere el poeta y periodista uruguayo Salvador B\u00e9cquer Puig. A lo largo de su trayectoria, tuvo el privilegio de participar en Israel del Congreso de Escritores Iberoamericanos, adem\u00e1s de trabajar durante a\u00f1os como corresponsal para diversas agencias de noticias. Nace el 9 de enero de 1939.<\/p>\n<p style=\"text-align: justify;\">2009.- Muere el arque\u00f3logo e historiador espa\u00f1ol Javier Cortes \u00c1lvarez de Miranda, quien dedicar\u00e1 su vida al estudio de la Villa Romana de La Olmeda, en la cercana Pedrosa de la Vega. Nace el 6 de diciembre de 1929.<\/p>\n<p style=\"text-align: justify;\">2011.-Muere el compositor italiano Aldo Clementi. Autor de una extensa lista de melod\u00edas, entre ellas, \u00abEpisodi\u00bb (1958) para orquesta, \u00abTriplum\u00bb (1960) para flauta, oboe y clarinete y una \u00f3pera teatral titulada \u00abEs\u00bb (1981). Nace el 25 de mayo de 1925.<\/p>\n<p style=\"text-align: justify;\">2011.- Muere el astr\u00f3nomo y cient\u00edfico estadounidense James L. Elliot. Entre sus aportaciones destacan, el descubrimiento de los anillos de Urano y el calentamiento global de Trit\u00f3n, el sat\u00e9lite m\u00e1s grande de Neptuno. Nace el 19 de junio de 1943.<\/p>\n","protected":false},"excerpt":{"rendered":"<p>Un d\u00eda 3 de marzo como hoy, nacieron figuras de la historia como el f\u00edsico e inventor del tel\u00e9fono Alexander Graham Bell, as\u00ed como el fil\u00f3sofo William Godwin, el escritor Bruno Traven, el poeta Celedonio Serrano. Tambi\u00e9n murieron los escritores Jos\u00e9 Joaqu\u00edn Pesado y Marguerite Duras, y los compositores Goffredo Petrassi y Aldo Clementi.<\/p>\n","protected":false},"author":6,"featured_media":12157,"comment_status":"open","ping_status":"open","sticky":false,"template":"","format":"standard","meta":{"_acf_changed":false,"_monsterinsights_skip_tracking":false,"slim_seo":{"title":"Efem\u00e9rides 3 de marzo - Opini\u00f3n P\u00fablica","description":"Un d\u00eda 3 de marzo como hoy, nacieron figuras de la historia como el f\u00edsico e inventor del tel\u00e9fono Alexander Graham Bell, as\u00ed como el fil\u00f3sofo William Godwin, e"},"footnotes":""},"categories":[27],"tags":[],"class_list":["post-12158","post","type-post","status-publish","format-standard","has-post-thumbnail","hentry","category-un-dia-como-hoy"],"acf":[],"_links":{"self":[{"href":"https:\/\/www.opinionpublica.tv\/portada\/wp-json\/wp\/v2\/posts\/12158","targetHints":{"allow":["GET"]}}],"collection":[{"href":"https:\/\/www.opinionpublica.tv\/portada\/wp-json\/wp\/v2\/posts"}],"about":[{"href":"https:\/\/www.opinionpublica.tv\/portada\/wp-json\/wp\/v2\/types\/post"}],"author":[{"embeddable":true,"href":"https:\/\/www.opinionpublica.tv\/portada\/wp-json\/wp\/v2\/users\/6"}],"replies":[{"embeddable":true,"href":"https:\/\/www.opinionpublica.tv\/portada\/wp-json\/wp\/v2\/comments?post=12158"}],"version-history":[{"count":0,"href":"https:\/\/www.opinionpublica.tv\/portada\/wp-json\/wp\/v2\/posts\/12158\/revisions"}],"wp:featuredmedia":[{"embeddable":true,"href":"https:\/\/www.opinionpublica.tv\/portada\/wp-json\/wp\/v2\/media\/12157"}],"wp:attachment":[{"href":"https:\/\/www.opinionpublica.tv\/portada\/wp-json\/wp\/v2\/media?parent=12158"}],"wp:term":[{"taxonomy":"category","embeddable":true,"href":"https:\/\/www.opinionpublica.tv\/portada\/wp-json\/wp\/v2\/categories?post=12158"},{"taxonomy":"post_tag","embeddable":true,"href":"https:\/\/www.opinionpublica.tv\/portada\/wp-json\/wp\/v2\/tags?post=12158"}],"curies":[{"name":"wp","href":"https:\/\/api.w.org\/{rel}","templated":true}]}}