{"id":12109,"date":"2017-02-28T07:00:00","date_gmt":"2017-02-28T06:00:00","guid":{"rendered":"https:\/\/www.opinionpublica.tv\/portada\/2017\/02\/28\/realizan-operativo-mochila-en-planteles-de-bachilleres\/"},"modified":"2017-02-28T07:00:00","modified_gmt":"2017-02-28T06:00:00","slug":"realizan-operativo-mochila-en-planteles-de-bachilleres","status":"publish","type":"post","link":"https:\/\/www.opinionpublica.tv\/portada\/realizan-operativo-mochila-en-planteles-de-bachilleres\/","title":{"rendered":"Realizan operativo mochila en planteles de Bachilleres"},"content":{"rendered":"<p><img fetchpriority=\"high\" decoding=\"async\" class=\" size-full wp-image-12108\" src=\"https:\/\/www.opinionpublica.tv\/portada\/wp-content\/uploads\/2017\/02\/3b1711ebbb9979ec69f852ab31fd489d.jpg\" alt=\"\" width=\"2000\" height=\"1468\" srcset=\"https:\/\/www.opinionpublica.tv\/portada\/wp-content\/uploads\/2017\/02\/3b1711ebbb9979ec69f852ab31fd489d.jpg 2000w, https:\/\/www.opinionpublica.tv\/portada\/wp-content\/uploads\/2017\/02\/3b1711ebbb9979ec69f852ab31fd489d-300x220.jpg 300w, https:\/\/www.opinionpublica.tv\/portada\/wp-content\/uploads\/2017\/02\/3b1711ebbb9979ec69f852ab31fd489d-1024x752.jpg 1024w, https:\/\/www.opinionpublica.tv\/portada\/wp-content\/uploads\/2017\/02\/3b1711ebbb9979ec69f852ab31fd489d-768x564.jpg 768w, https:\/\/www.opinionpublica.tv\/portada\/wp-content\/uploads\/2017\/02\/3b1711ebbb9979ec69f852ab31fd489d-1536x1127.jpg 1536w\" sizes=\"(max-width: 2000px) 100vw, 2000px\" \/><br \/>\n<!--more--><\/p>\n<p style=\"text-align: justify;\">Con el objetivo de prevenir cualquier tipo de il\u00edcito al interior de los planteles del Colegio de Bachilleres,\u00a0y por solicitud de padres de familia, la Fiscal\u00eda General del Estado mediante el grupo canino K9, en conjunto con la Comisi\u00f3n Estatal de los Derechos Humanos, familiares de alumnos y personal de coordinaci\u00f3n del COBACH, realiz\u00f3 el operativo mochila segura en los planteles 11 y 6.<\/p>\n<p style=\"text-align: justify;\">Elementos caninos olfatearon una a una de las mochilas del alumnado en todos los salones de ambos planteles educativos\u00a0desde las ocho de la ma\u00f1ana de este martes.<\/p>\n<p style=\"text-align: justify;\">Como parte de los resultados obtenidos en esta operaci\u00f3n mochila, elementos caninos detectaron un envoltorio sospechoso en una de las ventanas del Plantel 6, mismo que fue asegurado por las autoridades correspondientes para \u00a0inspeccionar su contenido.<\/p>\n<p style=\"text-align: justify;\">Estas acciones que se aplican desde inicio de semestre tanto en Chihuahua como en Ciudad Ju\u00e1rez, forman parte del programa Comunidad Segura en Bachilleres, ayudan a obtener una radiograf\u00eda de la problem\u00e1tica en cada uno de los planteles.<\/p>\n<p style=\"text-align: justify;\">Eduardo Lim\u00f3n Alonso, coordinador de los Colegios de Bachilleres en la Zona Norte, informo que este tipo de operativos se seguir\u00e1n realizando de manera permanente como una medida de prevenci\u00f3n de adicciones y hechos de violencia.<\/p>\n","protected":false},"excerpt":{"rendered":"","protected":false},"author":6,"featured_media":12108,"comment_status":"open","ping_status":"open","sticky":false,"template":"","format":"standard","meta":{"_acf_changed":false,"_monsterinsights_skip_tracking":false,"slim_seo":{"title":"Realizan operativo mochila en planteles de Bachilleres - Opini\u00f3n P\u00fablica","description":"Con el objetivo de prevenir cualquier tipo de il\u00edcito al interior de los planteles del Colegio de Bachilleres,\u00a0y por solicitud de padres de familia, la Fiscal\u00eda"},"footnotes":""},"categories":[5],"tags":[],"class_list":["post-12109","post","type-post","status-publish","format-standard","has-post-thumbnail","hentry","category-frontera"],"acf":[],"_links":{"self":[{"href":"https:\/\/www.opinionpublica.tv\/portada\/wp-json\/wp\/v2\/posts\/12109","targetHints":{"allow":["GET"]}}],"collection":[{"href":"https:\/\/www.opinionpublica.tv\/portada\/wp-json\/wp\/v2\/posts"}],"about":[{"href":"https:\/\/www.opinionpublica.tv\/portada\/wp-json\/wp\/v2\/types\/post"}],"author":[{"embeddable":true,"href":"https:\/\/www.opinionpublica.tv\/portada\/wp-json\/wp\/v2\/users\/6"}],"replies":[{"embeddable":true,"href":"https:\/\/www.opinionpublica.tv\/portada\/wp-json\/wp\/v2\/comments?post=12109"}],"version-history":[{"count":0,"href":"https:\/\/www.opinionpublica.tv\/portada\/wp-json\/wp\/v2\/posts\/12109\/revisions"}],"wp:featuredmedia":[{"embeddable":true,"href":"https:\/\/www.opinionpublica.tv\/portada\/wp-json\/wp\/v2\/media\/12108"}],"wp:attachment":[{"href":"https:\/\/www.opinionpublica.tv\/portada\/wp-json\/wp\/v2\/media?parent=12109"}],"wp:term":[{"taxonomy":"category","embeddable":true,"href":"https:\/\/www.opinionpublica.tv\/portada\/wp-json\/wp\/v2\/categories?post=12109"},{"taxonomy":"post_tag","embeddable":true,"href":"https:\/\/www.opinionpublica.tv\/portada\/wp-json\/wp\/v2\/tags?post=12109"}],"curies":[{"name":"wp","href":"https:\/\/api.w.org\/{rel}","templated":true}]}}