{"id":12088,"date":"2017-02-27T07:00:00","date_gmt":"2017-02-27T06:00:00","guid":{"rendered":"https:\/\/www.opinionpublica.tv\/portada\/2017\/02\/27\/barbosa-apoya-a-amlo-y-da-la-espalda-a-mancera\/"},"modified":"2017-02-27T07:00:00","modified_gmt":"2017-02-27T06:00:00","slug":"barbosa-apoya-a-amlo-y-da-la-espalda-a-mancera","status":"publish","type":"post","link":"https:\/\/www.opinionpublica.tv\/portada\/barbosa-apoya-a-amlo-y-da-la-espalda-a-mancera\/","title":{"rendered":"Barbosa apoya a AMLO y da la espalda al PRD y Mancera"},"content":{"rendered":"<p><img fetchpriority=\"high\" decoding=\"async\" class=\" size-full wp-image-12087\" src=\"https:\/\/www.opinionpublica.tv\/portada\/wp-content\/uploads\/2017\/02\/66ae3b44df0a37556f92af7ffea3bf83.jpg\" alt=\"\" width=\"579\" height=\"374\" srcset=\"https:\/\/www.opinionpublica.tv\/portada\/wp-content\/uploads\/2017\/02\/66ae3b44df0a37556f92af7ffea3bf83.jpg 579w, https:\/\/www.opinionpublica.tv\/portada\/wp-content\/uploads\/2017\/02\/66ae3b44df0a37556f92af7ffea3bf83-300x194.jpg 300w\" sizes=\"(max-width: 579px) 100vw, 579px\" \/><br \/>\n<!--more--><\/p>\n<p style=\"text-align: justify;\">El coordinador del PRD en el Senado, Miguel Barbosa, anunci\u00f3 esta tarde su respaldo a Andr\u00e9s Manuel L\u00f3pez Obrador como candidato a la presidencia de la Rep\u00fablica en 2018.<\/p>\n<p style=\"text-align: justify;\">El perredista manifest\u00f3 que no renunciar\u00e1 al PRD ni se afiliar\u00e1 a Morena, destac\u00f3 que continuar\u00e1 en el partido del\u00a0<em>sol azteca<\/em>\u00a0y desde ah\u00ed buscar\u00e1 que los militantes de ese instituto pol\u00edtico tambi\u00e9n respalden a L\u00f3pez Obrador.<\/p>\n<p style=\"text-align: justify;\">En conferencia de prensa, Barbosa dijo que no apoyar\u00e1 a Miguel \u00c1ngel Mancera porque ha quedado atrapado entre las corrientes internas del partido. Precis\u00f3 que conversar\u00e1 con la dirigencia nacional del PRD sobre esta posici\u00f3n y la coordinaci\u00f3n de la bancada.<\/p>\n<p style=\"text-align: justify;\">Dijo que en breve se vendr\u00e1 una andanada contra L\u00f3pez Obrador, el prop\u00f3sito ser\u00e1 impedir de cualquier forma que el tabasque\u00f1o gane la presidencia en 2018.<\/p>\n<p style=\"text-align: justify;\">Sostuvo que el sistema pol\u00edtico mexicano y su\u00a0<em>establishment\u00a0<\/em>ha decidido cerrar filas para detener a L\u00f3pez Obrador, esto, como subray\u00f3, qued\u00f3 acreditado cuando a los falsos se\u00f1alamientos del gobernador de Veracruz, Miguel \u00c1ngel Yunes Linares, contra el dirigente nacional de Morena se sumaron voces del PRI y del PAN, sus razones obedecen a los riesgos que representa para sus intereses la eventual llegada del exjefe de gobierno al poder p\u00fablico federal.<\/p>\n<p style=\"text-align: justify;\">Apunt\u00f3 que las declaraciones del presidente nacional del PRI, Enrique Ochoa, como la de Yunes Linares, reafirma el papel que desde Los Pinos se ha resuelto jugar\u00e1 su partido en 2018, como parte de la estrategia del sistema pol\u00edtico y de su\u00a0<em>establishment\u00a0<\/em>para apoyar al PAN y su candidato o candidata, es decir, como cab\u00fas de los azules.<\/p>\n","protected":false},"excerpt":{"rendered":"","protected":false},"author":6,"featured_media":12087,"comment_status":"open","ping_status":"open","sticky":false,"template":"","format":"standard","meta":{"_acf_changed":false,"_monsterinsights_skip_tracking":false,"slim_seo":{"title":"Barbosa apoya a AMLO y da la espalda al PRD y Mancera - Opini\u00f3n P\u00fablica","description":"El coordinador del PRD en el Senado, Miguel Barbosa, anunci\u00f3 esta tarde su respaldo a Andr\u00e9s Manuel L\u00f3pez Obrador como candidato a la presidencia de la Rep\u00fablic"},"footnotes":""},"categories":[9],"tags":[],"class_list":["post-12088","post","type-post","status-publish","format-standard","has-post-thumbnail","hentry","category-nacional"],"acf":[],"_links":{"self":[{"href":"https:\/\/www.opinionpublica.tv\/portada\/wp-json\/wp\/v2\/posts\/12088","targetHints":{"allow":["GET"]}}],"collection":[{"href":"https:\/\/www.opinionpublica.tv\/portada\/wp-json\/wp\/v2\/posts"}],"about":[{"href":"https:\/\/www.opinionpublica.tv\/portada\/wp-json\/wp\/v2\/types\/post"}],"author":[{"embeddable":true,"href":"https:\/\/www.opinionpublica.tv\/portada\/wp-json\/wp\/v2\/users\/6"}],"replies":[{"embeddable":true,"href":"https:\/\/www.opinionpublica.tv\/portada\/wp-json\/wp\/v2\/comments?post=12088"}],"version-history":[{"count":0,"href":"https:\/\/www.opinionpublica.tv\/portada\/wp-json\/wp\/v2\/posts\/12088\/revisions"}],"wp:featuredmedia":[{"embeddable":true,"href":"https:\/\/www.opinionpublica.tv\/portada\/wp-json\/wp\/v2\/media\/12087"}],"wp:attachment":[{"href":"https:\/\/www.opinionpublica.tv\/portada\/wp-json\/wp\/v2\/media?parent=12088"}],"wp:term":[{"taxonomy":"category","embeddable":true,"href":"https:\/\/www.opinionpublica.tv\/portada\/wp-json\/wp\/v2\/categories?post=12088"},{"taxonomy":"post_tag","embeddable":true,"href":"https:\/\/www.opinionpublica.tv\/portada\/wp-json\/wp\/v2\/tags?post=12088"}],"curies":[{"name":"wp","href":"https:\/\/api.w.org\/{rel}","templated":true}]}}