{"id":12086,"date":"2017-02-27T07:00:00","date_gmt":"2017-02-27T06:00:00","guid":{"rendered":"https:\/\/www.opinionpublica.tv\/portada\/2017\/02\/27\/dreamer-mexicana-respondera-discurso-de-trump-en-el-congreso\/"},"modified":"2017-02-27T07:00:00","modified_gmt":"2017-02-27T06:00:00","slug":"dreamer-mexicana-respondera-discurso-de-trump-en-el-congreso","status":"publish","type":"post","link":"https:\/\/www.opinionpublica.tv\/portada\/dreamer-mexicana-respondera-discurso-de-trump-en-el-congreso\/","title":{"rendered":"&#8216;Dreamer&#8217; mexicana responder\u00e1 discurso de Trump en el Congreso"},"content":{"rendered":"<p><img fetchpriority=\"high\" decoding=\"async\" class=\" size-full wp-image-12085\" src=\"https:\/\/www.opinionpublica.tv\/portada\/wp-content\/uploads\/2017\/02\/8521dffc9cb65f13c88a5d887dc6bf35.jpg\" alt=\"\" width=\"651\" height=\"400\" srcset=\"https:\/\/www.opinionpublica.tv\/portada\/wp-content\/uploads\/2017\/02\/8521dffc9cb65f13c88a5d887dc6bf35.jpg 651w, https:\/\/www.opinionpublica.tv\/portada\/wp-content\/uploads\/2017\/02\/8521dffc9cb65f13c88a5d887dc6bf35-300x184.jpg 300w\" sizes=\"(max-width: 651px) 100vw, 651px\" \/><br \/>\n<!--more--><\/p>\n<p style=\"text-align: justify;\">La dreamer mexicana Astrid Silva, de 28 a\u00f1os de edad, ser\u00e1 una de las encargadas de responder el discurso que el presidente Donald Trump pronunciar\u00e1 ma\u00f1ana por la noche ante el Congreso de Estados Unidos.<\/p>\n<p style=\"text-align: justify;\">Ella es considerada la imagen ic\u00f3nica de los dreamers desde que el ex presidente Barack Obama la presentara como ejemplo de las penurias que tienen que pasar los migrantes que quieren llegar a Estados Unidos a cumplir el sue\u00f1o americano.<\/p>\n<p style=\"text-align: justify;\">Nacida en Durango, cruz\u00f3 la frontera con cuatro a\u00f1os en una balsa neum\u00e1tica, con solo una mu\u00f1eca en los brazos y desde que cumpli\u00f3 cinco vive en Las Vegas, Nevada, con su familia.<\/p>\n<p style=\"text-align: justify;\">Actualmente es uno de los m\u00e1s de 700 mil beneficiarios del Programa de Acci\u00f3n Diferida para Llegados en la Infancia (DACA) para j\u00f3venes que llegaron sin documentos a Estados Unidos y han crecido en ese pa\u00eds.<\/p>\n<p style=\"text-align: justify;\">El DACA, que se renueva cada dos a\u00f1os, les permite estudiar y trabajar y, en teor\u00eda, los proteje de la deportaci\u00f3n. En julio pasado fue oradora durante la convenci\u00f3n dem\u00f3crata, que eligi\u00f3 como candidata a Hillary Clinton.<\/p>\n<p style=\"text-align: justify;\">Ahora, Silva hablar\u00e1 ante el Congreso de EU para responder el primer discurso que pronunciar\u00e1 Donald Trump en este recinto. Su discurso ocurrir\u00e1 en momentos en que los inmigrantes indocumentados de Estados Unidos son el objetivo de las pol\u00edticas antiinmigrantes del gobierno del magnate, las cuales han sembrado en muchos el temor a ser arrestados y deportados.<\/p>\n<p style=\"text-align: justify;\">\u201cCuando Trump habla de deportar 11 millones de personas, est\u00e1 hablando de destrozar familias\u201d, dijo la mexicana el a\u00f1o pasado durante el evento dem\u00f3crata.<\/p>\n<p style=\"text-align: justify;\">Silva ha dicho que la inmigraci\u00f3n es un asunto importante para los latinos, pero que a la comunidad tambi\u00e9n le importa la atenci\u00f3n de la salud y los derechos de las mujeres.<\/p>\n<p style=\"text-align: justify;\">Su discurso ser\u00e1 en espa\u00f1ol, un desaf\u00edo a una nueva administraci\u00f3n que en sus primeros d\u00edas dio de baja la p\u00e1gina en internet de la Casa Blanca en ese idioma.<\/p>\n<p style=\"text-align: justify;\">Por su parte, el ex gobernador de Kentucky, Steve Beshear, dar\u00e1 la respuesta en ingl\u00e9s del Partido Dem\u00f3crata y se prev\u00e9 que aborde los temas de seguridad social.<\/p>\n","protected":false},"excerpt":{"rendered":"","protected":false},"author":6,"featured_media":12085,"comment_status":"open","ping_status":"open","sticky":false,"template":"","format":"standard","meta":{"_acf_changed":false,"_monsterinsights_skip_tracking":false,"slim_seo":{"title":"'Dreamer' mexicana responder\u00e1 discurso de Trump en el Congreso - Opini\u00f3n P\u00fablica","description":"La dreamer mexicana Astrid Silva, de 28 a\u00f1os de edad, ser\u00e1 una de las encargadas de responder el discurso que el presidente Donald Trump pronunciar\u00e1 ma\u00f1ana por"},"footnotes":""},"categories":[24],"tags":[],"class_list":["post-12086","post","type-post","status-publish","format-standard","has-post-thumbnail","hentry","category-estados-unidos"],"acf":[],"_links":{"self":[{"href":"https:\/\/www.opinionpublica.tv\/portada\/wp-json\/wp\/v2\/posts\/12086","targetHints":{"allow":["GET"]}}],"collection":[{"href":"https:\/\/www.opinionpublica.tv\/portada\/wp-json\/wp\/v2\/posts"}],"about":[{"href":"https:\/\/www.opinionpublica.tv\/portada\/wp-json\/wp\/v2\/types\/post"}],"author":[{"embeddable":true,"href":"https:\/\/www.opinionpublica.tv\/portada\/wp-json\/wp\/v2\/users\/6"}],"replies":[{"embeddable":true,"href":"https:\/\/www.opinionpublica.tv\/portada\/wp-json\/wp\/v2\/comments?post=12086"}],"version-history":[{"count":0,"href":"https:\/\/www.opinionpublica.tv\/portada\/wp-json\/wp\/v2\/posts\/12086\/revisions"}],"wp:featuredmedia":[{"embeddable":true,"href":"https:\/\/www.opinionpublica.tv\/portada\/wp-json\/wp\/v2\/media\/12085"}],"wp:attachment":[{"href":"https:\/\/www.opinionpublica.tv\/portada\/wp-json\/wp\/v2\/media?parent=12086"}],"wp:term":[{"taxonomy":"category","embeddable":true,"href":"https:\/\/www.opinionpublica.tv\/portada\/wp-json\/wp\/v2\/categories?post=12086"},{"taxonomy":"post_tag","embeddable":true,"href":"https:\/\/www.opinionpublica.tv\/portada\/wp-json\/wp\/v2\/tags?post=12086"}],"curies":[{"name":"wp","href":"https:\/\/api.w.org\/{rel}","templated":true}]}}