{"id":12084,"date":"2017-02-27T07:00:00","date_gmt":"2017-02-27T06:00:00","guid":{"rendered":"https:\/\/www.opinionpublica.tv\/portada\/2017\/02\/27\/presenta-cuauhtemoc-cardenas-plan-nacional-contra-trump\/"},"modified":"2017-02-27T07:00:00","modified_gmt":"2017-02-27T06:00:00","slug":"presenta-cuauhtemoc-cardenas-plan-nacional-contra-trump","status":"publish","type":"post","link":"https:\/\/www.opinionpublica.tv\/portada\/presenta-cuauhtemoc-cardenas-plan-nacional-contra-trump\/","title":{"rendered":"Presenta Cuauht\u00e9moc C\u00e1rdenas plan nacional contra Trump"},"content":{"rendered":"<p><img fetchpriority=\"high\" decoding=\"async\" class=\" size-full wp-image-12083\" src=\"https:\/\/www.opinionpublica.tv\/portada\/wp-content\/uploads\/2017\/02\/870fd06ba44a1a7ab97c11feffa868e9.jpg\" alt=\"\" width=\"664\" height=\"498\" srcset=\"https:\/\/www.opinionpublica.tv\/portada\/wp-content\/uploads\/2017\/02\/870fd06ba44a1a7ab97c11feffa868e9.jpg 664w, https:\/\/www.opinionpublica.tv\/portada\/wp-content\/uploads\/2017\/02\/870fd06ba44a1a7ab97c11feffa868e9-300x225.jpg 300w\" sizes=\"(max-width: 664px) 100vw, 664px\" \/><br \/>\n<!--more--><\/p>\n<p style=\"text-align: justify;\">Cuauht\u00e9moc C\u00e1rdenas y un grupo de acad\u00e9micos intelectuales de la Universidad Nacional Aut\u00f3noma de M\u00e9xico (UNAM) presentaron un plan nacional ante la coyuntura cr\u00edtica que enfrenta el pa\u00eds frente al gobierno de estadounidense de Donald Trump y urgieron a un cambio en el modelo de desarrollo nacional.<\/p>\n<p style=\"text-align: justify;\">En la Universidad del Claustro de Sor Juana, C\u00e1rdenas Sol\u00f3rzano deline\u00f3 los ejes para enfrentar la nueva coyuntura nacional frente al discurso, las acciones y agresiones del mandatario de Estados Unidos.<\/p>\n<p style=\"text-align: justify;\">Acompa\u00f1ado por\u00a0acad\u00e9micos y especialistas, expuso que se requiere un cambio de modelo de desarrollo nacional que permita una pol\u00edtica industrial, m\u00e1s all\u00e1 del modelo maquilador, la recuperaci\u00f3n del salario y un combate frontal a temas como el aumento de la inseguridad, delincuencia, corrupci\u00f3n e impunidad.<\/p>\n<p style=\"text-align: justify;\">El exjefe de gobierno de la Ciudad de M\u00e9xico expuso que este nuevo modelo de desarrollo para enfrentar a las pol\u00edticas del gobierno de Estados Unidos que han ahuyentado inversiones y est\u00e1n deportando masivamente a los migrantes debe estar basado en una econom\u00eda que crezca y en la generaci\u00f3n de empleos formales y bien pagados.<\/p>\n<p style=\"text-align: justify;\">Dijo que adem\u00e1s de la defensa jur\u00eddica de los mexicanos que viven en el pa\u00eds del norte, se debe pensar en un nuevo modelo econ\u00f3mico en el pa\u00eds que evite la expulsi\u00f3n de migrantes y que los que sean deportados tengan oportunidades reales de empleo y bienestar en M\u00e9xico.<\/p>\n<p style=\"text-align: justify;\">Cuauht\u00e9moc C\u00e1rdenas consider\u00f3 que el nuevo modelo de desarrollo debe aprovechar el desarrollo de los recursos naturales, comentar la industrializaci\u00f3n y dale un valor agregado al petr\u00f3leo y a los minerales.<\/p>\n<p style=\"text-align: justify;\">A su vez, el intelectual Rolando Cordera plante\u00f3 la creaci\u00f3n de una red universitaria por el desarrollo y en defensa del bienestar nacional.<\/p>\n<p style=\"text-align: justify;\">Indic\u00f3 que lo que est\u00e1 en juego frente al gobierno de Donald Trump es el inter\u00e9s nacional y no solo amenaza a grupos o regiones del pa\u00eds.<\/p>\n<p style=\"text-align: justify;\">A su vez, la rectora de la Universidad del Claustro de Sor Juana, Carmen L\u00f3pez-Portillo Romano, destac\u00f3 la necesidad que desde las universidades impulsan la cr\u00edtica y la recepci\u00f3n para buscar cambiar la realidad \u201cbrutal que se vive en estos momentos por las pol\u00edticas del gobierno estadunidense\u201d.<\/p>\n<p style=\"text-align: justify;\">Con informaci\u00f3n de Exc\u00e9lsior.<\/p>\n","protected":false},"excerpt":{"rendered":"","protected":false},"author":6,"featured_media":12083,"comment_status":"open","ping_status":"open","sticky":false,"template":"","format":"standard","meta":{"_acf_changed":false,"_monsterinsights_skip_tracking":false,"slim_seo":{"title":"Presenta Cuauht\u00e9moc C\u00e1rdenas plan nacional contra Trump - Opini\u00f3n P\u00fablica","description":"Cuauht\u00e9moc C\u00e1rdenas y un grupo de acad\u00e9micos intelectuales de la Universidad Nacional Aut\u00f3noma de M\u00e9xico (UNAM) presentaron un plan nacional ante la coyuntura c"},"footnotes":""},"categories":[11],"tags":[],"class_list":["post-12084","post","type-post","status-publish","format-standard","has-post-thumbnail","hentry","category-tendencias"],"acf":[],"_links":{"self":[{"href":"https:\/\/www.opinionpublica.tv\/portada\/wp-json\/wp\/v2\/posts\/12084","targetHints":{"allow":["GET"]}}],"collection":[{"href":"https:\/\/www.opinionpublica.tv\/portada\/wp-json\/wp\/v2\/posts"}],"about":[{"href":"https:\/\/www.opinionpublica.tv\/portada\/wp-json\/wp\/v2\/types\/post"}],"author":[{"embeddable":true,"href":"https:\/\/www.opinionpublica.tv\/portada\/wp-json\/wp\/v2\/users\/6"}],"replies":[{"embeddable":true,"href":"https:\/\/www.opinionpublica.tv\/portada\/wp-json\/wp\/v2\/comments?post=12084"}],"version-history":[{"count":0,"href":"https:\/\/www.opinionpublica.tv\/portada\/wp-json\/wp\/v2\/posts\/12084\/revisions"}],"wp:featuredmedia":[{"embeddable":true,"href":"https:\/\/www.opinionpublica.tv\/portada\/wp-json\/wp\/v2\/media\/12083"}],"wp:attachment":[{"href":"https:\/\/www.opinionpublica.tv\/portada\/wp-json\/wp\/v2\/media?parent=12084"}],"wp:term":[{"taxonomy":"category","embeddable":true,"href":"https:\/\/www.opinionpublica.tv\/portada\/wp-json\/wp\/v2\/categories?post=12084"},{"taxonomy":"post_tag","embeddable":true,"href":"https:\/\/www.opinionpublica.tv\/portada\/wp-json\/wp\/v2\/tags?post=12084"}],"curies":[{"name":"wp","href":"https:\/\/api.w.org\/{rel}","templated":true}]}}