{"id":12080,"date":"2017-02-27T07:00:00","date_gmt":"2017-02-27T06:00:00","guid":{"rendered":"https:\/\/www.opinionpublica.tv\/portada\/2017\/02\/27\/spacex-llevara-a-dos-turistas-alrededor-de-la-luna-en-2018\/"},"modified":"2017-02-27T07:00:00","modified_gmt":"2017-02-27T06:00:00","slug":"spacex-llevara-a-dos-turistas-alrededor-de-la-luna-en-2018","status":"publish","type":"post","link":"https:\/\/www.opinionpublica.tv\/portada\/spacex-llevara-a-dos-turistas-alrededor-de-la-luna-en-2018\/","title":{"rendered":"SpaceX llevar\u00e1 a dos turistas alrededor de la Luna en 2018"},"content":{"rendered":"<p><img fetchpriority=\"high\" decoding=\"async\" class=\" size-full wp-image-12079\" src=\"https:\/\/www.opinionpublica.tv\/portada\/wp-content\/uploads\/2017\/02\/f44c193e7d479ca3bf22850666474a1c.jpg\" alt=\"\" width=\"762\" height=\"424\" srcset=\"https:\/\/www.opinionpublica.tv\/portada\/wp-content\/uploads\/2017\/02\/f44c193e7d479ca3bf22850666474a1c.jpg 762w, https:\/\/www.opinionpublica.tv\/portada\/wp-content\/uploads\/2017\/02\/f44c193e7d479ca3bf22850666474a1c-300x167.jpg 300w\" sizes=\"(max-width: 762px) 100vw, 762px\" \/><br \/>\n<!--more--><\/p>\n<p style=\"text-align: justify;\">Dos turistas aventureros\u00a0le pagaron a\u00a0SpaceX para hacer un viaje alrededor de la Luna el pr\u00f3ximo a\u00f1o.\u00a0El CEO de SpaceX, Elon Musk, anunci\u00f3 el lunes por la tarde que los turistas espaciales ya han depositado un importante monto\u00a0para el viaje. Los viajeros se someter\u00e1n a pruebas de aptitud f\u00edsica y empezar\u00e1n a entrenarse a finales de este a\u00f1o.<\/p>\n<p style=\"text-align: justify;\">\u00abAl igual que los astronautas de Apolo antes que ellos, estos individuos viajar\u00e1n al espacio llevando las esperanzas y los sue\u00f1os de toda la humanidad, impulsados por el esp\u00edritu humano universal de la exploraci\u00f3n\u00bb, dijo SpaceX en un blog.<\/p>\n<p style=\"text-align: justify;\">Para despegar, SpaceX usar\u00e1 la misma plataforma de lanzamiento cerca de Cabo Ca\u00f1averal, Florida, que fue utilizada para las misiones de los programas de Apolo.<\/p>\n<p style=\"text-align: justify;\">La compa\u00f1\u00eda no espera que esto sea una misi\u00f3n \u00fanica. SpaceX dijo que otras personas han expresado un fuerte inter\u00e9s en hacer el viaje. Los nombres de los dos primeros viajeros no han sido divulgados. Probablemente est\u00e1n pagando millones de d\u00f3lares por la aventura.<\/p>\n<p style=\"text-align: justify;\">A modo de comparaci\u00f3n, los turistas espaciales han pagado previamente al gobierno de Rusia m\u00e1s de 20 millones de d\u00f3lares por un viaje a la Estaci\u00f3n Espacial Internacional. SpaceX no ha revelado p\u00fablicamente el precio de su viaje.<\/p>\n<p style=\"text-align: justify;\">\u00abEl pr\u00f3ximo a\u00f1o va a ser un gran a\u00f1o para llevar a la gente a la Estaci\u00f3n Espacial y es de esperar que m\u00e1s all\u00e1\u00bb, dijo Musk en una conferencia telef\u00f3nica con los periodistas.<\/p>\n<p style=\"text-align: justify;\">Con informaci\u00f3n de CNN.<\/p>\n","protected":false},"excerpt":{"rendered":"","protected":false},"author":6,"featured_media":12079,"comment_status":"open","ping_status":"open","sticky":false,"template":"","format":"standard","meta":{"_acf_changed":false,"_monsterinsights_skip_tracking":false,"slim_seo":{"title":"SpaceX llevar\u00e1 a dos turistas alrededor de la Luna en 2018 - Opini\u00f3n P\u00fablica","description":"Dos turistas aventureros\u00a0le pagaron a\u00a0SpaceX para hacer un viaje alrededor de la Luna el pr\u00f3ximo a\u00f1o.\u00a0El CEO de SpaceX, Elon Musk, anunci\u00f3 el lunes por la tarde"},"footnotes":""},"categories":[22],"tags":[],"class_list":["post-12080","post","type-post","status-publish","format-standard","has-post-thumbnail","hentry","category-ciencia-y-tecnologia"],"acf":[],"_links":{"self":[{"href":"https:\/\/www.opinionpublica.tv\/portada\/wp-json\/wp\/v2\/posts\/12080","targetHints":{"allow":["GET"]}}],"collection":[{"href":"https:\/\/www.opinionpublica.tv\/portada\/wp-json\/wp\/v2\/posts"}],"about":[{"href":"https:\/\/www.opinionpublica.tv\/portada\/wp-json\/wp\/v2\/types\/post"}],"author":[{"embeddable":true,"href":"https:\/\/www.opinionpublica.tv\/portada\/wp-json\/wp\/v2\/users\/6"}],"replies":[{"embeddable":true,"href":"https:\/\/www.opinionpublica.tv\/portada\/wp-json\/wp\/v2\/comments?post=12080"}],"version-history":[{"count":0,"href":"https:\/\/www.opinionpublica.tv\/portada\/wp-json\/wp\/v2\/posts\/12080\/revisions"}],"wp:featuredmedia":[{"embeddable":true,"href":"https:\/\/www.opinionpublica.tv\/portada\/wp-json\/wp\/v2\/media\/12079"}],"wp:attachment":[{"href":"https:\/\/www.opinionpublica.tv\/portada\/wp-json\/wp\/v2\/media?parent=12080"}],"wp:term":[{"taxonomy":"category","embeddable":true,"href":"https:\/\/www.opinionpublica.tv\/portada\/wp-json\/wp\/v2\/categories?post=12080"},{"taxonomy":"post_tag","embeddable":true,"href":"https:\/\/www.opinionpublica.tv\/portada\/wp-json\/wp\/v2\/tags?post=12080"}],"curies":[{"name":"wp","href":"https:\/\/api.w.org\/{rel}","templated":true}]}}