{"id":12076,"date":"2017-02-27T07:00:00","date_gmt":"2017-02-27T06:00:00","guid":{"rendered":"https:\/\/www.opinionpublica.tv\/portada\/2017\/02\/27\/se-casan-mas-de-mil-parejas-en-boda-colectiva-en-juarez\/"},"modified":"2017-02-27T07:00:00","modified_gmt":"2017-02-27T06:00:00","slug":"se-casan-mas-de-mil-parejas-en-boda-colectiva-en-juarez","status":"publish","type":"post","link":"https:\/\/www.opinionpublica.tv\/portada\/se-casan-mas-de-mil-parejas-en-boda-colectiva-en-juarez\/","title":{"rendered":"Se casan m\u00e1s de mil parejas en boda colectiva en Ju\u00e1rez"},"content":{"rendered":"<p><img fetchpriority=\"high\" decoding=\"async\" class=\" size-full wp-image-12075\" src=\"https:\/\/www.opinionpublica.tv\/portada\/wp-content\/uploads\/2017\/02\/4cee3cc38315b62f5ddc7f2f8cef0d10-scaled.jpg\" alt=\"\" width=\"2560\" height=\"1707\" srcset=\"https:\/\/www.opinionpublica.tv\/portada\/wp-content\/uploads\/2017\/02\/4cee3cc38315b62f5ddc7f2f8cef0d10-scaled.jpg 2560w, https:\/\/www.opinionpublica.tv\/portada\/wp-content\/uploads\/2017\/02\/4cee3cc38315b62f5ddc7f2f8cef0d10-300x200.jpg 300w\" sizes=\"(max-width: 2560px) 100vw, 2560px\" \/><br \/>\n<!--more--><\/p>\n<p style=\"text-align: justify;\">En una ceremonia encabezada por el Gobernador del Estado, Javier Corral Jurado, mil 52 parejas de Ciudad Ju\u00e1rez se casaron jur\u00eddicamente a trav\u00e9s del programa \u201cMatrimonios Colectivos 2017\u201d.<\/p>\n<p style=\"text-align: justify;\">Fue en las instalaciones del Gimnasio Universitario, donde un total de 2 mil 104 personas decidieron contraer nupcias con su pareja.<\/p>\n<p style=\"text-align: justify;\">El gobernador del Estado, Javier Corral Jurado, manifest\u00f3 frente a cientos de presentes que en estos tiempos donde es tan necesario el amor, la compresi\u00f3n y el compa\u00f1erismo, del uno con el otro, \u201cEs el amor el sentimiento que puede convertir favorablemente al mundo a escenario de paz, concordia y justicia.<\/p>\n<p style=\"text-align: justify;\">\u201cEl compromiso que hoy asumen es tambi\u00e9n un reto de responsabilidad con el otro. No tengan duda de que tendr\u00e1n maravillosos tiempos de felicidad, pero no faltaran los tiempos dif\u00edciles, donde saldr\u00e1n a flote la fortaleza y la uni\u00f3n en que est\u00e1 basado el matrimonio y es fundamental la comprensi\u00f3n y la empat\u00eda\u201d, dijo.<\/p>\n<p style=\"text-align: justify;\">Corral se\u00f1al\u00f3 que hacer pareja significa tener sue\u00f1os comunes y que se materializan en los retos cotidianos que la vida pone en el camino, pero tambi\u00e9n los convierte en esa c\u00e9lula llamada familia.<\/p>\n<p style=\"text-align: justify;\">\u201cLa familia es el n\u00facleo de la sociedad y tienen la oportunidad de educar a hombres y mujeres de bien y con deseos de contribuir a la sociedad. Esos principios y valores se inculcan en el d\u00eda a d\u00eda de la familia. Los matrimonios nos dan la oportunidad de destacar que la equidad de g\u00e9nero sea una realidad. Es desde la casa que tenemos la oportunidad de gestar con ejemplo, donde brille la igualdad de g\u00e9nero, donde haya absoluto respeto\u201d, agreg\u00f3 el mandatario estatal.<\/p>\n","protected":false},"excerpt":{"rendered":"","protected":false},"author":6,"featured_media":12075,"comment_status":"open","ping_status":"open","sticky":false,"template":"","format":"standard","meta":{"_acf_changed":false,"_monsterinsights_skip_tracking":false,"slim_seo":{"title":"Se casan m\u00e1s de mil parejas en boda colectiva en Ju\u00e1rez - Opini\u00f3n P\u00fablica","description":"En una ceremonia encabezada por el Gobernador del Estado, Javier Corral Jurado, mil 52 parejas de Ciudad Ju\u00e1rez se casaron jur\u00eddicamente a trav\u00e9s del programa \u201c"},"footnotes":""},"categories":[5],"tags":[],"class_list":["post-12076","post","type-post","status-publish","format-standard","has-post-thumbnail","hentry","category-frontera"],"acf":[],"_links":{"self":[{"href":"https:\/\/www.opinionpublica.tv\/portada\/wp-json\/wp\/v2\/posts\/12076","targetHints":{"allow":["GET"]}}],"collection":[{"href":"https:\/\/www.opinionpublica.tv\/portada\/wp-json\/wp\/v2\/posts"}],"about":[{"href":"https:\/\/www.opinionpublica.tv\/portada\/wp-json\/wp\/v2\/types\/post"}],"author":[{"embeddable":true,"href":"https:\/\/www.opinionpublica.tv\/portada\/wp-json\/wp\/v2\/users\/6"}],"replies":[{"embeddable":true,"href":"https:\/\/www.opinionpublica.tv\/portada\/wp-json\/wp\/v2\/comments?post=12076"}],"version-history":[{"count":0,"href":"https:\/\/www.opinionpublica.tv\/portada\/wp-json\/wp\/v2\/posts\/12076\/revisions"}],"wp:featuredmedia":[{"embeddable":true,"href":"https:\/\/www.opinionpublica.tv\/portada\/wp-json\/wp\/v2\/media\/12075"}],"wp:attachment":[{"href":"https:\/\/www.opinionpublica.tv\/portada\/wp-json\/wp\/v2\/media?parent=12076"}],"wp:term":[{"taxonomy":"category","embeddable":true,"href":"https:\/\/www.opinionpublica.tv\/portada\/wp-json\/wp\/v2\/categories?post=12076"},{"taxonomy":"post_tag","embeddable":true,"href":"https:\/\/www.opinionpublica.tv\/portada\/wp-json\/wp\/v2\/tags?post=12076"}],"curies":[{"name":"wp","href":"https:\/\/api.w.org\/{rel}","templated":true}]}}