{"id":12068,"date":"2017-02-27T07:00:00","date_gmt":"2017-02-27T06:00:00","guid":{"rendered":"https:\/\/www.opinionpublica.tv\/portada\/2017\/02\/27\/plan-migratorio-mas-caro-de-lo-estimado-nyt\/"},"modified":"2017-02-27T07:00:00","modified_gmt":"2017-02-27T06:00:00","slug":"plan-migratorio-mas-caro-de-lo-estimado-nyt","status":"publish","type":"post","link":"https:\/\/www.opinionpublica.tv\/portada\/plan-migratorio-mas-caro-de-lo-estimado-nyt\/","title":{"rendered":"Plan migratorio, m\u00e1s caro de lo estimado: New York Times"},"content":{"rendered":"<p><img fetchpriority=\"high\" decoding=\"async\" class=\" size-full wp-image-12067\" src=\"https:\/\/www.opinionpublica.tv\/portada\/wp-content\/uploads\/2017\/02\/8d14ee98a9f35077c929a80581b8a292.jpg\" alt=\"\" width=\"664\" height=\"498\" srcset=\"https:\/\/www.opinionpublica.tv\/portada\/wp-content\/uploads\/2017\/02\/8d14ee98a9f35077c929a80581b8a292.jpg 664w, https:\/\/www.opinionpublica.tv\/portada\/wp-content\/uploads\/2017\/02\/8d14ee98a9f35077c929a80581b8a292-300x225.jpg 300w\" sizes=\"(max-width: 664px) 100vw, 664px\" \/><br \/>\n<!--more--><\/p>\n<p style=\"text-align: justify;\">El\u00a0costo del plan de Donald Trump de deportar a millones de indocumentados es mayor del estimado, asegura un informe del diario\u00a0<em>The New York Times\u00a0<\/em>(<em>NYT<\/em>).<\/p>\n<p style=\"text-align: justify;\">El costo econ\u00f3mico del plan del Presidente es \u201cprofundamente vergonzoso y choca con lo verdaderamente est\u00fapido\u201d, se\u00f1al\u00f3.<\/p>\n<p style=\"text-align: justify;\">En su editorial, el diario destac\u00f3 que el gobierno gasta m\u00e1s cada a\u00f1o en la aplicaci\u00f3n de la inmigraci\u00f3n \u2013a trav\u00e9s de la Oficina de Inmigraci\u00f3n y Aduanas (ICE) y la Patrulla Fronteriza\u2013 que en todas las otras agencias federales de aplicaci\u00f3n de la ley combinadas.<\/p>\n<p style=\"text-align: justify;\">El total aument\u00f3 a 2016 a m\u00e1s de 19 mil millones de d\u00f3lares al a\u00f1o, y m\u00e1s de 306 mil millones en total desde 1986. Esto excede la suma de todos los gastos para el FBI, la DEA, el Servicio Secreto, el Servicio de Alguaciles y la Oficina de Alcohol, Tabaco, Armas de Fuego y Explosivos.<\/p>\n<p style=\"text-align: justify;\">La ICE y la Patrulla Fronteriza ya remiten m\u00e1s casos de enjuiciamiento que todo el Departamento de Justicia, y el n\u00famero de personas que detienen cada a\u00f1o (m\u00e1s de 400 mil) es mayor que el n\u00famero de reclusos en poder de la Oficina Federal de Prisiones para todos los dem\u00e1s delitos federales, anot\u00f3.<\/p>\n<p style=\"text-align: justify;\">Trump y el secretario de Seguridad Interna, John Kelly, quieren m\u00e1s, advirti\u00f3 el rotativo. El tama\u00f1o de la Patrulla Fronteriza se duplic\u00f3 en la d\u00e9cada de 1990 y se duplic\u00f3 potra vez tras los atentados del 11 de septiembre de 2001.<\/p>\n<p style=\"text-align: justify;\">Y Trump cumpli\u00f3 con una promesa de ampliar la patrulla y triplicar el tama\u00f1o de la ICE. El\u00a0<em>NYT<\/em>\u00a0refiri\u00f3 que Kelly lo ha obligado. Sus memorandos de aplicaci\u00f3n anunciados la semana pasada buscan aumentar la fuerza de 10 mil oficiales de ICE y cinco mil agentes de la Patrulla Fronteriza.<\/p>\n<p style=\"text-align: justify;\">\u201cTambi\u00e9n se dej\u00f3 entrever que movilizar\u00eda a 100 mil tropas de la Guardia Nacional en un esfuerzo que tendr\u00eda un costo que Trump no se ha molestado en revisar\u201d, consider\u00f3.<\/p>\n<p style=\"text-align: justify;\">En 2009, la Oficina de Responsabilidad del gobierno estim\u00f3 el costo de la valla existente entre 2.8 y 3.9 millones de d\u00f3lares por milla (1.6 kil\u00f3metros) , pero eso fue para los tramos f\u00e1ciles.<\/p>\n<p style=\"text-align: justify;\">Las estimaciones del precio total de la gran muralla de Trump var\u00edan. \u00c9l dijo que costar\u00eda 8 mil millones de d\u00f3lares, luego cambi\u00f3 eso a 10 mil millones y 12 mil<br \/> millones de d\u00f3lares.<\/p>\n<p style=\"text-align: justify;\">De acuerdo con el rotativo, en octubre Technology Review se\u00f1al\u00f3 que la cifra real pas\u00f3 de 27 mil millones a 40 mil millones de d\u00f3lares para mil 600 kil\u00f3metros.<\/p>\n<p style=\"text-align: justify;\">Adem\u00e1s, el inspector general de Seguridad Interior report\u00f3 en 2014 que la Patrulla Fronteriza gast\u00f3 360 millones de d\u00f3lares en ocho a\u00f1os en drones, pero encontr\u00f3 \u201cpoca o ninguna evidencia\u201d de que hicieran m\u00e1s segura<br \/> la frontera.<\/p>\n<p style=\"text-align: justify;\">Y el Foro de Acci\u00f3n de EU estim\u00f3 el a\u00f1o pasado que expulsar a todos los inmigrantes ilegales, y mantenerlos fuera, costar\u00eda de 400 a 600 mil millones de d\u00f3lares y reducir\u00eda el PIB en mil millones de d\u00f3lares.<\/p>\n<p style=\"text-align: justify;\">El\u00a0<em>NYT<\/em>\u00a0escribi\u00f3 que es rid\u00edculo tener que explicar esto al Presidente, pero si saca a una poblaci\u00f3n de 11 millones de personas del pa\u00eds la econom\u00eda no ser\u00e1 m\u00e1s saludable.<\/p>\n","protected":false},"excerpt":{"rendered":"","protected":false},"author":6,"featured_media":12067,"comment_status":"open","ping_status":"open","sticky":false,"template":"","format":"standard","meta":{"_acf_changed":false,"_monsterinsights_skip_tracking":false,"slim_seo":{"title":"Plan migratorio, m\u00e1s caro de lo estimado: New York Times - Opini\u00f3n P\u00fablica","description":"El\u00a0costo del plan de Donald Trump de deportar a millones de indocumentados es mayor del estimado, asegura un informe del diario\u00a0 The New York Times\u00a0 ( NYT ). El"},"footnotes":""},"categories":[24],"tags":[],"class_list":["post-12068","post","type-post","status-publish","format-standard","has-post-thumbnail","hentry","category-estados-unidos"],"acf":[],"_links":{"self":[{"href":"https:\/\/www.opinionpublica.tv\/portada\/wp-json\/wp\/v2\/posts\/12068","targetHints":{"allow":["GET"]}}],"collection":[{"href":"https:\/\/www.opinionpublica.tv\/portada\/wp-json\/wp\/v2\/posts"}],"about":[{"href":"https:\/\/www.opinionpublica.tv\/portada\/wp-json\/wp\/v2\/types\/post"}],"author":[{"embeddable":true,"href":"https:\/\/www.opinionpublica.tv\/portada\/wp-json\/wp\/v2\/users\/6"}],"replies":[{"embeddable":true,"href":"https:\/\/www.opinionpublica.tv\/portada\/wp-json\/wp\/v2\/comments?post=12068"}],"version-history":[{"count":0,"href":"https:\/\/www.opinionpublica.tv\/portada\/wp-json\/wp\/v2\/posts\/12068\/revisions"}],"wp:featuredmedia":[{"embeddable":true,"href":"https:\/\/www.opinionpublica.tv\/portada\/wp-json\/wp\/v2\/media\/12067"}],"wp:attachment":[{"href":"https:\/\/www.opinionpublica.tv\/portada\/wp-json\/wp\/v2\/media?parent=12068"}],"wp:term":[{"taxonomy":"category","embeddable":true,"href":"https:\/\/www.opinionpublica.tv\/portada\/wp-json\/wp\/v2\/categories?post=12068"},{"taxonomy":"post_tag","embeddable":true,"href":"https:\/\/www.opinionpublica.tv\/portada\/wp-json\/wp\/v2\/tags?post=12068"}],"curies":[{"name":"wp","href":"https:\/\/api.w.org\/{rel}","templated":true}]}}