{"id":12064,"date":"2017-02-27T07:00:00","date_gmt":"2017-02-27T06:00:00","guid":{"rendered":"https:\/\/www.opinionpublica.tv\/portada\/2017\/02\/27\/mexico-pondra-fin-al-tlc-si-eu-propone-aranceles-asegura-guajardo\/"},"modified":"2017-02-27T07:00:00","modified_gmt":"2017-02-27T06:00:00","slug":"mexico-pondra-fin-al-tlc-si-eu-propone-aranceles-asegura-guajardo","status":"publish","type":"post","link":"https:\/\/www.opinionpublica.tv\/portada\/mexico-pondra-fin-al-tlc-si-eu-propone-aranceles-asegura-guajardo\/","title":{"rendered":"M\u00e9xico pondr\u00e1 fin al TLC si EU propone aranceles: Guajardo"},"content":{"rendered":"<p><img fetchpriority=\"high\" decoding=\"async\" class=\" size-full wp-image-12063\" src=\"https:\/\/www.opinionpublica.tv\/portada\/wp-content\/uploads\/2017\/02\/e832229497fb2577ef7a5704e6a736dd.jpg\" alt=\"\" width=\"600\" height=\"330\" srcset=\"https:\/\/www.opinionpublica.tv\/portada\/wp-content\/uploads\/2017\/02\/e832229497fb2577ef7a5704e6a736dd.jpg 600w, https:\/\/www.opinionpublica.tv\/portada\/wp-content\/uploads\/2017\/02\/e832229497fb2577ef7a5704e6a736dd-300x165.jpg 300w\" sizes=\"(max-width: 600px) 100vw, 600px\" \/><br \/>\n<!--more--><\/p>\n<p style=\"text-align: justify;\">El secretario de Econom\u00eda de M\u00e9xico, Ildefonso Guajardo, advirti\u00f3 que su pa\u00eds romper\u00e1 negociaciones sobre el Tratado de Libre Comercio de Am\u00e9rica del Norte (TLCAN) si Estados Unidos propone aranceles a productos mexicanos, inform\u00f3 este lunes la agencia de noticias Bloomberg.<\/p>\n<p style=\"text-align: justify;\">\u201cEn el momento en que digan: \u2018Vamos a fijar un arancel del 20% a los autos\u00b4, me levanto de la mesa\u201d, dijo Guajardo a Bloomberg en una entrevista.<\/p>\n<p style=\"text-align: justify;\">El presidente de Estados Unidos, Donald Trump, ha prometido abandonar el TLCAN, el acuerdo comercial vigente desde 1994, que tambi\u00e9n incluye a Canad\u00e1, si no puede renegociarlo para obtener m\u00e1s beneficios para su pa\u00eds, aumentando el riesgo de un gran choque econ\u00f3mico para M\u00e9xico.<\/p>\n<p style=\"text-align: justify;\">M\u00e9xico, que se prepara para discutir posibles cambios a algunas reglas comerciales bajo el TLCAN, ha expresado su confianza de que Trump no podr\u00e1 imponer fuertes barreras a las importaciones en el corto plazo.<\/p>\n<p style=\"text-align: justify;\">Con informaci\u00f3n de<em> El Economista.<\/em><\/p>\n","protected":false},"excerpt":{"rendered":"","protected":false},"author":6,"featured_media":12063,"comment_status":"open","ping_status":"open","sticky":false,"template":"","format":"standard","meta":{"_acf_changed":false,"_monsterinsights_skip_tracking":false,"slim_seo":{"title":"M\u00e9xico pondr\u00e1 fin al TLC si EU propone aranceles: Guajardo - Opini\u00f3n P\u00fablica","description":"El secretario de Econom\u00eda de M\u00e9xico, Ildefonso Guajardo, advirti\u00f3 que su pa\u00eds romper\u00e1 negociaciones sobre el Tratado de Libre Comercio de Am\u00e9rica del Norte (TLC"},"footnotes":""},"categories":[9],"tags":[],"class_list":["post-12064","post","type-post","status-publish","format-standard","has-post-thumbnail","hentry","category-nacional"],"acf":[],"_links":{"self":[{"href":"https:\/\/www.opinionpublica.tv\/portada\/wp-json\/wp\/v2\/posts\/12064","targetHints":{"allow":["GET"]}}],"collection":[{"href":"https:\/\/www.opinionpublica.tv\/portada\/wp-json\/wp\/v2\/posts"}],"about":[{"href":"https:\/\/www.opinionpublica.tv\/portada\/wp-json\/wp\/v2\/types\/post"}],"author":[{"embeddable":true,"href":"https:\/\/www.opinionpublica.tv\/portada\/wp-json\/wp\/v2\/users\/6"}],"replies":[{"embeddable":true,"href":"https:\/\/www.opinionpublica.tv\/portada\/wp-json\/wp\/v2\/comments?post=12064"}],"version-history":[{"count":0,"href":"https:\/\/www.opinionpublica.tv\/portada\/wp-json\/wp\/v2\/posts\/12064\/revisions"}],"wp:featuredmedia":[{"embeddable":true,"href":"https:\/\/www.opinionpublica.tv\/portada\/wp-json\/wp\/v2\/media\/12063"}],"wp:attachment":[{"href":"https:\/\/www.opinionpublica.tv\/portada\/wp-json\/wp\/v2\/media?parent=12064"}],"wp:term":[{"taxonomy":"category","embeddable":true,"href":"https:\/\/www.opinionpublica.tv\/portada\/wp-json\/wp\/v2\/categories?post=12064"},{"taxonomy":"post_tag","embeddable":true,"href":"https:\/\/www.opinionpublica.tv\/portada\/wp-json\/wp\/v2\/tags?post=12064"}],"curies":[{"name":"wp","href":"https:\/\/api.w.org\/{rel}","templated":true}]}}