{"id":12060,"date":"2017-02-27T07:00:00","date_gmt":"2017-02-27T06:00:00","guid":{"rendered":"https:\/\/www.opinionpublica.tv\/portada\/2017\/02\/27\/capacitan-a-defensores-publicos-en-derechos-de-pueblos-indigenas\/"},"modified":"2017-02-27T07:00:00","modified_gmt":"2017-02-27T06:00:00","slug":"capacitan-a-defensores-publicos-en-derechos-de-pueblos-indigenas","status":"publish","type":"post","link":"https:\/\/www.opinionpublica.tv\/portada\/capacitan-a-defensores-publicos-en-derechos-de-pueblos-indigenas\/","title":{"rendered":"Capacitan a defensores p\u00fablicos en derechos de pueblos ind\u00edgenas"},"content":{"rendered":"<p><img fetchpriority=\"high\" decoding=\"async\" class=\" size-full wp-image-12059\" src=\"https:\/\/www.opinionpublica.tv\/portada\/wp-content\/uploads\/2017\/02\/6ee185018be76ca2a99dabf39f1ca344.jpg\" alt=\"\" width=\"495\" height=\"333\" srcset=\"https:\/\/www.opinionpublica.tv\/portada\/wp-content\/uploads\/2017\/02\/6ee185018be76ca2a99dabf39f1ca344.jpg 495w, https:\/\/www.opinionpublica.tv\/portada\/wp-content\/uploads\/2017\/02\/6ee185018be76ca2a99dabf39f1ca344-300x202.jpg 300w\" sizes=\"(max-width: 495px) 100vw, 495px\" \/><br \/>\n<!--more--><\/p>\n<p style=\"text-align: justify;\">En el marco del D\u00eda Internacional de las Lenguas Maternas, el Congreso del Estado en conjunto con el Poder Judicial y la Comisi\u00f3n Estatal para los Pueblos Ind\u00edgenas, realizaron una jornada de capacitaci\u00f3n denominada Perspectiva de Derechos Ind\u00edgenas en el Litigio Civil y Familiar, dirigida a 32 defensores p\u00fablicos que por su\u00a0 trabajo interact\u00faan con personas de las diferentes etnias que habitan en Chihuahua.<\/p>\n<p style=\"text-align: justify;\">Durante su participaci\u00f3n, la diputada presidenta del Congreso Blanca G\u00e1mez, se\u00f1al\u00f3 la importancia de desarrollar este tipo de talleres, ya que con ellos se capacita y concientiza a los abogados que atienden procesos en los que presuntamente se ven inmiscuidos ind\u00edgenas de la entidad.<\/p>\n<p style=\"text-align: justify;\">La capacitaci\u00f3n fue impartida por el magistrado Jos\u00e9 Humberto Rodelo Garc\u00eda de la Cuarta Sala Civil, mujeres rar\u00e1muris, integrantes de la Comisi\u00f3n Estatal para los Pueblos Ind\u00edgenas, as\u00ed como el Juez Quinto de lo Civil por Audiencias Erwin Enrique Epaminondas del Tribunal Superior de Justicia, y expertos del Instituto de la Defensor\u00eda y del Programa Interinstitucional de Atenci\u00f3n al Ind\u00edgena.<\/p>\n<p style=\"text-align: justify;\">Guadalupe P\u00e9rez Holgu\u00edn traductora rar\u00e1muri, explic\u00f3 que para realizar adecuadamente la defensa de un ind\u00edgena, primero se deben conocer los usos y costumbres de las comunidades, ya que ellos cuentan con una definici\u00f3n diferente de la palabra justicia, pues sus conflictos se resuelven internamente con la participaci\u00f3n de todos sus integrantes, quienes indican cu\u00e1l ser\u00e1 la reparaci\u00f3n del da\u00f1o para quedar absuelto de su delito.<\/p>\n<p style=\"text-align: justify;\">El grupo de abogados de la Comisi\u00f3n Estatal de Pueblos Ind\u00edgenas, mencionaron que otro de los obst\u00e1culos, adem\u00e1s de los usos y costumbres, a los que se enfrentan los defensores, es la comunicaci\u00f3n entre rar\u00e1muris y mestizos. Tambi\u00e9n destacaron que para realizar este tipo de juicios, es necesaria la participaci\u00f3n de traductores y que todo documento entregado sea escrito en la lengua materna del ind\u00edgena que es procesado.<\/p>\n<p style=\"text-align: justify;\">Otros temas abordados fueron, la perspectiva en tratados internacionales y protocolos sobre los pueblos ind\u00edgenas, procedencia del amparo cuando se involucran derechos de los pueblos, casos relevantes y paradigm\u00e1ticos resueltos en la Corte Interamericana de Derechos Humanos y la Suprema Corte de Justicia de la Naci\u00f3n, desarrollo y actualidad de los pueblos ind\u00edgenas en el estado de Chihuahua.<\/p>\n","protected":false},"excerpt":{"rendered":"","protected":false},"author":6,"featured_media":12059,"comment_status":"open","ping_status":"open","sticky":false,"template":"","format":"standard","meta":{"_acf_changed":false,"_monsterinsights_skip_tracking":false,"slim_seo":{"title":"Capacitan a defensores p\u00fablicos en derechos de pueblos ind\u00edgenas - Opini\u00f3n P\u00fablica","description":"En el marco del D\u00eda Internacional de las Lenguas Maternas, el Congreso del Estado en conjunto con el Poder Judicial y la Comisi\u00f3n Estatal para los Pueblos Ind\u00edg"},"footnotes":""},"categories":[4],"tags":[],"class_list":["post-12060","post","type-post","status-publish","format-standard","has-post-thumbnail","hentry","category-pulsopolitico"],"acf":[],"_links":{"self":[{"href":"https:\/\/www.opinionpublica.tv\/portada\/wp-json\/wp\/v2\/posts\/12060","targetHints":{"allow":["GET"]}}],"collection":[{"href":"https:\/\/www.opinionpublica.tv\/portada\/wp-json\/wp\/v2\/posts"}],"about":[{"href":"https:\/\/www.opinionpublica.tv\/portada\/wp-json\/wp\/v2\/types\/post"}],"author":[{"embeddable":true,"href":"https:\/\/www.opinionpublica.tv\/portada\/wp-json\/wp\/v2\/users\/6"}],"replies":[{"embeddable":true,"href":"https:\/\/www.opinionpublica.tv\/portada\/wp-json\/wp\/v2\/comments?post=12060"}],"version-history":[{"count":0,"href":"https:\/\/www.opinionpublica.tv\/portada\/wp-json\/wp\/v2\/posts\/12060\/revisions"}],"wp:featuredmedia":[{"embeddable":true,"href":"https:\/\/www.opinionpublica.tv\/portada\/wp-json\/wp\/v2\/media\/12059"}],"wp:attachment":[{"href":"https:\/\/www.opinionpublica.tv\/portada\/wp-json\/wp\/v2\/media?parent=12060"}],"wp:term":[{"taxonomy":"category","embeddable":true,"href":"https:\/\/www.opinionpublica.tv\/portada\/wp-json\/wp\/v2\/categories?post=12060"},{"taxonomy":"post_tag","embeddable":true,"href":"https:\/\/www.opinionpublica.tv\/portada\/wp-json\/wp\/v2\/tags?post=12060"}],"curies":[{"name":"wp","href":"https:\/\/api.w.org\/{rel}","templated":true}]}}