{"id":12058,"date":"2017-02-27T07:00:00","date_gmt":"2017-02-27T06:00:00","guid":{"rendered":"https:\/\/www.opinionpublica.tv\/portada\/2017\/02\/27\/denuncian-campesinos-20-meses-de-retraso-en-apoyos-para-el-campo\/"},"modified":"2017-02-27T07:00:00","modified_gmt":"2017-02-27T06:00:00","slug":"denuncian-campesinos-20-meses-de-retraso-en-apoyos-para-el-campo","status":"publish","type":"post","link":"https:\/\/www.opinionpublica.tv\/portada\/denuncian-campesinos-20-meses-de-retraso-en-apoyos-para-el-campo\/","title":{"rendered":"Denuncian campesinos 20 meses sin apoyos para el campo"},"content":{"rendered":"<p><img fetchpriority=\"high\" decoding=\"async\" class=\" size-full wp-image-12057\" src=\"https:\/\/www.opinionpublica.tv\/portada\/wp-content\/uploads\/2017\/02\/fb55a49ad5c245a48ee02c75f1555add.jpg\" alt=\"\" width=\"665\" height=\"500\" srcset=\"https:\/\/www.opinionpublica.tv\/portada\/wp-content\/uploads\/2017\/02\/fb55a49ad5c245a48ee02c75f1555add.jpg 665w, https:\/\/www.opinionpublica.tv\/portada\/wp-content\/uploads\/2017\/02\/fb55a49ad5c245a48ee02c75f1555add-300x226.jpg 300w\" sizes=\"(max-width: 665px) 100vw, 665px\" \/><br \/>\n<!--more--><\/p>\n<p style=\"text-align: justify;\">El l\u00edder de El Barz\u00f3n en Chihuahua, Eraclio Rodr\u00edguez, dio a conocer que varios campesinos est\u00e1n citados este d\u00eda ante la PGR a ra\u00edz de las recientes manifestaciones contra el incumplimiento de Sagarpa en la entrega de recursos de programas como el Proagro, Progan y el Di\u00e9sel Agropecuario.<\/p>\n<p style=\"text-align: justify;\">Explic\u00f3 que el delegado de Sagarpa, Isaac Zepeda Romero, denunci\u00f3 a los manifestantes lamentando que lejos de apoyar las demandas de los campesinos, los quiere meter a la c\u00e1rcel por ejercer su derecho a protestar por el atraso de 1 a\u00f1o y 8 meses en la entrega de recursos de programas de apoyo.<\/p>\n<p style=\"text-align: justify;\">Dijo que en el caso del programa de di\u00e9sel agropecuario, se public\u00f3 en el Diario Oficial de la Federaci\u00f3n en diciembre del 2015 para su ejercicio en el 2016 y todav\u00eda no es tiempo de que se le cumpla a los campesinos con dicho programa, reprobando que el gobierno est\u00e1 muy presto para aplicar la ley cuando se trata de ejercerla contra los agricultores quienes solamente reclaman el cumplimiento de los decretos logrados con manifestaciones y cierre de dependencias p\u00fablicas.<\/p>\n<p style=\"text-align: justify;\">\u201c\u00bfLos derechos de los productores qui\u00e9n los protege? El gobierno est\u00e1 totalmente cerrado al di\u00e1logo con los campesinos. El delegado de Sagarpa interpuso una denuncia en\u00a0contra de nosotros y la PGR tiene que actuar por ley. Sin embargo los productores no tenemos a d\u00f3nde acudir,\u00a0 porque no hay una ley que les proteja de la ineficacia de los servidores p\u00fablicos y de las dependencias que dirigen, en M\u00e9xico La ley est\u00e1 en contra de la justicia\u201d inquiri\u00f3.<\/p>\n<p style=\"text-align: justify;\">El l\u00edder campesino asegur\u00f3\u00a0 que el mismo gobierno ha puesto en riesgo las actividades de miles de mujeres y hombres que viven del campo, ya que al no contar con los recursos necesarios para trabajar, muchas familias han tenido que abandonar sus tierras para emigrar a las ciudades en busca de sustento para sus familias.<\/p>\n","protected":false},"excerpt":{"rendered":"","protected":false},"author":6,"featured_media":12057,"comment_status":"open","ping_status":"open","sticky":false,"template":"","format":"standard","meta":{"_acf_changed":false,"_monsterinsights_skip_tracking":false,"slim_seo":{"title":"Denuncian campesinos 20 meses sin apoyos para el campo - Opini\u00f3n P\u00fablica","description":"El l\u00edder de El Barz\u00f3n en Chihuahua, Eraclio Rodr\u00edguez, dio a conocer que varios campesinos est\u00e1n citados este d\u00eda ante la PGR a ra\u00edz de las recientes manifestac"},"footnotes":""},"categories":[4],"tags":[],"class_list":["post-12058","post","type-post","status-publish","format-standard","has-post-thumbnail","hentry","category-pulsopolitico"],"acf":[],"_links":{"self":[{"href":"https:\/\/www.opinionpublica.tv\/portada\/wp-json\/wp\/v2\/posts\/12058","targetHints":{"allow":["GET"]}}],"collection":[{"href":"https:\/\/www.opinionpublica.tv\/portada\/wp-json\/wp\/v2\/posts"}],"about":[{"href":"https:\/\/www.opinionpublica.tv\/portada\/wp-json\/wp\/v2\/types\/post"}],"author":[{"embeddable":true,"href":"https:\/\/www.opinionpublica.tv\/portada\/wp-json\/wp\/v2\/users\/6"}],"replies":[{"embeddable":true,"href":"https:\/\/www.opinionpublica.tv\/portada\/wp-json\/wp\/v2\/comments?post=12058"}],"version-history":[{"count":0,"href":"https:\/\/www.opinionpublica.tv\/portada\/wp-json\/wp\/v2\/posts\/12058\/revisions"}],"wp:featuredmedia":[{"embeddable":true,"href":"https:\/\/www.opinionpublica.tv\/portada\/wp-json\/wp\/v2\/media\/12057"}],"wp:attachment":[{"href":"https:\/\/www.opinionpublica.tv\/portada\/wp-json\/wp\/v2\/media?parent=12058"}],"wp:term":[{"taxonomy":"category","embeddable":true,"href":"https:\/\/www.opinionpublica.tv\/portada\/wp-json\/wp\/v2\/categories?post=12058"},{"taxonomy":"post_tag","embeddable":true,"href":"https:\/\/www.opinionpublica.tv\/portada\/wp-json\/wp\/v2\/tags?post=12058"}],"curies":[{"name":"wp","href":"https:\/\/api.w.org\/{rel}","templated":true}]}}