{"id":12,"date":"2016-07-13T00:00:00","date_gmt":"2016-07-12T22:00:00","guid":{"rendered":"https:\/\/www.opinionpublica.tv\/portada\/2016\/07\/13\/en-mexico-se-registran-al-ano-71-crimenes-contra-comunidad-gay\/"},"modified":"2016-07-13T00:00:00","modified_gmt":"2016-07-12T22:00:00","slug":"en-mexico-se-registran-al-ano-71-crimenes-contra-comunidad-gay","status":"publish","type":"post","link":"https:\/\/www.opinionpublica.tv\/portada\/en-mexico-se-registran-al-ano-71-crimenes-contra-comunidad-gay\/","title":{"rendered":"En M\u00e9xico, se registran al a\u00f1o 71 cr\u00edmenes contra comunidad gay"},"content":{"rendered":"<p><img fetchpriority=\"high\" decoding=\"async\" class=\" size-full wp-image-11\" src=\"https:\/\/www.opinionpublica.tv\/portada\/wp-content\/uploads\/2016\/07\/8ee107fb8e11fa27c5eb0c84c03d7dff.jpg\" alt=\"\" width=\"570\" height=\"399\" srcset=\"https:\/\/www.opinionpublica.tv\/portada\/wp-content\/uploads\/2016\/07\/8ee107fb8e11fa27c5eb0c84c03d7dff.jpg 570w, https:\/\/www.opinionpublica.tv\/portada\/wp-content\/uploads\/2016\/07\/8ee107fb8e11fa27c5eb0c84c03d7dff-300x210.jpg 300w\" sizes=\"(max-width: 570px) 100vw, 570px\" \/><\/p>\n<p style=\"text-align: justify;\">Al\u00a0a\u00f1o se registran 71 casos de cr\u00edmenes de odio por orientaci\u00f3n sexual, de acuerdo con un informe de la Comisi\u00f3n Comisi\u00f3n Ciudadana Contra los Cr\u00edmenes de Odio por Homofobia (CCCOH).<\/p>\n<p style=\"text-align: justify;\">Seg\u00fan datos del informe, de 1995 a 2015, se han registrado mil 310 homicidios presumiblemente motivados por homofobia. En ese periodo, el promedio general de casos fue de 61.2 casos.<\/p>\n<p style=\"text-align: justify;\">Sin embargo, en los \u00faltimos diez a\u00f1os, de 2005 a 2015, el promedio por a\u00f1o ascendi\u00f3 a 71 casos, Alejandro Brito Lemus, de la CCCOH, asegur\u00f3 que estos casos han incrementados desde que el tema de\u00a0matrimonio igualitario se ha discutido en el pa\u00eds.<\/p>\n<p style=\"text-align: justify;\">Por lo que conden\u00f3\u00a0la reciente ola de violencia y cr\u00edmenes contra la comunidad l\u00e9sbico, gay, bisexual, transg\u00e9nero, transexual, travesti e intersexual (LGBTI) a ra\u00edz de la campa\u00f1a de odio e intolerancia emprendida por la Iglesia Cat\u00f3lica, sectores conservadores y sus aliados en oposici\u00f3n al matrimonio igualitario.<\/p>\n<p style=\"text-align: justify;\">Por su parte, Jaime Roch\u00edn Del Rinc\u00f3n, comisionado presidente de la Comisi\u00f3n Especial de Atenci\u00f3n a V\u00edctimas (CEAV), dijo que en \u00faltimas fechas, el discurso que pretende limitar los derechos de algunas personas, ha tomado cierto auge, \u201ccon \u00e9l, hemos visto ciertas expresiones de rechazo y de exclusi\u00f3n\u201d.<\/p>\n<p style=\"text-align: justify;\">Record\u00f3 los casos de Jessica Patricia Gonz\u00e1lez Tovar, de Monclova Coahuila, quien fue asesinada el 25 de junio pasado y cuyo homicidio ha sido considerado por la CEAV como un crimen de odio por orientaci\u00f3n sexual, y\u00a0\u00a0de Luis Fernando Ferra Aguilar, de Aguascalientes, quien ese mismo d\u00eda fue arrollado cuando se integraba a la marcha del orgullo gay de la capital de ese estado.<\/p>\n<p style=\"text-align: justify;\">Por ello, abund\u00f3 en que \u201cdebemos erradicar de nuestra sociedad las expresiones de odio en raz\u00f3n de la orientaci\u00f3n sexual, expresi\u00f3n o identidad de g\u00e9nero de las personas\u201d.<\/p>\n<p style=\"text-align: justify;\">Agreg\u00f3, que \u201cel respeto y la inclusi\u00f3n constituyen el terreno m\u00e1s f\u00e9rtil para garantizar la paz, mientras que la discriminaci\u00f3n es el suelo sobre el que proliferan la exclusi\u00f3n y la violencia.\u201d<\/p>\n<p style=\"text-align: justify;\">Informaci\u00f3n de Publ\u00edmetro<\/p>\n","protected":false},"excerpt":{"rendered":"<p>Al\u00a0a\u00f1o se registran 71 casos de cr\u00edmenes de odio por orientaci\u00f3n sexual, de acuerdo con un informe de la Comisi\u00f3n Comisi\u00f3n Ciudadana Contra los Cr\u00edmenes de Odio por Homofobia (CCCOH). Seg\u00fan datos del informe, de 1995 a 2015, se han registrado mil 310 homicidios presumiblemente motivados por homofobia. En ese periodo, el promedio general de [&hellip;]<\/p>\n","protected":false},"author":2,"featured_media":11,"comment_status":"open","ping_status":"open","sticky":false,"template":"","format":"standard","meta":{"_acf_changed":false,"_monsterinsights_skip_tracking":false,"slim_seo":{"title":"En M\u00e9xico, se registran al a\u00f1o 71 cr\u00edmenes contra comunidad gay - Opini\u00f3n P\u00fablica","description":"Al\u00a0a\u00f1o se registran 71 casos de cr\u00edmenes de odio por orientaci\u00f3n sexual, de acuerdo con un informe de la Comisi\u00f3n Comisi\u00f3n Ciudadana Contra los Cr\u00edmenes de Odio"},"footnotes":""},"categories":[3],"tags":[],"class_list":["post-12","post","type-post","status-publish","format-standard","has-post-thumbnail","hentry","category-principal"],"acf":[],"_links":{"self":[{"href":"https:\/\/www.opinionpublica.tv\/portada\/wp-json\/wp\/v2\/posts\/12","targetHints":{"allow":["GET"]}}],"collection":[{"href":"https:\/\/www.opinionpublica.tv\/portada\/wp-json\/wp\/v2\/posts"}],"about":[{"href":"https:\/\/www.opinionpublica.tv\/portada\/wp-json\/wp\/v2\/types\/post"}],"author":[{"embeddable":true,"href":"https:\/\/www.opinionpublica.tv\/portada\/wp-json\/wp\/v2\/users\/2"}],"replies":[{"embeddable":true,"href":"https:\/\/www.opinionpublica.tv\/portada\/wp-json\/wp\/v2\/comments?post=12"}],"version-history":[{"count":0,"href":"https:\/\/www.opinionpublica.tv\/portada\/wp-json\/wp\/v2\/posts\/12\/revisions"}],"wp:featuredmedia":[{"embeddable":true,"href":"https:\/\/www.opinionpublica.tv\/portada\/wp-json\/wp\/v2\/media\/11"}],"wp:attachment":[{"href":"https:\/\/www.opinionpublica.tv\/portada\/wp-json\/wp\/v2\/media?parent=12"}],"wp:term":[{"taxonomy":"category","embeddable":true,"href":"https:\/\/www.opinionpublica.tv\/portada\/wp-json\/wp\/v2\/categories?post=12"},{"taxonomy":"post_tag","embeddable":true,"href":"https:\/\/www.opinionpublica.tv\/portada\/wp-json\/wp\/v2\/tags?post=12"}],"curies":[{"name":"wp","href":"https:\/\/api.w.org\/{rel}","templated":true}]}}