{"id":11968,"date":"2017-02-22T07:00:00","date_gmt":"2017-02-22T06:00:00","guid":{"rendered":"https:\/\/www.opinionpublica.tv\/portada\/2017\/02\/22\/anuncia-coespris-operativo-de-cuaresma-en-pescaderias\/"},"modified":"2017-02-22T07:00:00","modified_gmt":"2017-02-22T06:00:00","slug":"anuncia-coespris-operativo-de-cuaresma-en-pescaderias","status":"publish","type":"post","link":"https:\/\/www.opinionpublica.tv\/portada\/anuncia-coespris-operativo-de-cuaresma-en-pescaderias\/","title":{"rendered":"Anuncia Coespris operativo de Cuaresma en pescader\u00edas"},"content":{"rendered":"<p><img fetchpriority=\"high\" decoding=\"async\" class=\" size-full wp-image-11967\" src=\"https:\/\/www.opinionpublica.tv\/portada\/wp-content\/uploads\/2017\/02\/ef2f9173ff3f3c9ffe42211474f8d8b5.jpg\" alt=\"\" width=\"2000\" height=\"1158\" srcset=\"https:\/\/www.opinionpublica.tv\/portada\/wp-content\/uploads\/2017\/02\/ef2f9173ff3f3c9ffe42211474f8d8b5.jpg 2000w, https:\/\/www.opinionpublica.tv\/portada\/wp-content\/uploads\/2017\/02\/ef2f9173ff3f3c9ffe42211474f8d8b5-300x174.jpg 300w, https:\/\/www.opinionpublica.tv\/portada\/wp-content\/uploads\/2017\/02\/ef2f9173ff3f3c9ffe42211474f8d8b5-1024x593.jpg 1024w, https:\/\/www.opinionpublica.tv\/portada\/wp-content\/uploads\/2017\/02\/ef2f9173ff3f3c9ffe42211474f8d8b5-768x445.jpg 768w, https:\/\/www.opinionpublica.tv\/portada\/wp-content\/uploads\/2017\/02\/ef2f9173ff3f3c9ffe42211474f8d8b5-1536x889.jpg 1536w\" sizes=\"(max-width: 2000px) 100vw, 2000px\" \/><br \/>\n<!--more--><\/p>\n<p style=\"text-align: justify;\">Con el objetivo de revisar los establecimientos de venta y distribuci\u00f3n de mariscos, la Comisi\u00f3n Estatal de Prevenci\u00f3n contra Riesgos Sanitarios (Coespris) inici\u00f3 esta semana su operativo anual de cuaresma.<\/p>\n<p style=\"text-align: justify;\">El responsable de la Coespris en la Zona Norte, Dar\u00edo C\u00e1rdenas Mon\u00e1rrez inform\u00f3 que el enfoque primordial de este programa, que iniciar\u00e1 el 1 de marzo, consiste en la toma anticipada de acciones para promover las buenas pr\u00e1cticas de higiene durante la preparaci\u00f3n y expendio de alimentos y agua, con el objetivo de prevenir que se presenten enfermedades transmitidas por la ingesta de productos pequeros contaminados, intensificando la vigilancia sanitaria y realizando las acciones de fomento con las cuales se logra la reducci\u00f3n de enfermedades gastrointestinales.<\/p>\n<p style=\"text-align: justify;\">\u201cAunque mantenemos operativos permanentes en todos los giros, en este caso iniciamos la pr\u00f3xima semana haciendo \u00e9nfasis en todos los establecimientos de mariscos de venta o de distribuci\u00f3n de mariscos\u201d precis\u00f3 e<\/p>\n<p style=\"text-align: justify;\">En el operativo se verificar\u00e1n las condiciones sanitarias de los establecimientos dedicados al proceso, venta y distribuci\u00f3n de pescados y mariscos, curdos y preparados, incluidos los mercados p\u00fablicos y m\u00f3viles.<\/p>\n<p style=\"text-align: justify;\">El funcionario se\u00f1al\u00f3 que durante las revisiones, se verificar\u00e1 que la cadena de fr\u00edo no se vea interrumpida o minimizada, y que el hielo utilizado para la conservaci\u00f3n sea potable y no se reutilice, por lo cual es importante que la ciudadan\u00eda verifique que el producto se encuentra refrigerado.<\/p>\n","protected":false},"excerpt":{"rendered":"","protected":false},"author":6,"featured_media":11967,"comment_status":"open","ping_status":"open","sticky":false,"template":"","format":"standard","meta":{"_acf_changed":false,"_monsterinsights_skip_tracking":false,"slim_seo":{"title":"Anuncia Coespris operativo de Cuaresma en pescader\u00edas - Opini\u00f3n P\u00fablica","description":"Con el objetivo de revisar los establecimientos de venta y distribuci\u00f3n de mariscos, la Comisi\u00f3n Estatal de Prevenci\u00f3n contra Riesgos Sanitarios (Coespris) inic"},"footnotes":""},"categories":[5],"tags":[],"class_list":["post-11968","post","type-post","status-publish","format-standard","has-post-thumbnail","hentry","category-frontera"],"acf":[],"_links":{"self":[{"href":"https:\/\/www.opinionpublica.tv\/portada\/wp-json\/wp\/v2\/posts\/11968","targetHints":{"allow":["GET"]}}],"collection":[{"href":"https:\/\/www.opinionpublica.tv\/portada\/wp-json\/wp\/v2\/posts"}],"about":[{"href":"https:\/\/www.opinionpublica.tv\/portada\/wp-json\/wp\/v2\/types\/post"}],"author":[{"embeddable":true,"href":"https:\/\/www.opinionpublica.tv\/portada\/wp-json\/wp\/v2\/users\/6"}],"replies":[{"embeddable":true,"href":"https:\/\/www.opinionpublica.tv\/portada\/wp-json\/wp\/v2\/comments?post=11968"}],"version-history":[{"count":0,"href":"https:\/\/www.opinionpublica.tv\/portada\/wp-json\/wp\/v2\/posts\/11968\/revisions"}],"wp:featuredmedia":[{"embeddable":true,"href":"https:\/\/www.opinionpublica.tv\/portada\/wp-json\/wp\/v2\/media\/11967"}],"wp:attachment":[{"href":"https:\/\/www.opinionpublica.tv\/portada\/wp-json\/wp\/v2\/media?parent=11968"}],"wp:term":[{"taxonomy":"category","embeddable":true,"href":"https:\/\/www.opinionpublica.tv\/portada\/wp-json\/wp\/v2\/categories?post=11968"},{"taxonomy":"post_tag","embeddable":true,"href":"https:\/\/www.opinionpublica.tv\/portada\/wp-json\/wp\/v2\/tags?post=11968"}],"curies":[{"name":"wp","href":"https:\/\/api.w.org\/{rel}","templated":true}]}}