{"id":11940,"date":"2017-02-20T07:00:00","date_gmt":"2017-02-20T06:00:00","guid":{"rendered":"https:\/\/www.opinionpublica.tv\/portada\/2017\/02\/20\/protestan-contra-trump-el-dia-del-presidente\/"},"modified":"2017-02-20T07:00:00","modified_gmt":"2017-02-20T06:00:00","slug":"protestan-contra-trump-el-dia-del-presidente","status":"publish","type":"post","link":"https:\/\/www.opinionpublica.tv\/portada\/protestan-contra-trump-el-dia-del-presidente\/","title":{"rendered":"Protestan contra Trump en pleno \u2018D\u00eda del Presidente\u2019"},"content":{"rendered":"<p><img fetchpriority=\"high\" decoding=\"async\" class=\" size-full wp-image-11939\" src=\"https:\/\/www.opinionpublica.tv\/portada\/wp-content\/uploads\/2017\/02\/c2ca745415189d56785f3572733a80e1.jpg\" alt=\"\" width=\"800\" height=\"527\" srcset=\"https:\/\/www.opinionpublica.tv\/portada\/wp-content\/uploads\/2017\/02\/c2ca745415189d56785f3572733a80e1.jpg 800w, https:\/\/www.opinionpublica.tv\/portada\/wp-content\/uploads\/2017\/02\/c2ca745415189d56785f3572733a80e1-300x198.jpg 300w, https:\/\/www.opinionpublica.tv\/portada\/wp-content\/uploads\/2017\/02\/c2ca745415189d56785f3572733a80e1-768x506.jpg 768w\" sizes=\"(max-width: 800px) 100vw, 800px\" \/><br \/>\n<!--more--><\/p>\n<p style=\"text-align: justify;\">Miles de personas se manifestaron\u00a0en\u00a0Nueva York\u00a0y en\u00a0otras ciudades de Estados Unidos\u00a0para\u00a0protestar\u00a0contra el\u00a0presidente Donald Trump\u00a0y\u00a0rechazar su gesti\u00f3n, de la que se cumple este lunes un mes.<\/p>\n<p style=\"text-align: justify;\">La manifestaci\u00f3n de Nueva York fue convocada frente al hotel que lleva el nombre de Trump, en la plaza Columbus Circle, y se extendi\u00f3 por nueve cuadras a lo largo de Central Park.<\/p>\n<p style=\"text-align: justify;\">Fue convocada por redes sociales bajo el lema \u00abNo es mi presidente\u00bb, coincidiendo con la celebraci\u00f3n del festivo del D\u00eda del Presidente.<\/p>\n<p style=\"text-align: justify;\">Donald Trump es literalmente nuestro presidente, pero en sentido figurado ha atacado a todos los valores que encarnan los neoyorquinos y no representa nuestros intereses\u00bb, dec\u00eda la convocatoria de la protesta.<\/p>\n<p style=\"text-align: justify;\">En la manifestaci\u00f3n se vieron carteles que, entre cosas, dec\u00edan \u00abNunca mi presidente\u00bb, \u00abRechazar el odio\u00bb, \u00abEchar a Trump\u00bb y \u00abNo al muro\u00bb, en alusi\u00f3n a la valla que ha prometido Trump levantar en la frontera con M\u00e9xico.<\/p>\n<p style=\"text-align: justify;\">En el lugar se reuni\u00f3 tambi\u00e9n un peque\u00f1o grupo de partidarios de Trump que intercambi\u00f3 gritos con el resto de los manifestantes, sin que se produjeran incidentes.<\/p>\n<p style=\"text-align: justify;\">A la protesta de Nueva York asistieron miles de personas, aunque muchas de ellas present\u00e1ndose en el lugar en distintos momentos de la manifestaci\u00f3n, que se prolong\u00f3 por cuatro horas, a partir del mediod\u00eda.<\/p>\n<p style=\"text-align: justify;\">Uno de los manifestantes que se dirigi\u00f3 a los reunidos apoy\u00e1ndose con un meg\u00e1fono dijo que no era musulm\u00e1n ni inmigrante indocumentado, pero dijo tener \u00abroto el coraz\u00f3n\u00bb por el temor que generan entre sus amigos los pol\u00edticos de Trump.<\/p>\n<p style=\"text-align: justify;\">La de hoy fue la tercera manifestaci\u00f3n consecutiva que tiene lugar en Nueva York desde el s\u00e1bado pasado, que han reunido en cada caso a centenares de personas.<\/p>\n<p style=\"text-align: justify;\">Actos parecidos se desarrollaron en las ciudades de Los \u00c1ngeles, Chicago, Salt Lake, Texas,\u00a0y Oregon, as\u00ed como en una veintena de localidades del pa\u00eds, en todos los casos para protestar por la gesti\u00f3n del republicano Trump, que lleg\u00f3 a la Casa Blanca el pasado 20 de enero.<\/p>\n<p style=\"text-align: justify;\">Con informaci\u00f3n de Exc\u00e9lsior.<\/p>\n","protected":false},"excerpt":{"rendered":"","protected":false},"author":6,"featured_media":11939,"comment_status":"open","ping_status":"open","sticky":false,"template":"","format":"standard","meta":{"_acf_changed":false,"_monsterinsights_skip_tracking":false,"slim_seo":{"title":"Protestan contra Trump en pleno \u2018D\u00eda del Presidente\u2019 - Opini\u00f3n P\u00fablica","description":"Miles de personas se manifestaron\u00a0en\u00a0Nueva York\u00a0y en\u00a0otras ciudades de Estados Unidos\u00a0para\u00a0protestar\u00a0contra el\u00a0presidente Donald Trump\u00a0y\u00a0rechazar su gesti\u00f3n, de"},"footnotes":""},"categories":[24],"tags":[],"class_list":["post-11940","post","type-post","status-publish","format-standard","has-post-thumbnail","hentry","category-estados-unidos"],"acf":[],"_links":{"self":[{"href":"https:\/\/www.opinionpublica.tv\/portada\/wp-json\/wp\/v2\/posts\/11940","targetHints":{"allow":["GET"]}}],"collection":[{"href":"https:\/\/www.opinionpublica.tv\/portada\/wp-json\/wp\/v2\/posts"}],"about":[{"href":"https:\/\/www.opinionpublica.tv\/portada\/wp-json\/wp\/v2\/types\/post"}],"author":[{"embeddable":true,"href":"https:\/\/www.opinionpublica.tv\/portada\/wp-json\/wp\/v2\/users\/6"}],"replies":[{"embeddable":true,"href":"https:\/\/www.opinionpublica.tv\/portada\/wp-json\/wp\/v2\/comments?post=11940"}],"version-history":[{"count":0,"href":"https:\/\/www.opinionpublica.tv\/portada\/wp-json\/wp\/v2\/posts\/11940\/revisions"}],"wp:featuredmedia":[{"embeddable":true,"href":"https:\/\/www.opinionpublica.tv\/portada\/wp-json\/wp\/v2\/media\/11939"}],"wp:attachment":[{"href":"https:\/\/www.opinionpublica.tv\/portada\/wp-json\/wp\/v2\/media?parent=11940"}],"wp:term":[{"taxonomy":"category","embeddable":true,"href":"https:\/\/www.opinionpublica.tv\/portada\/wp-json\/wp\/v2\/categories?post=11940"},{"taxonomy":"post_tag","embeddable":true,"href":"https:\/\/www.opinionpublica.tv\/portada\/wp-json\/wp\/v2\/tags?post=11940"}],"curies":[{"name":"wp","href":"https:\/\/api.w.org\/{rel}","templated":true}]}}