{"id":11936,"date":"2017-02-20T07:00:00","date_gmt":"2017-02-20T06:00:00","guid":{"rendered":"https:\/\/www.opinionpublica.tv\/portada\/2017\/02\/20\/exhorta-secretaria-de-salud-a-atenderse-por-sintomas-de-influenza\/"},"modified":"2017-02-20T07:00:00","modified_gmt":"2017-02-20T06:00:00","slug":"exhorta-secretaria-de-salud-a-atenderse-por-sintomas-de-influenza","status":"publish","type":"post","link":"https:\/\/www.opinionpublica.tv\/portada\/exhorta-secretaria-de-salud-a-atenderse-por-sintomas-de-influenza\/","title":{"rendered":"Exhorta Salud a atenderse por s\u00edntomas de influenza"},"content":{"rendered":"<p><img fetchpriority=\"high\" decoding=\"async\" class=\" size-full wp-image-11935\" src=\"https:\/\/www.opinionpublica.tv\/portada\/wp-content\/uploads\/2017\/02\/bfc8a3f9a352ea9f451a2822f5b0a6ad.jpg\" alt=\"\" width=\"660\" height=\"370\" srcset=\"https:\/\/www.opinionpublica.tv\/portada\/wp-content\/uploads\/2017\/02\/bfc8a3f9a352ea9f451a2822f5b0a6ad.jpg 660w, https:\/\/www.opinionpublica.tv\/portada\/wp-content\/uploads\/2017\/02\/bfc8a3f9a352ea9f451a2822f5b0a6ad-300x168.jpg 300w\" sizes=\"(max-width: 660px) 100vw, 660px\" \/><br \/>\n<!--more--><\/p>\n<p style=\"text-align: justify;\">En lo que va de la temporada invernal 2016-2017, los casos de influenza en el Estado de Chihuahua disminuyeron un 82 por ciento en en relaci\u00f3n al mismo periodo 2015-2016, inform\u00f3 el subdirector epidemiol\u00f3gico de la Secretar\u00eda de Salud, Gumaro Barrios.<\/p>\n<p style=\"text-align: justify;\">Atribuy\u00f3 la diminuci\u00f3n de casos a diversos factores, entre ellos a que el invierno no ha sido tan crudo como el de otros a\u00f1os, ya que a la fecha se han registrado 31 casos de influenza, 13 del tipo H1; 12 del H3 y los restantes 6 casos son del denominado tipo B, mientras que en el pasado periodo invernal, se registraron 182 casos.<\/p>\n<p style=\"text-align: justify;\">A su vez, el director de Medicina Preventiva, Heriberto Miranda, se\u00f1al\u00f3 que las medidas de prevenci\u00f3n contribuyeron tambi\u00e9n a reducir la incidencia de casos y la mortalidad en el estado, entre ellas el programa de vacunaci\u00f3n que se realiz\u00f3 desde los primeros d\u00edas de octubre de 2016, mismo que continuar\u00e1 hasta el 31 de marzo de 2017, con una meta de suministrar 899 mil 357 dosis en territorio estatal, de las cuales ya se\u00a0 han aplicado 725 mil 597 dosis, lo que representa un avance del 81 por ciento.<\/p>\n<p style=\"text-align: justify;\">Esta vacuna se debe aplicar a ni\u00f1os de 6 a 59 meses, as\u00ed como a adultos mayores de 60 a\u00f1os, adem\u00e1s de a la poblaci\u00f3n de mayor riesgo, como son las mujeres embarazadas, personal de salud, personas diab\u00e9ticas, hipertensas, obesas, cardi\u00f3patas, con c\u00e1ncer y pacientes con alguna patolog\u00eda respiratoria como el asma.\u201cLa vacunaci\u00f3n es importante porque reduce el n\u00famero de casos y defunciones, la prevenci\u00f3n es b\u00e1sica\u201d.<\/p>\n<p style=\"text-align: justify;\">El funcionario se\u00f1al\u00f3 que si alguna persona presenta s\u00edntomas como fiebre mayor de 38 grados, tos, estornudos, secreci\u00f3n nasal, dolor de garganta, dificultad para respirar, dolor de cabeza, decaimiento general, dolores musculares y articulares, debe acudir al centro de salud.<\/p>\n<p style=\"text-align: justify;\">Enfatiz\u00f3 que es fundamental no automedicarse, a fin de realizar un diagn\u00f3stico exacto y oportuno.<\/p>\n","protected":false},"excerpt":{"rendered":"","protected":false},"author":6,"featured_media":11935,"comment_status":"open","ping_status":"open","sticky":false,"template":"","format":"standard","meta":{"_acf_changed":false,"_monsterinsights_skip_tracking":false,"slim_seo":{"title":"Exhorta Salud a atenderse por s\u00edntomas de influenza - Opini\u00f3n P\u00fablica","description":"En lo que va de la temporada invernal 2016-2017, los casos de influenza en el Estado de Chihuahua disminuyeron un 82 por ciento en en relaci\u00f3n al mismo periodo"},"footnotes":""},"categories":[4],"tags":[],"class_list":["post-11936","post","type-post","status-publish","format-standard","has-post-thumbnail","hentry","category-pulsopolitico"],"acf":[],"_links":{"self":[{"href":"https:\/\/www.opinionpublica.tv\/portada\/wp-json\/wp\/v2\/posts\/11936","targetHints":{"allow":["GET"]}}],"collection":[{"href":"https:\/\/www.opinionpublica.tv\/portada\/wp-json\/wp\/v2\/posts"}],"about":[{"href":"https:\/\/www.opinionpublica.tv\/portada\/wp-json\/wp\/v2\/types\/post"}],"author":[{"embeddable":true,"href":"https:\/\/www.opinionpublica.tv\/portada\/wp-json\/wp\/v2\/users\/6"}],"replies":[{"embeddable":true,"href":"https:\/\/www.opinionpublica.tv\/portada\/wp-json\/wp\/v2\/comments?post=11936"}],"version-history":[{"count":0,"href":"https:\/\/www.opinionpublica.tv\/portada\/wp-json\/wp\/v2\/posts\/11936\/revisions"}],"wp:featuredmedia":[{"embeddable":true,"href":"https:\/\/www.opinionpublica.tv\/portada\/wp-json\/wp\/v2\/media\/11935"}],"wp:attachment":[{"href":"https:\/\/www.opinionpublica.tv\/portada\/wp-json\/wp\/v2\/media?parent=11936"}],"wp:term":[{"taxonomy":"category","embeddable":true,"href":"https:\/\/www.opinionpublica.tv\/portada\/wp-json\/wp\/v2\/categories?post=11936"},{"taxonomy":"post_tag","embeddable":true,"href":"https:\/\/www.opinionpublica.tv\/portada\/wp-json\/wp\/v2\/tags?post=11936"}],"curies":[{"name":"wp","href":"https:\/\/api.w.org\/{rel}","templated":true}]}}