{"id":11932,"date":"2017-02-22T07:00:00","date_gmt":"2017-02-22T06:00:00","guid":{"rendered":"https:\/\/www.opinionpublica.tv\/portada\/2017\/02\/22\/tenemos-que-cambiar-lo-que-hacemos\/"},"modified":"2017-02-22T07:00:00","modified_gmt":"2017-02-22T06:00:00","slug":"tenemos-que-cambiar-lo-que-hacemos","status":"publish","type":"post","link":"https:\/\/www.opinionpublica.tv\/portada\/tenemos-que-cambiar-lo-que-hacemos\/","title":{"rendered":"Tenemos que cambiar lo que hacemos"},"content":{"rendered":"<p style=\"text-align: justify;\">Hay muchas voces de revoluci\u00f3n y cambio que se oyen por todos lados y en todo el mundo. He dicho en mis Columnas y en los foros en donde he participado, que estamos viviendo tiempos de un \u201cquiebre hist\u00f3rico\u201d.<\/p>\n<p><!--more--><\/p>\n<p style=\"text-align: justify;\">Pero o\u00edmos m\u00e1s de lo mismo, que la corrupci\u00f3n nos est\u00e1 acabando, que el mal de todo se debe a los partidos pol\u00edticos y a los pol\u00edticos profesionales. Tambi\u00e9n se oyen discursos xenof\u00f3bicos, de prejuicios religiosos y raciales; que si el neoliberalismo, que si el crimen organizado y las mafias, que la desigualdad, que los salarios bajos, que el capitalismo despiadado, que la excesiva regulaci\u00f3n, que la falta de la misma.<\/p>\n<p style=\"text-align: justify;\">En fin, hay muchos pretextos para echarle la culpa a algo o a alguien de nuestras desgracias.<\/p>\n<p style=\"text-align: justify;\">Ante todo esto, creo que es preciso enfocarnos en las cosas esenciales para la soluci\u00f3n de nuestros problemas, de dirigir nuestros pensamientos a nuestros entornos particulares en donde nos desenvolvemos. M\u00e9xico es un pa\u00eds sumamente diverso desde muchos puntos de vista, desde su geograf\u00eda y clima, hasta la diversidad cultural, culinaria y racial que existe a lo largo y ancho del pa\u00eds. La poblaci\u00f3n no es la misma en Yucat\u00e1n que en Guerrero, en Oaxaca y Veracruz, en Tamaulipas y en Chihuahua.<\/p>\n<p style=\"text-align: justify;\">Enfoc\u00e1ndonos en nuestro estado de Chihuahua, no es la misma poblaci\u00f3n la de la ciudad de Chihuahua y la de nuestra fronteriza Ciudad Ju\u00e1rez. Sin embargo, se pretende ser exitoso en el gobierno y en el desarrollo econ\u00f3mico y social, haciendo las mismas cosas que hemos realizado en el pasado, y que, a lo menos en Ciudad Ju\u00e1rez, no han dado resultados.<\/p>\n<p style=\"text-align: justify;\">Es menester que regresemos a lo esencial. Desde preguntarnos \u00bfpara qu\u00e9 sirve el gobierno?, \u00bfpor qu\u00e9 seguimos con los problemas de seguridad que contin\u00faan deterior\u00e1ndose?, \u00bfpor qu\u00e9 no vemos progreso econ\u00f3mico, por m\u00e1s que producimos m\u00e1s de 50 mil millones de d\u00f3lares anuales, en valor total de producto, de lo que exportamos desde nuestra ciudad?<\/p>\n<p style=\"text-align: justify;\">Estas preguntas, nos llevan a plantearnos la necesidad de que los liderazgos de Ciudad Ju\u00e1rez se tienen que juntar para consensuar lo que tenemos que hacer, m\u00e1s a\u00fan, ante las amenazas que nos vienen del norte, ante las locuras del Presidente Trump.<\/p>\n<p style=\"text-align: justify;\">Las soluciones no son m\u00e1gicas, pero si tenemos que empezar por romper esquemas, haciendo las cosas bien, privilegiando siempre al ciudadano, creando modelos innovadores de desarrollo con participaci\u00f3n ciudadana y aprovechando la gran creatividad y efectividad laboral de nuestros ciudadanos.<\/p>\n<p style=\"text-align: justify;\">Primeramente, es necesario que reconozcamos que para que una Ciudad como la nuestra salga adelante, el tratamiento hacia ella, que tradicionalmente han tenido los gobiernos del Estado y el Federal, tienen que cambiar. Considero que el caso Ju\u00e1rez, es el m\u00e1s claro ejemplo de una ciudad explotada por sus gobiernos. \u00danicamente aportamos sin recibir nada a cambio nada. Sufrimos un aut\u00e9ntico colonialismo interno.<\/p>\n<p style=\"text-align: justify;\">Nuestra ciudad es una verdadera verg\u00fcenza para Chihuahua y para M\u00e9xico, con la energ\u00eda de sus habitantes para producir esa enorme cantidad de bienes y servicios, el estado en el que estamos de abandono urbano, social y de seguridad, son un claro ejemplo de la tragedia en la que se ha convertido el desempe\u00f1o gubernamental, social y sobre todo de sus liderazgos, que en gran medida son los responsables de esta situaci\u00f3n, sin menoscabo de que la poblaci\u00f3n en general ha estado pasiva y aguantando.<\/p>\n<p style=\"text-align: justify;\">Tenemos grandes oportunidades con el nuevo gobierno del Estado, y con la misma expulsi\u00f3n del PRI del gobierno municipal y del Congreso del Estado, pero si seguimos ejerciendo los mismos paradigmas pol\u00edticos, econ\u00f3micos y sociales, no se vislumbra que vayamos a mejorar, y m\u00e1s a\u00fan, podr\u00edamos caer presas de falsos liderazgos demag\u00f3gicos que nos pudieran hundir m\u00e1s.<\/p>\n<p style=\"text-align: justify;\">Por eso, hay que planear tener grandes consensos, a trav\u00e9s de m\u00faltiples metodolog\u00edas que se pueden ejercer, para comunicar a sociedad y gobierno, conjuntamente con los liderazgos, empresariales, sociales, universitarios, culturales y gubernamentales, para que en lugar de enfrascarnos en una guerra pol\u00edtica por el poder en el 2018, podamos trabajar juntos en un proyecto com\u00fan, que se desarrolle por los nuevos gobernantes que presenten una cara de compromiso sin demagogia ni mercadotecnia, sino una sincera y abierta disposici\u00f3n de liderar un proyecto previamente consensuado, en donde ya no sea tan importante quien dirija, porque ya se haya llegado a un acuerdo de qu\u00e9 hacer.<\/p>\n<p style=\"text-align: justify;\">Ese es el reto que se nos avecina, debemos inmediatamente ponernos a trabajar para lograr tener un proyecto de ciudad que se pueda convertir en punta de lanza y ejemplo a seguir para el resto de nuestro estado, claro est\u00e1, guardando las particularidades y peculiaridades de cada entorno, y que sirva tambi\u00e9n de ejemplo de desarrollo de nuestras otras fronteras.<\/p>\n","protected":false},"excerpt":{"rendered":"<p>Hay muchas voces de revoluci\u00f3n y cambio que se oyen por todos lados y en todo el mundo. He dicho en mis Columnas y en los foros en donde he participado, que estamos viviendo tiempos de un \u201cquiebre hist\u00f3rico\u201d.<\/p>\n","protected":false},"author":6,"featured_media":0,"comment_status":"open","ping_status":"open","sticky":false,"template":"","format":"standard","meta":{"_acf_changed":false,"_monsterinsights_skip_tracking":false,"slim_seo":{"title":"Tenemos que cambiar lo que hacemos - Opini\u00f3n P\u00fablica","description":"Hay muchas voces de revoluci\u00f3n y cambio que se oyen por todos lados y en todo el mundo. He dicho en mis Columnas y en los foros en donde he participado, que est"},"footnotes":""},"categories":[17],"tags":[],"class_list":["post-11932","post","type-post","status-publish","format-standard","hentry","category-ultima-instancia"],"acf":[],"_links":{"self":[{"href":"https:\/\/www.opinionpublica.tv\/portada\/wp-json\/wp\/v2\/posts\/11932","targetHints":{"allow":["GET"]}}],"collection":[{"href":"https:\/\/www.opinionpublica.tv\/portada\/wp-json\/wp\/v2\/posts"}],"about":[{"href":"https:\/\/www.opinionpublica.tv\/portada\/wp-json\/wp\/v2\/types\/post"}],"author":[{"embeddable":true,"href":"https:\/\/www.opinionpublica.tv\/portada\/wp-json\/wp\/v2\/users\/6"}],"replies":[{"embeddable":true,"href":"https:\/\/www.opinionpublica.tv\/portada\/wp-json\/wp\/v2\/comments?post=11932"}],"version-history":[{"count":0,"href":"https:\/\/www.opinionpublica.tv\/portada\/wp-json\/wp\/v2\/posts\/11932\/revisions"}],"wp:attachment":[{"href":"https:\/\/www.opinionpublica.tv\/portada\/wp-json\/wp\/v2\/media?parent=11932"}],"wp:term":[{"taxonomy":"category","embeddable":true,"href":"https:\/\/www.opinionpublica.tv\/portada\/wp-json\/wp\/v2\/categories?post=11932"},{"taxonomy":"post_tag","embeddable":true,"href":"https:\/\/www.opinionpublica.tv\/portada\/wp-json\/wp\/v2\/tags?post=11932"}],"curies":[{"name":"wp","href":"https:\/\/api.w.org\/{rel}","templated":true}]}}