{"id":11759,"date":"2017-02-14T07:00:00","date_gmt":"2017-02-14T06:00:00","guid":{"rendered":"https:\/\/www.opinionpublica.tv\/portada\/2017\/02\/14\/se-desploma-el-pri-en-preferencias-electorales-en-edomex\/"},"modified":"2017-02-14T07:00:00","modified_gmt":"2017-02-14T06:00:00","slug":"se-desploma-el-pri-en-preferencias-electorales-en-edomex","status":"publish","type":"post","link":"https:\/\/www.opinionpublica.tv\/portada\/se-desploma-el-pri-en-preferencias-electorales-en-edomex\/","title":{"rendered":"Se desploman preferencias del PRI en el Estado de M\u00e9xico"},"content":{"rendered":"<p><img fetchpriority=\"high\" decoding=\"async\" class=\" size-full wp-image-11758\" src=\"https:\/\/www.opinionpublica.tv\/portada\/wp-content\/uploads\/2017\/02\/cf34c8dbe011e905c8a8ce523aa3a7c2.jpg\" alt=\"\" width=\"600\" height=\"330\" srcset=\"https:\/\/www.opinionpublica.tv\/portada\/wp-content\/uploads\/2017\/02\/cf34c8dbe011e905c8a8ce523aa3a7c2.jpg 600w, https:\/\/www.opinionpublica.tv\/portada\/wp-content\/uploads\/2017\/02\/cf34c8dbe011e905c8a8ce523aa3a7c2-300x165.jpg 300w\" sizes=\"(max-width: 600px) 100vw, 600px\" \/><br \/>\n<!--more--><\/p>\n<p style=\"text-align: justify;\">La elecci\u00f3n del nuevo gobernador del Estado de M\u00e9xico se prev\u00e9 competida y sin un claro ganador, seg\u00fan\u00a0revela la \u00faltima encuesta realizada por EL UNIVERSAL, en la que el Partido Revolucionario Institucional (PRI) mantiene una ligera ventaja sobre el Partido Acci\u00f3n Nacional (PAN) y hay una fuerte presencia de Morena en la entidad.<\/p>\n<p style=\"text-align: justify;\">En los careos entre candidatos, el abanderado pri\u00edsta, Alfredo Del Mazo, vencer\u00eda en casi todos los escenarios, salvo en los que el contendiente panista es Jos\u00e9 Luis Dur\u00e1n o la senadora Laura Rojas.<\/p>\n<p style=\"text-align: justify;\">En esos casos, la ganadora es Delfina G\u00f3mez, de Morena. Lo que m\u00e1s llama la atenci\u00f3n de c\u00f3mo evolucionaron las preferencias electorales en el Estado de M\u00e9xico es en el crecimiento que tuvo Morena, que pas\u00f3 de estar en cinco puntos a 11.6<\/p>\n<p style=\"text-align: justify;\">Tambi\u00e9n se destaca la forma en que el PRI se cay\u00f3 dr\u00e1sticamente en el mismo lapso y que no se ha podido recuperar pese a las alianzas que sign\u00f3 con los partidos Verde Ecologista, Nueva Alianza y Encuentro Social.<\/p>\n<p style=\"text-align: justify;\">En el \u00faltimo trimeste que se evalu\u00f3 el tricolor perdi\u00f3 alrededor de siete puntos, que son considerados como delicados en t\u00e9rminos electorales.<\/p>\n<p style=\"text-align: justify;\">Si se analizan los n\u00fameros, casi el mismo n\u00famero de puntos que perdi\u00f3 el Partido Revolucionario Institucional los sum\u00f3 Morena. No obstante, en cualquier caso, las presuntas victorias electorales de Del Mazo y G\u00f3mez se dar\u00edan dentro del margen de error, lo que se traducir\u00eda en un empate t\u00e9cnico.<\/p>\n<p style=\"text-align: justify;\">Cuando se pregunta a los entrevistados el sentido de su voto por partido, el PRI obtendr\u00eda 15.6% de los votos; el PAN, 13.3%; Morena, 11.6%; mientras la alianza entre el Partido de la Revoluci\u00f3n Democr\u00e1tica (PRD) y el Partido del Trabajo (PT) tendr\u00eda 11.5%.<\/p>\n<p style=\"text-align: justify;\">En el escenario en que compiten Alfredo Del Mazo (PRI), Josefina V\u00e1zquez Mota (PAN), Delfina G\u00f3mez (Morena) y Juan Zepeda (PRD-PT), el pri\u00edsta ganar\u00eda, pero solamente con 0.2% puntos de ventaja sobre la panista, mientras que Delfina G\u00f3mez estar\u00eda por detr\u00e1s s\u00f3lo dos puntos porcentuales respecto del candidato vencedor.<\/p>\n","protected":false},"excerpt":{"rendered":"","protected":false},"author":6,"featured_media":11758,"comment_status":"open","ping_status":"open","sticky":false,"template":"","format":"standard","meta":{"_acf_changed":false,"_monsterinsights_skip_tracking":false,"slim_seo":{"title":"Se desploman preferencias del PRI en el Estado de M\u00e9xico - Opini\u00f3n P\u00fablica","description":"La elecci\u00f3n del nuevo gobernador del Estado de M\u00e9xico se prev\u00e9 competida y sin un claro ganador, seg\u00fan\u00a0revela la \u00faltima encuesta realizada por EL UNIVERSAL, en"},"footnotes":""},"categories":[9],"tags":[],"class_list":["post-11759","post","type-post","status-publish","format-standard","has-post-thumbnail","hentry","category-nacional"],"acf":[],"_links":{"self":[{"href":"https:\/\/www.opinionpublica.tv\/portada\/wp-json\/wp\/v2\/posts\/11759","targetHints":{"allow":["GET"]}}],"collection":[{"href":"https:\/\/www.opinionpublica.tv\/portada\/wp-json\/wp\/v2\/posts"}],"about":[{"href":"https:\/\/www.opinionpublica.tv\/portada\/wp-json\/wp\/v2\/types\/post"}],"author":[{"embeddable":true,"href":"https:\/\/www.opinionpublica.tv\/portada\/wp-json\/wp\/v2\/users\/6"}],"replies":[{"embeddable":true,"href":"https:\/\/www.opinionpublica.tv\/portada\/wp-json\/wp\/v2\/comments?post=11759"}],"version-history":[{"count":0,"href":"https:\/\/www.opinionpublica.tv\/portada\/wp-json\/wp\/v2\/posts\/11759\/revisions"}],"wp:featuredmedia":[{"embeddable":true,"href":"https:\/\/www.opinionpublica.tv\/portada\/wp-json\/wp\/v2\/media\/11758"}],"wp:attachment":[{"href":"https:\/\/www.opinionpublica.tv\/portada\/wp-json\/wp\/v2\/media?parent=11759"}],"wp:term":[{"taxonomy":"category","embeddable":true,"href":"https:\/\/www.opinionpublica.tv\/portada\/wp-json\/wp\/v2\/categories?post=11759"},{"taxonomy":"post_tag","embeddable":true,"href":"https:\/\/www.opinionpublica.tv\/portada\/wp-json\/wp\/v2\/tags?post=11759"}],"curies":[{"name":"wp","href":"https:\/\/api.w.org\/{rel}","templated":true}]}}