{"id":11753,"date":"2017-02-14T07:00:00","date_gmt":"2017-02-14T06:00:00","guid":{"rendered":"https:\/\/www.opinionpublica.tv\/portada\/2017\/02\/14\/este-miercoles-ultimo-dia-para-inscripciones-para-proximo-ciclo-escolar\/"},"modified":"2017-02-14T07:00:00","modified_gmt":"2017-02-14T06:00:00","slug":"este-miercoles-ultimo-dia-para-inscripciones-para-proximo-ciclo-escolar","status":"publish","type":"post","link":"https:\/\/www.opinionpublica.tv\/portada\/este-miercoles-ultimo-dia-para-inscripciones-para-proximo-ciclo-escolar\/","title":{"rendered":"Este mi\u00e9rcoles \u00faltimo d\u00eda para inscripciones escolares"},"content":{"rendered":"<p><img fetchpriority=\"high\" decoding=\"async\" class=\" size-full wp-image-11752\" src=\"https:\/\/www.opinionpublica.tv\/portada\/wp-content\/uploads\/2017\/02\/152bd672a008165b4b1e8f67838e16f3-scaled.jpg\" alt=\"\" width=\"2560\" height=\"1707\" srcset=\"https:\/\/www.opinionpublica.tv\/portada\/wp-content\/uploads\/2017\/02\/152bd672a008165b4b1e8f67838e16f3-scaled.jpg 2560w, https:\/\/www.opinionpublica.tv\/portada\/wp-content\/uploads\/2017\/02\/152bd672a008165b4b1e8f67838e16f3-300x200.jpg 300w\" sizes=\"(max-width: 2560px) 100vw, 2560px\" \/><br \/>\n<!--more--><\/p>\n<p style=\"text-align: justify;\">Autoridades educativas hicieron un llamado a los padres de familia para que aprovechen el \u00faltimo d\u00eda del periodo de inscripci\u00f3n, ya que la informaci\u00f3n que se obtenga de esto podr\u00e1 ayudar para que el nuevo ciclo escolar los estudiantes tengan un lugar en las aulas, as\u00ed como docentes y libros.<\/p>\n<p style=\"text-align: justify;\">Seg\u00fan el \u00faltimo reporte, en Ciudad Ju\u00e1rez se tiene una inscripci\u00f3n aproximada del 70 por ciento por ciento.<\/p>\n<p style=\"text-align: justify;\">Claudia Silva, coordinadora de Educaci\u00f3n en la Zona Norte del Subsistema Estatal, coment\u00f3 que es importante que padres de familia y tutores tengan en cuenta que la educaci\u00f3n inicia con la inscripci\u00f3n.<\/p>\n<p style=\"text-align: justify;\">\u201cEs muy necesario que este proceso se lleve a cabo, pues cuando se generan los recursos para cubrir el siguiente ciclo escolar, la cifra que se toma en cuenta es la que nos arroja el proceso de preinscripci\u00f3n\u201d, se\u00f1al\u00f3.<\/p>\n<p style=\"text-align: justify;\">Explic\u00f3 que mediante este esquema se puede conocer la cantidad de inmobiliario educativo que se necesita en preescolar, primaria y secundaria; todo esto se toma en base a la preinscripci\u00f3n de los alumnos, as\u00ed como la contrataci\u00f3n de los docentes que se van a necesitar para el pr\u00f3ximo a\u00f1o.<\/p>\n<p style=\"text-align: justify;\">\u201cIncluso, se llegan a fusionar algunos de los salones donde la preinscripci\u00f3n se reduce y esos docentes se mandan a donde la preinscripci\u00f3n generan mayor demanda, los libros de texto de igual manera, que son una herramienta muy \u00fatil para la educaci\u00f3n y que los padres de familia no toman ese hecho en cuenta\u201d, dijo.<\/p>\n<p style=\"text-align: justify;\">La funcionaria coment\u00f3 que en caso de que no exista cupo en la escuela de su preferencia, \u201cla educaci\u00f3n est\u00e1 garantizada; siempre vamos a tener cupo para todos los ni\u00f1os y j\u00f3venes que deseen accesar a ella.<\/p>\n","protected":false},"excerpt":{"rendered":"","protected":false},"author":6,"featured_media":11752,"comment_status":"open","ping_status":"open","sticky":false,"template":"","format":"standard","meta":{"_acf_changed":false,"_monsterinsights_skip_tracking":false,"slim_seo":{"title":"Este mi\u00e9rcoles \u00faltimo d\u00eda para inscripciones escolares - Opini\u00f3n P\u00fablica","description":"Autoridades educativas hicieron un llamado a los padres de familia para que aprovechen el \u00faltimo d\u00eda del periodo de inscripci\u00f3n, ya que la informaci\u00f3n que se ob"},"footnotes":""},"categories":[5],"tags":[],"class_list":["post-11753","post","type-post","status-publish","format-standard","has-post-thumbnail","hentry","category-frontera"],"acf":[],"_links":{"self":[{"href":"https:\/\/www.opinionpublica.tv\/portada\/wp-json\/wp\/v2\/posts\/11753","targetHints":{"allow":["GET"]}}],"collection":[{"href":"https:\/\/www.opinionpublica.tv\/portada\/wp-json\/wp\/v2\/posts"}],"about":[{"href":"https:\/\/www.opinionpublica.tv\/portada\/wp-json\/wp\/v2\/types\/post"}],"author":[{"embeddable":true,"href":"https:\/\/www.opinionpublica.tv\/portada\/wp-json\/wp\/v2\/users\/6"}],"replies":[{"embeddable":true,"href":"https:\/\/www.opinionpublica.tv\/portada\/wp-json\/wp\/v2\/comments?post=11753"}],"version-history":[{"count":0,"href":"https:\/\/www.opinionpublica.tv\/portada\/wp-json\/wp\/v2\/posts\/11753\/revisions"}],"wp:featuredmedia":[{"embeddable":true,"href":"https:\/\/www.opinionpublica.tv\/portada\/wp-json\/wp\/v2\/media\/11752"}],"wp:attachment":[{"href":"https:\/\/www.opinionpublica.tv\/portada\/wp-json\/wp\/v2\/media?parent=11753"}],"wp:term":[{"taxonomy":"category","embeddable":true,"href":"https:\/\/www.opinionpublica.tv\/portada\/wp-json\/wp\/v2\/categories?post=11753"},{"taxonomy":"post_tag","embeddable":true,"href":"https:\/\/www.opinionpublica.tv\/portada\/wp-json\/wp\/v2\/tags?post=11753"}],"curies":[{"name":"wp","href":"https:\/\/api.w.org\/{rel}","templated":true}]}}