{"id":11751,"date":"2017-02-14T07:00:00","date_gmt":"2017-02-14T06:00:00","guid":{"rendered":"https:\/\/www.opinionpublica.tv\/portada\/2017\/02\/14\/clausuran-asilo-de-ancianos-por-falta-de-condiciones-sanitarias\/"},"modified":"2017-02-14T07:00:00","modified_gmt":"2017-02-14T06:00:00","slug":"clausuran-asilo-de-ancianos-por-falta-de-condiciones-sanitarias","status":"publish","type":"post","link":"https:\/\/www.opinionpublica.tv\/portada\/clausuran-asilo-de-ancianos-por-falta-de-condiciones-sanitarias\/","title":{"rendered":"Clausuran asilo de ancianos por falta de condiciones sanitarias"},"content":{"rendered":"<p><img fetchpriority=\"high\" decoding=\"async\" class=\" size-full wp-image-11750\" src=\"https:\/\/www.opinionpublica.tv\/portada\/wp-content\/uploads\/2017\/02\/4d6554e5949c63eba8f295980c99eb33-scaled.jpg\" alt=\"\" width=\"2560\" height=\"1707\" srcset=\"https:\/\/www.opinionpublica.tv\/portada\/wp-content\/uploads\/2017\/02\/4d6554e5949c63eba8f295980c99eb33-scaled.jpg 2560w, https:\/\/www.opinionpublica.tv\/portada\/wp-content\/uploads\/2017\/02\/4d6554e5949c63eba8f295980c99eb33-300x200.jpg 300w\" sizes=\"(max-width: 2560px) 100vw, 2560px\" \/><br \/>\n<!--more--><\/p>\n<p style=\"text-align: justify;\">La Comisi\u00f3n Estatal de Protecci\u00f3n contra Riesgos Sanitarios (Coespris), clausur\u00f3 el asilo de ancianos Arcoiris, debido a que no contaba con las condiciones sanitarias para la garantizar la salud y permanencia de los ancianos.<\/p>\n<p style=\"text-align: justify;\">Dar\u00edo C\u00e1rdenas Mon\u00e1rrez, titular de esta dependencia en la zona norte, inform\u00f3 que alrededor de 20 personas fueron reubicadas en otros asilos o enviadas con sus familiares ya que las condiciones de higiene, de control y manejo de los ancianos no eran las adecuadas.<\/p>\n<p style=\"text-align: justify;\">Desde el 16 de enero la Coespris acudi\u00f3 a este asilo debido a una queja recibida en la subsecretar\u00eda de gobierno, al acudir a la revisi\u00f3n, se detect\u00f3 que inmueble no contaba con las especificaciones necesarias para su operaci\u00f3n.<\/p>\n<p style=\"text-align: justify;\">\u201cA este asilo se acudi\u00f3 por una denuncia desde el 16 de enero, se hicieron las observaciones porque las cuestiones higi\u00e9nicas son bastante deplorables, no hay expedientes m\u00e9dicos, los techos en mal estado, no hay barras para que se detengan, no hay m\u00e9dico que los revise\u201d, se\u00f1al\u00f3.<\/p>\n<p style=\"text-align: justify;\">A la suspensi\u00f3n acudieron personal de Protecci\u00f3n Civil Estatal y Municipal, la Comisi\u00f3n Estatal de Derechos Humanos, la Procuradur\u00eda de la Defensa del Menor del DIF, la Jurisdicci\u00f3n Sanitaria II y la Coespris.<\/p>\n<p style=\"text-align: justify;\">El funcionario agreg\u00f3 que el establecimiento podr\u00e1 operar nuevamente cuando se encuentre en las condiciones adecuadas y la Coespris avale dicha reapertura.<\/p>\n","protected":false},"excerpt":{"rendered":"","protected":false},"author":6,"featured_media":11750,"comment_status":"open","ping_status":"open","sticky":false,"template":"","format":"standard","meta":{"_acf_changed":false,"_monsterinsights_skip_tracking":false,"slim_seo":{"title":"Clausuran asilo de ancianos por falta de condiciones sanitarias - Opini\u00f3n P\u00fablica","description":"La Comisi\u00f3n Estatal de Protecci\u00f3n contra Riesgos Sanitarios (Coespris), clausur\u00f3 el asilo de ancianos Arcoiris, debido a que no contaba con las condiciones sani"},"footnotes":""},"categories":[5],"tags":[],"class_list":["post-11751","post","type-post","status-publish","format-standard","has-post-thumbnail","hentry","category-frontera"],"acf":[],"_links":{"self":[{"href":"https:\/\/www.opinionpublica.tv\/portada\/wp-json\/wp\/v2\/posts\/11751","targetHints":{"allow":["GET"]}}],"collection":[{"href":"https:\/\/www.opinionpublica.tv\/portada\/wp-json\/wp\/v2\/posts"}],"about":[{"href":"https:\/\/www.opinionpublica.tv\/portada\/wp-json\/wp\/v2\/types\/post"}],"author":[{"embeddable":true,"href":"https:\/\/www.opinionpublica.tv\/portada\/wp-json\/wp\/v2\/users\/6"}],"replies":[{"embeddable":true,"href":"https:\/\/www.opinionpublica.tv\/portada\/wp-json\/wp\/v2\/comments?post=11751"}],"version-history":[{"count":0,"href":"https:\/\/www.opinionpublica.tv\/portada\/wp-json\/wp\/v2\/posts\/11751\/revisions"}],"wp:featuredmedia":[{"embeddable":true,"href":"https:\/\/www.opinionpublica.tv\/portada\/wp-json\/wp\/v2\/media\/11750"}],"wp:attachment":[{"href":"https:\/\/www.opinionpublica.tv\/portada\/wp-json\/wp\/v2\/media?parent=11751"}],"wp:term":[{"taxonomy":"category","embeddable":true,"href":"https:\/\/www.opinionpublica.tv\/portada\/wp-json\/wp\/v2\/categories?post=11751"},{"taxonomy":"post_tag","embeddable":true,"href":"https:\/\/www.opinionpublica.tv\/portada\/wp-json\/wp\/v2\/tags?post=11751"}],"curies":[{"name":"wp","href":"https:\/\/api.w.org\/{rel}","templated":true}]}}