{"id":11743,"date":"2017-02-13T07:00:00","date_gmt":"2017-02-13T06:00:00","guid":{"rendered":"https:\/\/www.opinionpublica.tv\/portada\/2017\/02\/13\/diputada-adriana-fuentes-entrega-bebederos-escolares-en-juarez\/"},"modified":"2017-02-13T07:00:00","modified_gmt":"2017-02-13T06:00:00","slug":"diputada-adriana-fuentes-entrega-bebederos-escolares-en-juarez","status":"publish","type":"post","link":"https:\/\/www.opinionpublica.tv\/portada\/diputada-adriana-fuentes-entrega-bebederos-escolares-en-juarez\/","title":{"rendered":"Diputada Adriana Fuentes entrega bebederos escolares en Ju\u00e1rez"},"content":{"rendered":"<p><img fetchpriority=\"high\" decoding=\"async\" class=\" size-full wp-image-11742\" src=\"https:\/\/www.opinionpublica.tv\/portada\/wp-content\/uploads\/2017\/02\/40122d93f55f49fb6c7b0715c6c431f1.jpg\" alt=\"\" width=\"1186\" height=\"890\" srcset=\"https:\/\/www.opinionpublica.tv\/portada\/wp-content\/uploads\/2017\/02\/40122d93f55f49fb6c7b0715c6c431f1.jpg 1186w, https:\/\/www.opinionpublica.tv\/portada\/wp-content\/uploads\/2017\/02\/40122d93f55f49fb6c7b0715c6c431f1-300x225.jpg 300w, https:\/\/www.opinionpublica.tv\/portada\/wp-content\/uploads\/2017\/02\/40122d93f55f49fb6c7b0715c6c431f1-1024x768.jpg 1024w, https:\/\/www.opinionpublica.tv\/portada\/wp-content\/uploads\/2017\/02\/40122d93f55f49fb6c7b0715c6c431f1-768x576.jpg 768w\" sizes=\"(max-width: 1186px) 100vw, 1186px\" \/><br \/>\n<!--more--><\/p>\n<p style=\"text-align: justify;\">La diputada juarense Adriana Fuentes T\u00e9llez encabez\u00f3 este lunes un programa de entrega de bebederos escolares en la primaria federal, \u201cEducar para la Libertad\u201d, ubicada en Ciudad Ju\u00e1rez y puso en marcha el Programa \u201cPonte al 100\u201d.<\/p>\n<p style=\"text-align: justify;\">Explic\u00f3 que este programa es resultado de una reforma realizada a la Ley General de Infraestructura F\u00edsica y Educativa en el Congreso Estado, y tiene como objetivo dotar de agua limpia y segura para los alumnos, docentes y miembros de las escuelas de la entidad.<\/p>\n<p style=\"text-align: justify;\">\u201cEl garantizar el abasto de agua gratuita y de calidad en escuelas p\u00fablicas y privadas, coadyuvar\u00e1 a evitar que ni\u00f1os y j\u00f3venes consuman bebidas azucaradas da\u00f1inas para la salud\u201d, dijo la legisladora del Distrito 10 de esta frontera.<\/p>\n<p style=\"text-align: justify;\">Indic\u00f3 que \u00e9ste es un esfuerzo conjunto con Fundaci\u00f3n Coca-Cola que tiene como objetivo dotar de agua limpia y segura para fomentar la salud de los alumnos, docentes y miembros de las comunidades en las que opera.<\/p>\n<p style=\"text-align: justify;\">Fuentes T\u00e9llez mencion\u00f3 que mediante el proyecto \u201cPonte al 100\u201d se otorgar\u00e1n tambi\u00e9n kits de nutrici\u00f3n que incluyen b\u00e1sculas, tapetes de ejercicio, medidores de presi\u00f3n, entre otras cosas, con el objetivo de que mejoren su calidad de vida, en beneficio m\u00e1s de 10 mil 500 alumnos.<\/p>\n","protected":false},"excerpt":{"rendered":"","protected":false},"author":6,"featured_media":11742,"comment_status":"open","ping_status":"open","sticky":false,"template":"","format":"standard","meta":{"_acf_changed":false,"_monsterinsights_skip_tracking":false,"slim_seo":{"title":"Diputada Adriana Fuentes entrega bebederos escolares en Ju\u00e1rez - Opini\u00f3n P\u00fablica","description":"La diputada juarense Adriana Fuentes T\u00e9llez encabez\u00f3 este lunes un programa de entrega de bebederos escolares en la primaria federal, \u201cEducar para la Libertad\u201d,"},"footnotes":""},"categories":[5],"tags":[],"class_list":["post-11743","post","type-post","status-publish","format-standard","has-post-thumbnail","hentry","category-frontera"],"acf":[],"_links":{"self":[{"href":"https:\/\/www.opinionpublica.tv\/portada\/wp-json\/wp\/v2\/posts\/11743","targetHints":{"allow":["GET"]}}],"collection":[{"href":"https:\/\/www.opinionpublica.tv\/portada\/wp-json\/wp\/v2\/posts"}],"about":[{"href":"https:\/\/www.opinionpublica.tv\/portada\/wp-json\/wp\/v2\/types\/post"}],"author":[{"embeddable":true,"href":"https:\/\/www.opinionpublica.tv\/portada\/wp-json\/wp\/v2\/users\/6"}],"replies":[{"embeddable":true,"href":"https:\/\/www.opinionpublica.tv\/portada\/wp-json\/wp\/v2\/comments?post=11743"}],"version-history":[{"count":0,"href":"https:\/\/www.opinionpublica.tv\/portada\/wp-json\/wp\/v2\/posts\/11743\/revisions"}],"wp:featuredmedia":[{"embeddable":true,"href":"https:\/\/www.opinionpublica.tv\/portada\/wp-json\/wp\/v2\/media\/11742"}],"wp:attachment":[{"href":"https:\/\/www.opinionpublica.tv\/portada\/wp-json\/wp\/v2\/media?parent=11743"}],"wp:term":[{"taxonomy":"category","embeddable":true,"href":"https:\/\/www.opinionpublica.tv\/portada\/wp-json\/wp\/v2\/categories?post=11743"},{"taxonomy":"post_tag","embeddable":true,"href":"https:\/\/www.opinionpublica.tv\/portada\/wp-json\/wp\/v2\/tags?post=11743"}],"curies":[{"name":"wp","href":"https:\/\/api.w.org\/{rel}","templated":true}]}}