{"id":11727,"date":"2017-02-11T07:00:00","date_gmt":"2017-02-11T06:00:00","guid":{"rendered":"https:\/\/www.opinionpublica.tv\/portada\/2017\/02\/11\/frio-volvera-a-la-entidad-por-sexta-tormenta-invernal-smn\/"},"modified":"2017-02-11T07:00:00","modified_gmt":"2017-02-11T06:00:00","slug":"frio-volvera-a-la-entidad-por-sexta-tormenta-invernal-smn","status":"publish","type":"post","link":"https:\/\/www.opinionpublica.tv\/portada\/frio-volvera-a-la-entidad-por-sexta-tormenta-invernal-smn\/","title":{"rendered":"Fr\u00edo volver\u00e1 a la entidad por sexta Tormenta Invernal: SMN"},"content":{"rendered":"<p><img fetchpriority=\"high\" decoding=\"async\" class=\" size-full wp-image-11726\" src=\"https:\/\/www.opinionpublica.tv\/portada\/wp-content\/uploads\/2017\/02\/199fe37c18ce85f13453c0cba47c8548.jpg\" alt=\"\" width=\"700\" height=\"394\" srcset=\"https:\/\/www.opinionpublica.tv\/portada\/wp-content\/uploads\/2017\/02\/199fe37c18ce85f13453c0cba47c8548.jpg 700w, https:\/\/www.opinionpublica.tv\/portada\/wp-content\/uploads\/2017\/02\/199fe37c18ce85f13453c0cba47c8548-300x169.jpg 300w\" sizes=\"(max-width: 700px) 100vw, 700px\" \/><br \/>\n<!--more--><\/p>\n<p style=\"text-align: justify;\">El Servicio Meteorol\u00f3gico Nacional inform\u00f3 que las bajas temperaturas de inicio de a\u00f1o volver\u00e1n a la entidad debido a la llegada de la sexta Tormenta Invernal y el Frente Fr\u00edo N\u00famero 28.<\/p>\n<p style=\"text-align: justify;\">Para este domingo, el SMN detall\u00f3 que se esperan temperaturas m\u00ednimas de entre -10 y -5 grados Celsius en zonas serranas de Chihuahua, y r\u00e1fagas de viento de hasta 60 kil\u00f3metros por hora en otras partes de la entidad. Tambi\u00e9n se esperan intervalos de chubascos en varios municipios.<\/p>\n<p style=\"text-align: justify;\">El Frente Fr\u00edo N\u00famero 28 se extiende por el noroeste de M\u00e9xico, mientras la sexta Tormenta Invernal se encuentra al suroeste del estado de California, E.U.A.<\/p>\n<p style=\"text-align: justify;\">Una zona de alta presi\u00f3n generar\u00e1 viento del sur y el sureste en el litoral del Golfo de M\u00e9xico con rachas que podr\u00edan superar los 50 km\/h.<\/p>\n","protected":false},"excerpt":{"rendered":"","protected":false},"author":4,"featured_media":11726,"comment_status":"open","ping_status":"open","sticky":false,"template":"","format":"standard","meta":{"_acf_changed":false,"_monsterinsights_skip_tracking":false,"slim_seo":{"title":"Fr\u00edo volver\u00e1 a la entidad por sexta Tormenta Invernal: SMN - Opini\u00f3n P\u00fablica","description":"El Servicio Meteorol\u00f3gico Nacional inform\u00f3 que las bajas temperaturas de inicio de a\u00f1o volver\u00e1n a la entidad debido a la llegada de la sexta Tormenta Invernal y"},"footnotes":""},"categories":[4],"tags":[],"class_list":["post-11727","post","type-post","status-publish","format-standard","has-post-thumbnail","hentry","category-pulsopolitico"],"acf":[],"_links":{"self":[{"href":"https:\/\/www.opinionpublica.tv\/portada\/wp-json\/wp\/v2\/posts\/11727","targetHints":{"allow":["GET"]}}],"collection":[{"href":"https:\/\/www.opinionpublica.tv\/portada\/wp-json\/wp\/v2\/posts"}],"about":[{"href":"https:\/\/www.opinionpublica.tv\/portada\/wp-json\/wp\/v2\/types\/post"}],"author":[{"embeddable":true,"href":"https:\/\/www.opinionpublica.tv\/portada\/wp-json\/wp\/v2\/users\/4"}],"replies":[{"embeddable":true,"href":"https:\/\/www.opinionpublica.tv\/portada\/wp-json\/wp\/v2\/comments?post=11727"}],"version-history":[{"count":0,"href":"https:\/\/www.opinionpublica.tv\/portada\/wp-json\/wp\/v2\/posts\/11727\/revisions"}],"wp:featuredmedia":[{"embeddable":true,"href":"https:\/\/www.opinionpublica.tv\/portada\/wp-json\/wp\/v2\/media\/11726"}],"wp:attachment":[{"href":"https:\/\/www.opinionpublica.tv\/portada\/wp-json\/wp\/v2\/media?parent=11727"}],"wp:term":[{"taxonomy":"category","embeddable":true,"href":"https:\/\/www.opinionpublica.tv\/portada\/wp-json\/wp\/v2\/categories?post=11727"},{"taxonomy":"post_tag","embeddable":true,"href":"https:\/\/www.opinionpublica.tv\/portada\/wp-json\/wp\/v2\/tags?post=11727"}],"curies":[{"name":"wp","href":"https:\/\/api.w.org\/{rel}","templated":true}]}}