{"id":11725,"date":"2017-02-11T07:00:00","date_gmt":"2017-02-11T06:00:00","guid":{"rendered":"https:\/\/www.opinionpublica.tv\/portada\/2017\/02\/11\/reportan-cientos-de-arrestos-de-inmigrantes-indocumentados-en-eu\/"},"modified":"2017-02-11T07:00:00","modified_gmt":"2017-02-11T06:00:00","slug":"reportan-cientos-de-arrestos-de-inmigrantes-indocumentados-en-eu","status":"publish","type":"post","link":"https:\/\/www.opinionpublica.tv\/portada\/reportan-cientos-de-arrestos-de-inmigrantes-indocumentados-en-eu\/","title":{"rendered":"Reportan cientos de arrestos de inmigrantes indocumentados en EU"},"content":{"rendered":"<p><img fetchpriority=\"high\" decoding=\"async\" class=\" size-full wp-image-11724\" src=\"https:\/\/www.opinionpublica.tv\/portada\/wp-content\/uploads\/2017\/02\/2847ef6a5c60d60c002638688a633f44.jpg\" alt=\"\" width=\"380\" height=\"215\" srcset=\"https:\/\/www.opinionpublica.tv\/portada\/wp-content\/uploads\/2017\/02\/2847ef6a5c60d60c002638688a633f44.jpg 380w, https:\/\/www.opinionpublica.tv\/portada\/wp-content\/uploads\/2017\/02\/2847ef6a5c60d60c002638688a633f44-300x170.jpg 300w\" sizes=\"(max-width: 380px) 100vw, 380px\" \/><br \/>\n<!--more--><\/p>\n<p style=\"text-align: justify;\">Legisladores y pol\u00edticos dem\u00f3cratas expresaron su preocupaci\u00f3n el viernes y el s\u00e1bado sobre las acciones de aplicaci\u00f3n de las leyes inmigratorias en Estados Unidos &#8211; aunque funcionarios de inmigraci\u00f3n dicen que solo se est\u00e1n realizando acciones de rutina dirigidas a criminales.<\/p>\n<p style=\"text-align: justify;\">El miedo es elevado entre las comunidades inmigrantes desde la toma de posesi\u00f3n de Donald Trump &#8211; y luego de la reciente y muy publicitada\u00a0<a href=\"http:\/\/cnnespanol.cnn.com\/2017\/02\/09\/la-deportacion-de-esta-madre-mexicana-provoco-protestas-en-arizona\/\">deportaci\u00f3n de una madre de dos hijos indocumentada en\u00a0Arizona<\/a>\u00a0luego de una visita de rutina con sus agentes de inmigraci\u00f3n, se han esparcido reportes de que la Oficina de Inmigraci\u00f3n y Aduanas (ICE, por sus siglas en ingl\u00e9s) estaba aumentando sus acciones en suroeste de Estados Unidos.<\/p>\n<p style=\"text-align: justify;\">Las acciones son el primer esfuerzo concertado\u00a0por la agencia bajo la presidencia de Trump para arrestar a inmigrantes indocumentados para procedimientos de deportaci\u00f3n.<\/p>\n<p style=\"text-align: justify;\">No est\u00e1 claro en este punto de la naciente administraci\u00f3n si se trata de una se\u00f1al de cosas por venir, o si las acciones eran conducidas bajo cualquier procedimiento distinto de los existentes durante el gobierno de Barack Obama. Era la falta de certeza, la publicidad de los operativos y la alta tensi\u00f3n entre elevada por los comentarios p\u00fablicos de funcionarios del gobierno de Trump sobre el tema de la inmigraci\u00f3n lo que ten\u00eda a los dem\u00f3cratas solicitando mayor informaci\u00f3n.<\/p>\n<p style=\"text-align: justify;\">\u00abEstos reportes muestran las serias consecuencias del decreto del presidente, que permite que todos los inmigrantes indocumentados sean categorizados como criminales y requiere un aumento del cumplimiento de la ley en las comunidades, en lugar de enfocarse en los criminales peligrosos\u00bb, dijo la senadora de California Dianne Feinstein en un comunicado en respuesta a reportes de medios sobre el aumento de las medidas, incluyendo reportes de que las acciones estaban enfoc\u00e1ndose en inmigrantes indocumentados de baja prioridad, incluyendo hombres y mujeres con familias.<\/p>\n<p style=\"text-align: justify;\">La Oficina de Inmigraci\u00f3n y Aduanas en Los \u00c1ngeles dijo el viernes que hab\u00eda conducido una operaci\u00f3n de cinco d\u00edas dirigida a criminales y fugitivos, y dijo que la gran mayor\u00eda de los arrestados ten\u00edan historial criminal.<\/p>\n<p style=\"text-align: justify;\">Tratando de rechazar los informes de operativos indiscriminados, la\u00a0Oficina de Inmigraci\u00f3n y Aduanas public\u00f3 los resultados de la operaci\u00f3n en Los \u00c1ngeles, diciendo que unos 160 extranjeros hab\u00edan sido arrestados durante la semana. De ellos, 150 ten\u00edan registros criminales, y de los restantes, cinco ten\u00edan \u00f3rdenes de remoci\u00f3n o ya hab\u00edan sido deportados. El 95% eran hombres, dijeron.<\/p>\n<p style=\"text-align: justify;\">Aunque no hab\u00eda datos espec\u00edficos disponibles, la Oficina dijo que \u00abmuchos\u00bb de los individuos arrestados ten\u00edan detenciones previas por felon\u00edas, incluyendo cr\u00edmenes violentos como abuso de menores, o cargos por uso de armas o de asalto.<\/p>\n<p style=\"text-align: justify;\">Un funcionario de la dependencia confirm\u00f3 que Atlanta hab\u00eda realizado una operaci\u00f3n similar esta semana, y que aproximadamente 200 arrestos se hab\u00edan registrado\u00a0en Georgia y las Carolinas en rutinas similares.<\/p>\n<p style=\"text-align: justify;\">El representante dem\u00f3crata por California Joaquin Castro dijo en un comunicado que \u00e9l hab\u00eda confirmado con un agente de\u00a0la Oficina de Inmigraci\u00f3n y Aduanas en San Antonio que acciones similares hab\u00edan sido conducidas en Texas.<\/p>\n<p style=\"text-align: justify;\">Los n\u00fameros completos de las acciones en todo el pa\u00eds estar\u00e1n disponibles el lunes, dijo la agencia.<\/p>\n<p style=\"text-align: justify;\">Una portavoz del Departamento de Seguridad Nacional dijo en general que las acciones de la agencia era de \u00abrutina\u00bb y no parte de una red m\u00e1s extensa.<\/p>\n<p style=\"text-align: justify;\">Con informaci\u00f3n de CNN.<\/p>\n","protected":false},"excerpt":{"rendered":"","protected":false},"author":6,"featured_media":11724,"comment_status":"open","ping_status":"open","sticky":false,"template":"","format":"standard","meta":{"_acf_changed":false,"_monsterinsights_skip_tracking":false,"slim_seo":{"title":"Reportan cientos de arrestos de inmigrantes indocumentados en EU - Opini\u00f3n P\u00fablica","description":"Legisladores y pol\u00edticos dem\u00f3cratas expresaron su preocupaci\u00f3n el viernes y el s\u00e1bado sobre las acciones de aplicaci\u00f3n de las leyes inmigratorias en Estados Uni"},"footnotes":""},"categories":[24],"tags":[],"class_list":["post-11725","post","type-post","status-publish","format-standard","has-post-thumbnail","hentry","category-estados-unidos"],"acf":[],"_links":{"self":[{"href":"https:\/\/www.opinionpublica.tv\/portada\/wp-json\/wp\/v2\/posts\/11725","targetHints":{"allow":["GET"]}}],"collection":[{"href":"https:\/\/www.opinionpublica.tv\/portada\/wp-json\/wp\/v2\/posts"}],"about":[{"href":"https:\/\/www.opinionpublica.tv\/portada\/wp-json\/wp\/v2\/types\/post"}],"author":[{"embeddable":true,"href":"https:\/\/www.opinionpublica.tv\/portada\/wp-json\/wp\/v2\/users\/6"}],"replies":[{"embeddable":true,"href":"https:\/\/www.opinionpublica.tv\/portada\/wp-json\/wp\/v2\/comments?post=11725"}],"version-history":[{"count":0,"href":"https:\/\/www.opinionpublica.tv\/portada\/wp-json\/wp\/v2\/posts\/11725\/revisions"}],"wp:featuredmedia":[{"embeddable":true,"href":"https:\/\/www.opinionpublica.tv\/portada\/wp-json\/wp\/v2\/media\/11724"}],"wp:attachment":[{"href":"https:\/\/www.opinionpublica.tv\/portada\/wp-json\/wp\/v2\/media?parent=11725"}],"wp:term":[{"taxonomy":"category","embeddable":true,"href":"https:\/\/www.opinionpublica.tv\/portada\/wp-json\/wp\/v2\/categories?post=11725"},{"taxonomy":"post_tag","embeddable":true,"href":"https:\/\/www.opinionpublica.tv\/portada\/wp-json\/wp\/v2\/tags?post=11725"}],"curies":[{"name":"wp","href":"https:\/\/api.w.org\/{rel}","templated":true}]}}