{"id":11719,"date":"2017-02-11T07:00:00","date_gmt":"2017-02-11T06:00:00","guid":{"rendered":"https:\/\/www.opinionpublica.tv\/portada\/2017\/02\/11\/vencen-los-bravos-de-juarez-a-coras-de-tepic\/"},"modified":"2017-02-11T07:00:00","modified_gmt":"2017-02-11T06:00:00","slug":"vencen-los-bravos-de-juarez-a-coras-de-tepic","status":"publish","type":"post","link":"https:\/\/www.opinionpublica.tv\/portada\/vencen-los-bravos-de-juarez-a-coras-de-tepic\/","title":{"rendered":"Vencen los Bravos de Ju\u00e1rez a Coras de Tepic"},"content":{"rendered":"<p><img fetchpriority=\"high\" decoding=\"async\" class=\" size-full wp-image-11718\" src=\"https:\/\/www.opinionpublica.tv\/portada\/wp-content\/uploads\/2017\/02\/d1a7b437aab96072fbbe0bc1b2795673.jpg\" alt=\"\" width=\"1200\" height=\"802\" srcset=\"https:\/\/www.opinionpublica.tv\/portada\/wp-content\/uploads\/2017\/02\/d1a7b437aab96072fbbe0bc1b2795673.jpg 1200w, https:\/\/www.opinionpublica.tv\/portada\/wp-content\/uploads\/2017\/02\/d1a7b437aab96072fbbe0bc1b2795673-300x201.jpg 300w, https:\/\/www.opinionpublica.tv\/portada\/wp-content\/uploads\/2017\/02\/d1a7b437aab96072fbbe0bc1b2795673-1024x684.jpg 1024w, https:\/\/www.opinionpublica.tv\/portada\/wp-content\/uploads\/2017\/02\/d1a7b437aab96072fbbe0bc1b2795673-768x513.jpg 768w\" sizes=\"(max-width: 1200px) 100vw, 1200px\" \/><br \/>\n<!--more--><\/p>\n<p style=\"text-align: justify;\">Este s\u00e1bado, los Bravos de Ciudad Ju\u00e1rez lograron vencer 3-2 al equipo visitante, los Coras de Tepic, durante el juego celebrado en el estadio Benito Ju\u00e1rez.<\/p>\n<p style=\"text-align: justify;\">Los Bravos comenzaron el juego lentamente, por lo que el primer gol del partido fue de los Coras, anotado al minuto 21 por Wiliam Oswaldo Guzm\u00e1n. El primer tiempo concluyo con la ventaja del equipo visitante, poniendo a los Bravos en aparentemente desventaja.<\/p>\n<p style=\"text-align: justify;\">Sin embargo, los Bravos tomaron la ofensiva en la segunda mitad del partido, rompiendo el empate con el gol de Leandro Carrijo al minuto 47.<\/p>\n<p style=\"text-align: justify;\">Minutos m\u00e1s tarde, Tepic responder\u00eda con un gol de Daniel Armando R\u00edos al minuto 57, contraatacado por Cristian Gordillo al minuto 71, empatando el marcador.<\/p>\n<p style=\"text-align: justify;\">Durante los 20 minutos siguientes, ambos equipos jugaron una buena mezcla de ofensa y defensa, y no hubo desempate hasta el minuto 91, cuando Lucas Da Silva anoto el tercer gol para el equipo local, dando la victoria a los Bravos de Ju\u00e1rez.<\/p>\n<p style=\"text-align: justify;\">Con este resultado, el equipo fronterizo acumula 14 puntos en el torneo Ascenso. Su pr\u00f3ximo rival ser\u00e1n los Dorados de Sinaloa, este s\u00e1bado 18 de febrero.<\/p>\n","protected":false},"excerpt":{"rendered":"","protected":false},"author":4,"featured_media":11718,"comment_status":"open","ping_status":"open","sticky":false,"template":"","format":"standard","meta":{"_acf_changed":false,"_monsterinsights_skip_tracking":false,"slim_seo":{"title":"Vencen los Bravos de Ju\u00e1rez a Coras de Tepic - Opini\u00f3n P\u00fablica","description":"Este s\u00e1bado, los Bravos de Ciudad Ju\u00e1rez lograron vencer 3-2 al equipo visitante, los Coras de Tepic, durante el juego celebrado en el estadio Benito Ju\u00e1rez. Lo"},"footnotes":""},"categories":[5],"tags":[],"class_list":["post-11719","post","type-post","status-publish","format-standard","has-post-thumbnail","hentry","category-frontera"],"acf":[],"_links":{"self":[{"href":"https:\/\/www.opinionpublica.tv\/portada\/wp-json\/wp\/v2\/posts\/11719","targetHints":{"allow":["GET"]}}],"collection":[{"href":"https:\/\/www.opinionpublica.tv\/portada\/wp-json\/wp\/v2\/posts"}],"about":[{"href":"https:\/\/www.opinionpublica.tv\/portada\/wp-json\/wp\/v2\/types\/post"}],"author":[{"embeddable":true,"href":"https:\/\/www.opinionpublica.tv\/portada\/wp-json\/wp\/v2\/users\/4"}],"replies":[{"embeddable":true,"href":"https:\/\/www.opinionpublica.tv\/portada\/wp-json\/wp\/v2\/comments?post=11719"}],"version-history":[{"count":0,"href":"https:\/\/www.opinionpublica.tv\/portada\/wp-json\/wp\/v2\/posts\/11719\/revisions"}],"wp:featuredmedia":[{"embeddable":true,"href":"https:\/\/www.opinionpublica.tv\/portada\/wp-json\/wp\/v2\/media\/11718"}],"wp:attachment":[{"href":"https:\/\/www.opinionpublica.tv\/portada\/wp-json\/wp\/v2\/media?parent=11719"}],"wp:term":[{"taxonomy":"category","embeddable":true,"href":"https:\/\/www.opinionpublica.tv\/portada\/wp-json\/wp\/v2\/categories?post=11719"},{"taxonomy":"post_tag","embeddable":true,"href":"https:\/\/www.opinionpublica.tv\/portada\/wp-json\/wp\/v2\/tags?post=11719"}],"curies":[{"name":"wp","href":"https:\/\/api.w.org\/{rel}","templated":true}]}}