{"id":11717,"date":"2017-02-11T07:00:00","date_gmt":"2017-02-11T06:00:00","guid":{"rendered":"https:\/\/www.opinionpublica.tv\/portada\/2017\/02\/11\/entregan-becas-y-reconocimientos-a-deportistas-juarenses\/"},"modified":"2017-02-11T07:00:00","modified_gmt":"2017-02-11T06:00:00","slug":"entregan-becas-y-reconocimientos-a-deportistas-juarenses","status":"publish","type":"post","link":"https:\/\/www.opinionpublica.tv\/portada\/entregan-becas-y-reconocimientos-a-deportistas-juarenses\/","title":{"rendered":"Entregan becas y reconocimientos a deportistas juarenses"},"content":{"rendered":"<p><img fetchpriority=\"high\" decoding=\"async\" class=\" size-full wp-image-11716\" src=\"https:\/\/www.opinionpublica.tv\/portada\/wp-content\/uploads\/2017\/02\/910957e92fbc3f263e1622ecd62db3cd.jpg\" alt=\"\" width=\"700\" height=\"302\" srcset=\"https:\/\/www.opinionpublica.tv\/portada\/wp-content\/uploads\/2017\/02\/910957e92fbc3f263e1622ecd62db3cd.jpg 700w, https:\/\/www.opinionpublica.tv\/portada\/wp-content\/uploads\/2017\/02\/910957e92fbc3f263e1622ecd62db3cd-300x129.jpg 300w\" sizes=\"(max-width: 700px) 100vw, 700px\" \/><br \/>\n<!--more--><\/p>\n<p style=\"text-align: justify;\">Este s\u00e1bado el municipio hizo entrega de reconocimientos a 141 atletas originarios de Ciudad Ju\u00e1rez, quienes destacaron durante 2016 en diferentes disciplinas deportivas. Del total, 91 obtuvieron becas econ\u00f3micas provenientes de fondos federales, recuperadas por la actual administraci\u00f3n.<\/p>\n<p style=\"text-align: justify;\">El secretario T\u00e9cnico Alejandro Loaeza Canizales, en representaci\u00f3n del Presidente Municipal, Armando Cabada Alv\u00eddrez, encabez\u00f3 la entrega, que se llev\u00f3 a cabo en el centro de Diversiones Beyou, ubicado en el Centro Comercial Misiones.<\/p>\n<p style=\"text-align: justify;\">Al hacer uso de la palabra, Loaeza Canizales declar\u00f3 que asuntos como el deporte son de los que debe hablarse en nuestra ciudad.<\/p>\n<p style=\"text-align: justify;\">Tambi\u00e9n se refiri\u00f3 a los esfuerzos de la actual administraci\u00f3n, que logr\u00f3 rescatar recursos que estaban pr\u00e1cticamente perdidos, y que ahora son usados en beneficio de los juarenses.<\/p>\n<p style=\"text-align: justify;\">De los deportistas que recibieron la beca econ\u00f3mica, 46 fueron individuales, 25 en conjunto y 10 de primera fuerza. Este recurso les permite a los atletas cubrir algunos de sus gastos para poder dedicar tiempo a sus entrenamientos.<\/p>\n<p style=\"text-align: justify;\">Las disciplinas representadas en esta premiaci\u00f3n fueron, entre otras, el boxeo, atletismo, baquetbol, nataci\u00f3n, beisbol, volibol, ciclismo, levantamiento de pesas, judo, lucha asociada, polo acu\u00e1tico, tae kwondo, raquetbol y rodeo.<\/p>\n<p style=\"text-align: justify;\">En el evento participaron tambi\u00e9n las regidoras de la comisi\u00f3n del Deporte del Ayuntamiento, Rosario Valad\u00e9z y Martha Leticia Reyes Mart\u00ednez; la directora de Educaci\u00f3n Municipal, Martha Beatriz C\u00f3rdova Bernal y Jes\u00fas Pacheco Ram\u00edrez, delegado del Instituto Chihuahuense del Deporte.<\/p>\n","protected":false},"excerpt":{"rendered":"","protected":false},"author":4,"featured_media":11716,"comment_status":"open","ping_status":"open","sticky":false,"template":"","format":"standard","meta":{"_acf_changed":false,"_monsterinsights_skip_tracking":false,"slim_seo":{"title":"Entregan becas y reconocimientos a deportistas juarenses - Opini\u00f3n P\u00fablica","description":"Este s\u00e1bado el municipio hizo entrega de reconocimientos a 141 atletas originarios de Ciudad Ju\u00e1rez, quienes destacaron durante 2016 en diferentes disciplinas d"},"footnotes":""},"categories":[5],"tags":[],"class_list":["post-11717","post","type-post","status-publish","format-standard","has-post-thumbnail","hentry","category-frontera"],"acf":[],"_links":{"self":[{"href":"https:\/\/www.opinionpublica.tv\/portada\/wp-json\/wp\/v2\/posts\/11717","targetHints":{"allow":["GET"]}}],"collection":[{"href":"https:\/\/www.opinionpublica.tv\/portada\/wp-json\/wp\/v2\/posts"}],"about":[{"href":"https:\/\/www.opinionpublica.tv\/portada\/wp-json\/wp\/v2\/types\/post"}],"author":[{"embeddable":true,"href":"https:\/\/www.opinionpublica.tv\/portada\/wp-json\/wp\/v2\/users\/4"}],"replies":[{"embeddable":true,"href":"https:\/\/www.opinionpublica.tv\/portada\/wp-json\/wp\/v2\/comments?post=11717"}],"version-history":[{"count":0,"href":"https:\/\/www.opinionpublica.tv\/portada\/wp-json\/wp\/v2\/posts\/11717\/revisions"}],"wp:featuredmedia":[{"embeddable":true,"href":"https:\/\/www.opinionpublica.tv\/portada\/wp-json\/wp\/v2\/media\/11716"}],"wp:attachment":[{"href":"https:\/\/www.opinionpublica.tv\/portada\/wp-json\/wp\/v2\/media?parent=11717"}],"wp:term":[{"taxonomy":"category","embeddable":true,"href":"https:\/\/www.opinionpublica.tv\/portada\/wp-json\/wp\/v2\/categories?post=11717"},{"taxonomy":"post_tag","embeddable":true,"href":"https:\/\/www.opinionpublica.tv\/portada\/wp-json\/wp\/v2\/tags?post=11717"}],"curies":[{"name":"wp","href":"https:\/\/api.w.org\/{rel}","templated":true}]}}