{"id":11715,"date":"2017-02-11T07:00:00","date_gmt":"2017-02-11T06:00:00","guid":{"rendered":"https:\/\/www.opinionpublica.tv\/portada\/2017\/02\/11\/ausencia-de-el-chapo-arrecia-guerra-interna-en-cartel-de-sinaloa\/"},"modified":"2017-02-11T07:00:00","modified_gmt":"2017-02-11T06:00:00","slug":"ausencia-de-el-chapo-arrecia-guerra-interna-en-cartel-de-sinaloa","status":"publish","type":"post","link":"https:\/\/www.opinionpublica.tv\/portada\/ausencia-de-el-chapo-arrecia-guerra-interna-en-cartel-de-sinaloa\/","title":{"rendered":"Ausencia de \u2018El Chapo\u2019 arrecia guerra interna en C\u00e1rtel de Sinaloa"},"content":{"rendered":"<p><img fetchpriority=\"high\" decoding=\"async\" class=\" size-full wp-image-11714\" src=\"https:\/\/www.opinionpublica.tv\/portada\/wp-content\/uploads\/2017\/02\/5f77e45b838b7255c67b3d3b873a988d.jpg\" alt=\"\" width=\"378\" height=\"280\" srcset=\"https:\/\/www.opinionpublica.tv\/portada\/wp-content\/uploads\/2017\/02\/5f77e45b838b7255c67b3d3b873a988d.jpg 378w, https:\/\/www.opinionpublica.tv\/portada\/wp-content\/uploads\/2017\/02\/5f77e45b838b7255c67b3d3b873a988d-300x222.jpg 300w\" sizes=\"(max-width: 378px) 100vw, 378px\" \/><br \/>\n<!--more--><\/p>\n<p style=\"text-align: justify;\">La ausencia de Joaqu\u00edn \u2018El Chapo\u2019 Guzm\u00e1n est\u00e1 motivando una creciente disputa violenta hacia el interior del C\u00e1rtel de Sinaloa, entre quienes pelean por asumir el cargo en la organizaci\u00f3n, asegur\u00f3 el secretario de la Defensa Nacional, general Salvador Cienfuegos Zepeda.<\/p>\n<p style=\"text-align: justify;\">Sobre el caso de Juan Francisco Patr\u00f3n S\u00e1nchez, conocido como el H2 y cabeza del cartel de los Beltr\u00e1n Leyva abatido en un operativo de la Marina en el estado de Nayarit, el general secretario explic\u00f3 que no tiene la certeza que este encabez\u00f3 el ataque contra un convoy militar en Culiac\u00e1n, en septiembre pasado, donde cinco militares perdieron la vida.<\/p>\n<p style=\"text-align: justify;\">Consider\u00f3 que los problemas de violencia que han surgido se ven asociados a la disputa que se vive entre los miembros del C\u00e1rtel de Sinaloa, por suplir la ausencia de quien fue su jefe, Guzm\u00e1n Loera.<\/p>\n<p style=\"text-align: justify;\">El secretario de la Defensa Nacional, quien presidi\u00f3 en las instalaciones de la Novena Zona Militar una reuni\u00f3n de evaluaci\u00f3n sobre el tema de la inseguridad y la violencia, consider\u00f3 que los \u00faltimos hechos registrados en Culiac\u00e1n y Navolato, gener\u00f3 una percepci\u00f3n de inseguridad que no corresponde a la realidad.<\/p>\n<p style=\"text-align: justify;\">Dio a conocer que por instrucciones del presidente de la Rep\u00fablica, Enrique Pe\u00f1a Nieto, se tuvo esta reuni\u00f3n, en la que se de\u00a0nieron nuevas estrategias, entre ellas, el reforzamiento de las fuerzas, en respaldo a las corporaciones policiacas.<\/p>\n<p style=\"text-align: justify;\">Cienfuegos Zepeda coment\u00f3 que se brindar\u00e1 asesor\u00eda y apoyo tecnol\u00f3gico al gobierno de Sinaloa que preside, Quirino Ordaz Coppel, a fin de garantizar la tranquilidad de la poblaci\u00f3n, con nuevos m\u00e9todos de acci\u00f3n.<\/p>\n<p style=\"text-align: justify;\">Subray\u00f3 que el objetivo n\u00famero uno, en Sinaloa, es bajar la incidencia, inhibir los brotes de violencia que se han dado en algunos puntos del estado y convencer a la sociedad que el gobierno trabaja en esa v\u00eda, con respaldo de la federaci\u00f3n.<\/p>\n<p style=\"text-align: justify;\">El secretario de la Defensa Nacional extern\u00f3 que el estado no se ha visto rebasado, puesto que de acuerdo a las estad\u00edsticas que se tienen y la evaluaci\u00f3n realizada se tiene avances en materia de seguridad, con excepci\u00f3n de algunas zonas del estado, donde se va a trabajar. La reuni\u00f3n celebrada en forma privada, en las instalaciones de la Novena Zona Militar, se deriv\u00f3 de los \u00faltimos acontecimientos, en los que once personas resultaron muertas en zona un d\u00eda.<\/p>\n<p style=\"text-align: justify;\">La madrugada del martes pasado, en el fraccionamiento Villas del Valle, en esta ciudad, un convoy de la Marina fue atacado por un grupo armado, en los hechos, cinco presuntos delincuentes fueron abatidos y un marino result\u00f3 muerto.<\/p>\n<p style=\"text-align: justify;\">Por la tarde de ese mismo d\u00eda, en la sindicatura de Villa Ju\u00e1rez, Navolato, dos grupos armados se enfrentaron, sobre la carretera, conocida como la 50, en los hechos, se recolectaron 263 cascajos percutidos de armas autom\u00e1ticas.<\/p>\n<p style=\"text-align: justify;\">En el informe de la Procuradur\u00eda de Justicia del Estado, se destac\u00f3 que en estos hechos, tres personas, dos del sexo masculino y la trabajadora del campo, Rosa Imelda \u201cN\u201d, de 24 a\u00f1os de edad, resultaron ser v\u00edctimas colaterales.<\/p>\n<p style=\"text-align: justify;\">Con informaci\u00f3n de El Universal.<\/p>\n","protected":false},"excerpt":{"rendered":"","protected":false},"author":6,"featured_media":11714,"comment_status":"open","ping_status":"open","sticky":false,"template":"","format":"standard","meta":{"_acf_changed":false,"_monsterinsights_skip_tracking":false,"slim_seo":{"title":"Ausencia de \u2018El Chapo\u2019 arrecia guerra interna en C\u00e1rtel de Sinaloa - Opini\u00f3n P\u00fablica","description":"La ausencia de Joaqu\u00edn \u2018El Chapo\u2019 Guzm\u00e1n est\u00e1 motivando una creciente disputa violenta hacia el interior del C\u00e1rtel de Sinaloa, entre quienes pelean por asumir"},"footnotes":""},"categories":[9],"tags":[],"class_list":["post-11715","post","type-post","status-publish","format-standard","has-post-thumbnail","hentry","category-nacional"],"acf":[],"_links":{"self":[{"href":"https:\/\/www.opinionpublica.tv\/portada\/wp-json\/wp\/v2\/posts\/11715","targetHints":{"allow":["GET"]}}],"collection":[{"href":"https:\/\/www.opinionpublica.tv\/portada\/wp-json\/wp\/v2\/posts"}],"about":[{"href":"https:\/\/www.opinionpublica.tv\/portada\/wp-json\/wp\/v2\/types\/post"}],"author":[{"embeddable":true,"href":"https:\/\/www.opinionpublica.tv\/portada\/wp-json\/wp\/v2\/users\/6"}],"replies":[{"embeddable":true,"href":"https:\/\/www.opinionpublica.tv\/portada\/wp-json\/wp\/v2\/comments?post=11715"}],"version-history":[{"count":0,"href":"https:\/\/www.opinionpublica.tv\/portada\/wp-json\/wp\/v2\/posts\/11715\/revisions"}],"wp:featuredmedia":[{"embeddable":true,"href":"https:\/\/www.opinionpublica.tv\/portada\/wp-json\/wp\/v2\/media\/11714"}],"wp:attachment":[{"href":"https:\/\/www.opinionpublica.tv\/portada\/wp-json\/wp\/v2\/media?parent=11715"}],"wp:term":[{"taxonomy":"category","embeddable":true,"href":"https:\/\/www.opinionpublica.tv\/portada\/wp-json\/wp\/v2\/categories?post=11715"},{"taxonomy":"post_tag","embeddable":true,"href":"https:\/\/www.opinionpublica.tv\/portada\/wp-json\/wp\/v2\/tags?post=11715"}],"curies":[{"name":"wp","href":"https:\/\/api.w.org\/{rel}","templated":true}]}}