{"id":11713,"date":"2017-02-11T07:00:00","date_gmt":"2017-02-11T06:00:00","guid":{"rendered":"https:\/\/www.opinionpublica.tv\/portada\/2017\/02\/11\/todo-listo-para-marcha-contra-trump-en-varias-ciudades-de-mexico-este-domingo\/"},"modified":"2017-02-11T07:00:00","modified_gmt":"2017-02-11T06:00:00","slug":"todo-listo-para-marcha-contra-trump-en-varias-ciudades-de-mexico-este-domingo","status":"publish","type":"post","link":"https:\/\/www.opinionpublica.tv\/portada\/todo-listo-para-marcha-contra-trump-en-varias-ciudades-de-mexico-este-domingo\/","title":{"rendered":"Todo listo para marcha contra Trump en varias ciudades de M\u00e9xico este domingo"},"content":{"rendered":"<p><img fetchpriority=\"high\" decoding=\"async\" class=\" size-full wp-image-11712\" src=\"https:\/\/www.opinionpublica.tv\/portada\/wp-content\/uploads\/2017\/02\/68280b3682d8f58aceae62fa90e2215b.jpg\" alt=\"\" width=\"702\" height=\"468\" srcset=\"https:\/\/www.opinionpublica.tv\/portada\/wp-content\/uploads\/2017\/02\/68280b3682d8f58aceae62fa90e2215b.jpg 702w, https:\/\/www.opinionpublica.tv\/portada\/wp-content\/uploads\/2017\/02\/68280b3682d8f58aceae62fa90e2215b-300x200.jpg 300w\" sizes=\"(max-width: 702px) 100vw, 702px\" \/><br \/>\n<!--more--><\/p>\n<p style=\"text-align: justify;\">A la marcha convocada el pr\u00f3ximo domingo 12 para protestar contra las medidas adoptadas por el presidente de Estados Unidos, Donald Trump, asistir\u00e1n alrededor de 77 organizaciones c\u00edvicas e instituciones acad\u00e9micas, afirmaron los organizadores.<\/p>\n<p style=\"text-align: justify;\">De acuerdo con Mar\u00eda Elena Morera, de Causa en Com\u00fan, la movilizaci\u00f3n no s\u00f3lo se realizar\u00e1 en la Ciudad de M\u00e9xico, sino tambi\u00e9n en Puebla, Culiac\u00e1n, Monterrey, Colima, Guadalajara, Tabasco, M\u00e9rida e Irapuato, as\u00ed como en Londres, Madrid y Berl\u00edn.<\/p>\n<p style=\"text-align: justify;\">Adem\u00e1s de Causa en Com\u00fan, participar\u00e1n organizaciones como M\u00e9xico S.O.S y Alto al Secuestro, as\u00ed como instituciones universitarias como la UNAM, la Universidad Iberoamericana y El Colegio de M\u00e9xico.<\/p>\n<p style=\"text-align: justify;\">Seg\u00fan la acad\u00e9mica Mar\u00eda Amparo Casar, se trata de una expresi\u00f3n apartidista, pac\u00edfica y respetuosa \u201cpara defender los derechos de todos y todas, exigir un buen gobierno, fortalecer nuestras instituciones y celebrar el orgullo de ser mexicanos\u201d.<\/p>\n<p style=\"text-align: justify;\">Los participantes exigir\u00e1n que el gobierno mexicano defienda al pa\u00eds ante las amenazas de Trump, anteponga los intereses locales en toda negociaci\u00f3n, y asuma acciones concretas e inmediatas para combatir la pobreza, la desigualdad, la corrupci\u00f3n, la impunidad y las violaciones los derechos humanos.<\/p>\n<p style=\"text-align: justify;\">\u201cEn este momento estamos indignados por el trato que ha recibido M\u00e9xico de voz del presidente estadunidense, de eso se trata la marcha, de demostrar un repudio total a estas muestras xenofobia y discriminatorias\u201d, se\u00f1al\u00f3 por su parte el rector de la Universidad Nacional Aut\u00f3noma de M\u00e9xico, Enrique Graue.<\/p>\n","protected":false},"excerpt":{"rendered":"","protected":false},"author":6,"featured_media":11712,"comment_status":"open","ping_status":"open","sticky":false,"template":"","format":"standard","meta":{"_acf_changed":false,"_monsterinsights_skip_tracking":false,"slim_seo":{"title":"Todo listo para marcha contra Trump en varias ciudades de M\u00e9xico este domingo - Opini\u00f3n P\u00fablica","description":"A la marcha convocada el pr\u00f3ximo domingo 12 para protestar contra las medidas adoptadas por el presidente de Estados Unidos, Donald Trump, asistir\u00e1n alrededor d"},"footnotes":""},"categories":[3],"tags":[],"class_list":["post-11713","post","type-post","status-publish","format-standard","has-post-thumbnail","hentry","category-principal"],"acf":[],"_links":{"self":[{"href":"https:\/\/www.opinionpublica.tv\/portada\/wp-json\/wp\/v2\/posts\/11713","targetHints":{"allow":["GET"]}}],"collection":[{"href":"https:\/\/www.opinionpublica.tv\/portada\/wp-json\/wp\/v2\/posts"}],"about":[{"href":"https:\/\/www.opinionpublica.tv\/portada\/wp-json\/wp\/v2\/types\/post"}],"author":[{"embeddable":true,"href":"https:\/\/www.opinionpublica.tv\/portada\/wp-json\/wp\/v2\/users\/6"}],"replies":[{"embeddable":true,"href":"https:\/\/www.opinionpublica.tv\/portada\/wp-json\/wp\/v2\/comments?post=11713"}],"version-history":[{"count":0,"href":"https:\/\/www.opinionpublica.tv\/portada\/wp-json\/wp\/v2\/posts\/11713\/revisions"}],"wp:featuredmedia":[{"embeddable":true,"href":"https:\/\/www.opinionpublica.tv\/portada\/wp-json\/wp\/v2\/media\/11712"}],"wp:attachment":[{"href":"https:\/\/www.opinionpublica.tv\/portada\/wp-json\/wp\/v2\/media?parent=11713"}],"wp:term":[{"taxonomy":"category","embeddable":true,"href":"https:\/\/www.opinionpublica.tv\/portada\/wp-json\/wp\/v2\/categories?post=11713"},{"taxonomy":"post_tag","embeddable":true,"href":"https:\/\/www.opinionpublica.tv\/portada\/wp-json\/wp\/v2\/tags?post=11713"}],"curies":[{"name":"wp","href":"https:\/\/api.w.org\/{rel}","templated":true}]}}