{"id":11710,"date":"2017-02-11T07:00:00","date_gmt":"2017-02-11T06:00:00","guid":{"rendered":"https:\/\/www.opinionpublica.tv\/portada\/2017\/02\/11\/piden-a-padres-de-familia-aprovechar-periodo-de-preinscripciones\/"},"modified":"2017-02-11T07:00:00","modified_gmt":"2017-02-11T06:00:00","slug":"piden-a-padres-de-familia-aprovechar-periodo-de-preinscripciones","status":"publish","type":"post","link":"https:\/\/www.opinionpublica.tv\/portada\/piden-a-padres-de-familia-aprovechar-periodo-de-preinscripciones\/","title":{"rendered":"Piden a padres aprovechar periodo de preinscripciones"},"content":{"rendered":"<p><img fetchpriority=\"high\" decoding=\"async\" class=\" size-full wp-image-11709\" src=\"https:\/\/www.opinionpublica.tv\/portada\/wp-content\/uploads\/2017\/02\/998a5a2350c51bd3e5ecf0a0adc4f440.jpg\" alt=\"\" width=\"665\" height=\"500\" srcset=\"https:\/\/www.opinionpublica.tv\/portada\/wp-content\/uploads\/2017\/02\/998a5a2350c51bd3e5ecf0a0adc4f440.jpg 665w, https:\/\/www.opinionpublica.tv\/portada\/wp-content\/uploads\/2017\/02\/998a5a2350c51bd3e5ecf0a0adc4f440-300x226.jpg 300w\" sizes=\"(max-width: 665px) 100vw, 665px\" \/><br \/>\n<!--more--><\/p>\n<p style=\"text-align: justify;\">La Secretar\u00eda de Educaci\u00f3n y Deporte pidi\u00f3 a los padres de familia que no han inscrito a sus hijos para el ciclo escolar 2017-2018, a que utilicen la pr\u00f3xima semana, ya que el mi\u00e9rcoles 15 cerrar\u00e1 este periodo.<\/p>\n<p style=\"text-align: justify;\">El llamado que se hace a los padres de familia que todav\u00eda no se han acercado a la escuela de su preferencia o a la que les sea m\u00e1s conveniente, s\u00ed ser\u00eda importante complementar este procedimiento.<\/p>\n<p style=\"text-align: justify;\">En el caso de los padres que tengan hijos que vayan a primer grado de preescolar, el llamado es que los inscriban, porque los primeros a\u00f1os son b\u00e1sicos para su mejor formaci\u00f3n, asegur\u00f3.<\/p>\n<p style=\"text-align: justify;\">En el caso donde los plantes ya est\u00e1n saturados, se dio a conocer que en las oficinas Educaci\u00f3n de todo el estado hay un m\u00f3dulo de informaci\u00f3n que permite conocer qu\u00e9 escuelas tienen disponibilidad para aceptar nuevos alumnos para el pr\u00f3ximo ciclo escolar.<\/p>\n","protected":false},"excerpt":{"rendered":"","protected":false},"author":6,"featured_media":11709,"comment_status":"open","ping_status":"open","sticky":false,"template":"","format":"standard","meta":{"_acf_changed":false,"_monsterinsights_skip_tracking":false,"slim_seo":{"title":"Piden a padres aprovechar periodo de preinscripciones - Opini\u00f3n P\u00fablica","description":"La Secretar\u00eda de Educaci\u00f3n y Deporte pidi\u00f3 a los padres de familia que no han inscrito a sus hijos para el ciclo escolar 2017-2018, a que utilicen la pr\u00f3xima se"},"footnotes":""},"categories":[4],"tags":[],"class_list":["post-11710","post","type-post","status-publish","format-standard","has-post-thumbnail","hentry","category-pulsopolitico"],"acf":[],"_links":{"self":[{"href":"https:\/\/www.opinionpublica.tv\/portada\/wp-json\/wp\/v2\/posts\/11710","targetHints":{"allow":["GET"]}}],"collection":[{"href":"https:\/\/www.opinionpublica.tv\/portada\/wp-json\/wp\/v2\/posts"}],"about":[{"href":"https:\/\/www.opinionpublica.tv\/portada\/wp-json\/wp\/v2\/types\/post"}],"author":[{"embeddable":true,"href":"https:\/\/www.opinionpublica.tv\/portada\/wp-json\/wp\/v2\/users\/6"}],"replies":[{"embeddable":true,"href":"https:\/\/www.opinionpublica.tv\/portada\/wp-json\/wp\/v2\/comments?post=11710"}],"version-history":[{"count":0,"href":"https:\/\/www.opinionpublica.tv\/portada\/wp-json\/wp\/v2\/posts\/11710\/revisions"}],"wp:featuredmedia":[{"embeddable":true,"href":"https:\/\/www.opinionpublica.tv\/portada\/wp-json\/wp\/v2\/media\/11709"}],"wp:attachment":[{"href":"https:\/\/www.opinionpublica.tv\/portada\/wp-json\/wp\/v2\/media?parent=11710"}],"wp:term":[{"taxonomy":"category","embeddable":true,"href":"https:\/\/www.opinionpublica.tv\/portada\/wp-json\/wp\/v2\/categories?post=11710"},{"taxonomy":"post_tag","embeddable":true,"href":"https:\/\/www.opinionpublica.tv\/portada\/wp-json\/wp\/v2\/tags?post=11710"}],"curies":[{"name":"wp","href":"https:\/\/api.w.org\/{rel}","templated":true}]}}