{"id":11702,"date":"2017-02-11T07:00:00","date_gmt":"2017-02-11T06:00:00","guid":{"rendered":"https:\/\/www.opinionpublica.tv\/portada\/2017\/02\/11\/clima-primaveral-en-invierno-rompe-record-en-la-frontera\/"},"modified":"2017-02-11T07:00:00","modified_gmt":"2017-02-11T06:00:00","slug":"clima-primaveral-en-invierno-rompe-record-en-la-frontera","status":"publish","type":"post","link":"https:\/\/www.opinionpublica.tv\/portada\/clima-primaveral-en-invierno-rompe-record-en-la-frontera\/","title":{"rendered":"Clima primaveral en invierno rompe r\u00e9cord en la frontera"},"content":{"rendered":"<p><img fetchpriority=\"high\" decoding=\"async\" class=\" size-full wp-image-11701\" src=\"https:\/\/www.opinionpublica.tv\/portada\/wp-content\/uploads\/2017\/02\/23bc7d326c0d2fdc70bbe2921563ec38.jpg\" alt=\"\" width=\"400\" height=\"365\" srcset=\"https:\/\/www.opinionpublica.tv\/portada\/wp-content\/uploads\/2017\/02\/23bc7d326c0d2fdc70bbe2921563ec38.jpg 400w, https:\/\/www.opinionpublica.tv\/portada\/wp-content\/uploads\/2017\/02\/23bc7d326c0d2fdc70bbe2921563ec38-300x274.jpg 300w\" sizes=\"(max-width: 400px) 100vw, 400px\" \/><br \/>\n<!--more--><\/p>\n<p style=\"text-align: justify;\">A pesar de estar a media temporada invernal, la frontera Ju\u00e1rez El Paso mantiene desde hace d\u00edas un clima primaveral y temperaturas c\u00e1lidas que no se hab\u00edan presentado desde hace seis d\u00e9cadas.<\/p>\n<p style=\"text-align: justify;\">Y es que la temperatura m\u00e1xima de viernes rompi\u00f3 r\u00e9cord para un 10 de febrero en la regi\u00f3n Ju\u00e1rez-El Paso, ya que el term\u00f3metro lleg\u00f3 a 28 grados cent\u00edgrados la temperatura m\u00e1s alta de 1957 que fue de 27 grados cent\u00edgrados, seg\u00fan un reporte del Servicio Nacional del Clima en El Paso.<\/p>\n<p style=\"text-align: justify;\">Las temperaturas m\u00e1ximas se han mantenido arriba de los 20 grados cent\u00edgrados durante toda la semana y se espera que este clima c\u00e1lido siga todav\u00eda hasta este s\u00e1bado.<\/p>\n<p style=\"text-align: justify;\">Sin embargo, Efr\u00e9n Matamoros, director municipal de Protecci\u00f3n Civil dio a conocer que se espera un descenso dr\u00e1stico en la temperatura para este domingo por la tarde y para el lunes se espera incluso la posible presencia de agua nieve en la regi\u00f3n y una temperatura.<\/p>\n<p style=\"text-align: justify;\">Se\u00f1al\u00f3 que este clima no es normal para febrero, ya que este tipo de calor excede los promedios hist\u00f3ricos registrados en esta frontera, pero hay que tener cuidado porque todav\u00eda falta m\u00e1s de un mes para que termine el periodo de invierno.<\/p>\n","protected":false},"excerpt":{"rendered":"","protected":false},"author":6,"featured_media":11701,"comment_status":"open","ping_status":"open","sticky":false,"template":"","format":"standard","meta":{"_acf_changed":false,"_monsterinsights_skip_tracking":false,"slim_seo":{"title":"Clima primaveral en invierno rompe r\u00e9cord en la frontera - Opini\u00f3n P\u00fablica","description":"A pesar de estar a media temporada invernal, la frontera Ju\u00e1rez El Paso mantiene desde hace d\u00edas un clima primaveral y temperaturas c\u00e1lidas que no se hab\u00edan pre"},"footnotes":""},"categories":[5],"tags":[],"class_list":["post-11702","post","type-post","status-publish","format-standard","has-post-thumbnail","hentry","category-frontera"],"acf":[],"_links":{"self":[{"href":"https:\/\/www.opinionpublica.tv\/portada\/wp-json\/wp\/v2\/posts\/11702","targetHints":{"allow":["GET"]}}],"collection":[{"href":"https:\/\/www.opinionpublica.tv\/portada\/wp-json\/wp\/v2\/posts"}],"about":[{"href":"https:\/\/www.opinionpublica.tv\/portada\/wp-json\/wp\/v2\/types\/post"}],"author":[{"embeddable":true,"href":"https:\/\/www.opinionpublica.tv\/portada\/wp-json\/wp\/v2\/users\/6"}],"replies":[{"embeddable":true,"href":"https:\/\/www.opinionpublica.tv\/portada\/wp-json\/wp\/v2\/comments?post=11702"}],"version-history":[{"count":0,"href":"https:\/\/www.opinionpublica.tv\/portada\/wp-json\/wp\/v2\/posts\/11702\/revisions"}],"wp:featuredmedia":[{"embeddable":true,"href":"https:\/\/www.opinionpublica.tv\/portada\/wp-json\/wp\/v2\/media\/11701"}],"wp:attachment":[{"href":"https:\/\/www.opinionpublica.tv\/portada\/wp-json\/wp\/v2\/media?parent=11702"}],"wp:term":[{"taxonomy":"category","embeddable":true,"href":"https:\/\/www.opinionpublica.tv\/portada\/wp-json\/wp\/v2\/categories?post=11702"},{"taxonomy":"post_tag","embeddable":true,"href":"https:\/\/www.opinionpublica.tv\/portada\/wp-json\/wp\/v2\/tags?post=11702"}],"curies":[{"name":"wp","href":"https:\/\/api.w.org\/{rel}","templated":true}]}}