{"id":11700,"date":"2017-02-11T07:00:00","date_gmt":"2017-02-11T06:00:00","guid":{"rendered":"https:\/\/www.opinionpublica.tv\/portada\/2017\/02\/11\/detectan-venta-de-carne-de-caballo-durante-revision-a-carnicerias\/"},"modified":"2017-02-11T07:00:00","modified_gmt":"2017-02-11T06:00:00","slug":"detectan-venta-de-carne-de-caballo-durante-revision-a-carnicerias","status":"publish","type":"post","link":"https:\/\/www.opinionpublica.tv\/portada\/detectan-venta-de-carne-de-caballo-durante-revision-a-carnicerias\/","title":{"rendered":"Detectan carne de caballo durante revisi\u00f3n a carnicer\u00edas"},"content":{"rendered":"<p><img fetchpriority=\"high\" decoding=\"async\" class=\" size-full wp-image-11699\" src=\"https:\/\/www.opinionpublica.tv\/portada\/wp-content\/uploads\/2017\/02\/27bd0e104ee21ff71d987076442d0ceb.jpg\" alt=\"\" width=\"1040\" height=\"584\" srcset=\"https:\/\/www.opinionpublica.tv\/portada\/wp-content\/uploads\/2017\/02\/27bd0e104ee21ff71d987076442d0ceb.jpg 1040w, https:\/\/www.opinionpublica.tv\/portada\/wp-content\/uploads\/2017\/02\/27bd0e104ee21ff71d987076442d0ceb-300x168.jpg 300w, https:\/\/www.opinionpublica.tv\/portada\/wp-content\/uploads\/2017\/02\/27bd0e104ee21ff71d987076442d0ceb-1024x575.jpg 1024w, https:\/\/www.opinionpublica.tv\/portada\/wp-content\/uploads\/2017\/02\/27bd0e104ee21ff71d987076442d0ceb-768x431.jpg 768w\" sizes=\"(max-width: 1040px) 100vw, 1040px\" \/><br \/>\n<!--more--><\/p>\n<p style=\"text-align: justify;\">La Secretar\u00eda de Desarrollo Rural en coordinaci\u00f3n con autoridades sanitarias detect\u00f3 la venta de carne de caballo en varias carnicer\u00edas que ofrecen ese producto sin especificar al consumidor lo que en realidad est\u00e1n vendiendo.<\/p>\n<p style=\"text-align: justify;\">Como resultado del operativo fueron clausurados esos establecimientos y fue decomisado el producto para realizar una revisi\u00f3n sanitaria.<\/p>\n<p style=\"text-align: justify;\">Desde el inicio de la actual administraci\u00f3n, la secretar\u00eda de Desarrollo Rural ha implementado estrategias para fomentar una adecuada comercializaci\u00f3n de este tipo de carne, pues su consumo no es da\u00f1ino, sin embargo, se busca que no se enga\u00f1e a los consumidores, al venderles carne de caballo al precio de la carne de res.<\/p>\n<p style=\"text-align: justify;\">Personal del departamento de Ganader\u00eda de la Secretar\u00eda de Desarrollo Rural, continuar\u00e1 apoyando en todo lo necesario para combatir esta mala pr\u00e1ctica, ya que resulta enga\u00f1osa para los consumidores de carne.<\/p>\n","protected":false},"excerpt":{"rendered":"","protected":false},"author":6,"featured_media":11699,"comment_status":"open","ping_status":"open","sticky":false,"template":"","format":"standard","meta":{"_acf_changed":false,"_monsterinsights_skip_tracking":false,"slim_seo":{"title":"Detectan carne de caballo durante revisi\u00f3n a carnicer\u00edas - Opini\u00f3n P\u00fablica","description":"La Secretar\u00eda de Desarrollo Rural en coordinaci\u00f3n con autoridades sanitarias detect\u00f3 la venta de carne de caballo en varias carnicer\u00edas que ofrecen ese producto"},"footnotes":""},"categories":[5],"tags":[],"class_list":["post-11700","post","type-post","status-publish","format-standard","has-post-thumbnail","hentry","category-frontera"],"acf":[],"_links":{"self":[{"href":"https:\/\/www.opinionpublica.tv\/portada\/wp-json\/wp\/v2\/posts\/11700","targetHints":{"allow":["GET"]}}],"collection":[{"href":"https:\/\/www.opinionpublica.tv\/portada\/wp-json\/wp\/v2\/posts"}],"about":[{"href":"https:\/\/www.opinionpublica.tv\/portada\/wp-json\/wp\/v2\/types\/post"}],"author":[{"embeddable":true,"href":"https:\/\/www.opinionpublica.tv\/portada\/wp-json\/wp\/v2\/users\/6"}],"replies":[{"embeddable":true,"href":"https:\/\/www.opinionpublica.tv\/portada\/wp-json\/wp\/v2\/comments?post=11700"}],"version-history":[{"count":0,"href":"https:\/\/www.opinionpublica.tv\/portada\/wp-json\/wp\/v2\/posts\/11700\/revisions"}],"wp:featuredmedia":[{"embeddable":true,"href":"https:\/\/www.opinionpublica.tv\/portada\/wp-json\/wp\/v2\/media\/11699"}],"wp:attachment":[{"href":"https:\/\/www.opinionpublica.tv\/portada\/wp-json\/wp\/v2\/media?parent=11700"}],"wp:term":[{"taxonomy":"category","embeddable":true,"href":"https:\/\/www.opinionpublica.tv\/portada\/wp-json\/wp\/v2\/categories?post=11700"},{"taxonomy":"post_tag","embeddable":true,"href":"https:\/\/www.opinionpublica.tv\/portada\/wp-json\/wp\/v2\/tags?post=11700"}],"curies":[{"name":"wp","href":"https:\/\/api.w.org\/{rel}","templated":true}]}}