{"id":11695,"date":"2017-02-11T07:00:00","date_gmt":"2017-02-11T06:00:00","guid":{"rendered":"https:\/\/www.opinionpublica.tv\/portada\/2017\/02\/11\/garantiza-sagarpa-abasto-de-rosas-para-san-valentin\/"},"modified":"2017-02-11T07:00:00","modified_gmt":"2017-02-11T06:00:00","slug":"garantiza-sagarpa-abasto-de-rosas-para-san-valentin","status":"publish","type":"post","link":"https:\/\/www.opinionpublica.tv\/portada\/garantiza-sagarpa-abasto-de-rosas-para-san-valentin\/","title":{"rendered":"Garantiza SAGARPA abasto de rosas para San Valent\u00edn"},"content":{"rendered":"<p><img fetchpriority=\"high\" decoding=\"async\" class=\" size-full wp-image-11694\" src=\"https:\/\/www.opinionpublica.tv\/portada\/wp-content\/uploads\/2017\/02\/f146fd1938be5727dc80cd374f4c0077.jpg\" alt=\"\" width=\"793\" height=\"529\" srcset=\"https:\/\/www.opinionpublica.tv\/portada\/wp-content\/uploads\/2017\/02\/f146fd1938be5727dc80cd374f4c0077.jpg 793w, https:\/\/www.opinionpublica.tv\/portada\/wp-content\/uploads\/2017\/02\/f146fd1938be5727dc80cd374f4c0077-300x200.jpg 300w, https:\/\/www.opinionpublica.tv\/portada\/wp-content\/uploads\/2017\/02\/f146fd1938be5727dc80cd374f4c0077-768x512.jpg 768w\" sizes=\"(max-width: 793px) 100vw, 793px\" \/><br \/>\n<!--more--><\/p>\n<p style=\"text-align: justify;\">La producci\u00f3n de rosas en el pa\u00eds registr\u00f3 un aumento preliminar de 5.6 por ciento entre 2015 y 2016, lo que garantiza el abasto durante el a\u00f1o de esta flor, producto \u00abHecho en M\u00e9xico\u00bb, en particular durante la celebraci\u00f3n del d\u00eda de San Valent\u00edn y otras fechas significativas, inform\u00f3 la Secretar\u00eda de Agricultura, Ganader\u00eda, Desarrollo Rural, Pesca y Alimentaci\u00f3n (Sagarpa).<\/p>\n<p style=\"text-align: justify;\">Con base en estad\u00edsticas del Servicio de Informaci\u00f3n Agroalimentaria y Pesquera (Siap), la dependencia federal report\u00f3 la producci\u00f3n de siete millones 630 mil gruesas (unidad de medida en la que cada gruesa equivale a 12 docenas) de rosas durante 2016, un aumento de m\u00e1s de 402 mil gruesas en 12 meses.<\/p>\n<p style=\"text-align: justify;\">Asimismo, entre 2014 y 2016 se observ\u00f3 tambi\u00e9n un incremento de 6.9 por ciento en la producci\u00f3n de \u00abla Reina de las Flores\u00bb en el pa\u00eds, al pasar de 7.1 a 7.6 millones de gruesas a nivel nacional, lo que permite una mayor disponibilidad de este producto altamente demandado en fechas especiales como el 14 de febrero.<\/p>\n<p style=\"text-align: justify;\">En el pa\u00eds se tiene una producci\u00f3n de rosas constante a lo largo del a\u00f1o, con \u00e9nfasis en los meses de febrero y diciembre, cuando se cultiva el 37.5 por ciento del total de rosas a nivel nacional.<\/p>\n<p style=\"text-align: justify;\">Esta flor cuenta con m\u00e1s de 200 especies que derivan en alrededor de 30 mil variedades y a nivel nacional se producen con fines comerciales en nueve entidades del pa\u00eds, Ciudad de M\u00e9xico, Guerrero, Hidalgo, Jalisco, Estado de M\u00e9xico, Morelos, Puebla, Quer\u00e9taro y Tlaxcala.<\/p>\n<p style=\"text-align: justify;\">El Estado de M\u00e9xico es el principal productor de esta flor ornamental, con un volumen de 6.16 millones de gruesas (80.8 por ciento de la producci\u00f3n nacional); Morelos, 647.7 mil gruesas (8.5 por ciento); Quer\u00e9taro, 465.7 mil (6.1 por ciento), y Puebla, 312.3 mil gruesas (una participaci\u00f3n en la oferta de 4.1 por ciento).<\/p>\n<p style=\"text-align: justify;\">Estas cuatro entidades producen el 99.5 por ciento de la producci\u00f3n nacional, que equivale a 7.94 millones de gruesas y\u00a0 sumaron un crecimiento entre 2015 y 2016 de 5.5 por ciento, lo que permiti\u00f3 una mayor oferta.<\/p>\n<p style=\"text-align: justify;\">El cultivo de rosas en el pa\u00eds se realiza en una superficie de mil 504 hect\u00e1reas, principalmente de invernadero, y en los \u00faltimos tres a\u00f1os registr\u00f3 una producci\u00f3n promedio de 7.3 millones de gruesas.<\/p>\n<p style=\"text-align: justify;\">De enero a noviembre de 2016, la exportaci\u00f3n de rosas alcanz\u00f3 un valor de 7.4 millones de d\u00f3lares -superior a las exportaciones totales de 2015-, un incremento de 9.7 por ciento a la registrada en el mismo periodo del a\u00f1o previo, cuando se comercializaron 6.7 millones de d\u00f3lares.<\/p>\n<p style=\"text-align: justify;\">Entre 2006 y 2015 las exportaciones de esta flor registraron un repunte de 82 por ciento, al pasar de cuatro millones de d\u00f3lares a 7.3 millones de d\u00f3lares.<\/p>\n<p style=\"text-align: justify;\">Cabe se\u00f1alar que M\u00e9xico cuenta con un saldo comercial superavitario en este producto de 7.2 millones de d\u00f3lares, toda vez que las compras de este tipo de bienes no superan los 100 mil d\u00f3lares.<\/p>\n","protected":false},"excerpt":{"rendered":"","protected":false},"author":6,"featured_media":11694,"comment_status":"open","ping_status":"open","sticky":false,"template":"","format":"standard","meta":{"_acf_changed":false,"_monsterinsights_skip_tracking":false,"slim_seo":{"title":"Garantiza SAGARPA abasto de rosas para San Valent\u00edn - Opini\u00f3n P\u00fablica","description":"La producci\u00f3n de rosas en el pa\u00eds registr\u00f3 un aumento preliminar de 5.6 por ciento entre 2015 y 2016, lo que garantiza el abasto durante el a\u00f1o de esta flor, pr"},"footnotes":""},"categories":[9],"tags":[],"class_list":["post-11695","post","type-post","status-publish","format-standard","has-post-thumbnail","hentry","category-nacional"],"acf":[],"_links":{"self":[{"href":"https:\/\/www.opinionpublica.tv\/portada\/wp-json\/wp\/v2\/posts\/11695","targetHints":{"allow":["GET"]}}],"collection":[{"href":"https:\/\/www.opinionpublica.tv\/portada\/wp-json\/wp\/v2\/posts"}],"about":[{"href":"https:\/\/www.opinionpublica.tv\/portada\/wp-json\/wp\/v2\/types\/post"}],"author":[{"embeddable":true,"href":"https:\/\/www.opinionpublica.tv\/portada\/wp-json\/wp\/v2\/users\/6"}],"replies":[{"embeddable":true,"href":"https:\/\/www.opinionpublica.tv\/portada\/wp-json\/wp\/v2\/comments?post=11695"}],"version-history":[{"count":0,"href":"https:\/\/www.opinionpublica.tv\/portada\/wp-json\/wp\/v2\/posts\/11695\/revisions"}],"wp:featuredmedia":[{"embeddable":true,"href":"https:\/\/www.opinionpublica.tv\/portada\/wp-json\/wp\/v2\/media\/11694"}],"wp:attachment":[{"href":"https:\/\/www.opinionpublica.tv\/portada\/wp-json\/wp\/v2\/media?parent=11695"}],"wp:term":[{"taxonomy":"category","embeddable":true,"href":"https:\/\/www.opinionpublica.tv\/portada\/wp-json\/wp\/v2\/categories?post=11695"},{"taxonomy":"post_tag","embeddable":true,"href":"https:\/\/www.opinionpublica.tv\/portada\/wp-json\/wp\/v2\/tags?post=11695"}],"curies":[{"name":"wp","href":"https:\/\/api.w.org\/{rel}","templated":true}]}}