{"id":11685,"date":"2017-02-09T07:00:00","date_gmt":"2017-02-09T06:00:00","guid":{"rendered":"https:\/\/www.opinionpublica.tv\/portada\/2017\/02\/09\/fotogaleria-chihuahua-y-su-belleza-en-fotos\/"},"modified":"2017-02-09T07:00:00","modified_gmt":"2017-02-09T06:00:00","slug":"fotogaleria-chihuahua-y-su-belleza-en-fotos","status":"publish","type":"post","link":"https:\/\/www.opinionpublica.tv\/portada\/fotogaleria-chihuahua-y-su-belleza-en-fotos\/","title":{"rendered":"Fotogaler\u00eda: Chihuahua y su belleza en fotos"},"content":{"rendered":"<p><img fetchpriority=\"high\" decoding=\"async\" class=\" size-full wp-image-11670\" src=\"https:\/\/www.opinionpublica.tv\/portada\/wp-content\/uploads\/2017\/02\/f57c5c8fe50b3520286389f58aee96b5.jpg\" alt=\"\" width=\"750\" height=\"562\" srcset=\"https:\/\/www.opinionpublica.tv\/portada\/wp-content\/uploads\/2017\/02\/f57c5c8fe50b3520286389f58aee96b5.jpg 750w, https:\/\/www.opinionpublica.tv\/portada\/wp-content\/uploads\/2017\/02\/f57c5c8fe50b3520286389f58aee96b5-300x225.jpg 300w\" sizes=\"(max-width: 750px) 100vw, 750px\" \/><br \/>\n<!--more--><\/p>\n<p style=\"text-align: justify;\">\u00abQu\u00e9 Bonito es Chihuahua\u00bb.\u00c9sta es la frase distintiva de\u00a0una famosa canci\u00f3n vern\u00e1cula que distingue al estado m\u00e1s grande de la Rep\u00fablica Mexicana, y en esta galer\u00eda fotogr\u00e1fica se muestran algunos de los sitios m\u00e1s emblem\u00e1ticos del estado de Chihuahua. En la foto superior se muestra la belleza del Desierto de Samalayuca, ubicado en el norte de la entidad.<\/p>\n<p style=\"text-align: justify;\"><img decoding=\"async\" class=\" size-full wp-image-11671\" src=\"https:\/\/www.opinionpublica.tv\/portada\/wp-content\/uploads\/2017\/02\/barrancas2.jpg\" width=\"666\" height=\"233\" srcset=\"https:\/\/www.opinionpublica.tv\/portada\/wp-content\/uploads\/2017\/02\/barrancas2.jpg 1200w, https:\/\/www.opinionpublica.tv\/portada\/wp-content\/uploads\/2017\/02\/barrancas2-300x105.jpg 300w, https:\/\/www.opinionpublica.tv\/portada\/wp-content\/uploads\/2017\/02\/barrancas2-1024x358.jpg 1024w, https:\/\/www.opinionpublica.tv\/portada\/wp-content\/uploads\/2017\/02\/barrancas2-768x269.jpg 768w\" sizes=\"(max-width: 666px) 100vw, 666px\" \/><\/p>\n<p style=\"text-align: justify;\"><img decoding=\"async\" class=\" size-full wp-image-11672\" src=\"https:\/\/www.opinionpublica.tv\/portada\/wp-content\/uploads\/2017\/02\/barrancas.jpg\" width=\"665\" height=\"996\" srcset=\"https:\/\/www.opinionpublica.tv\/portada\/wp-content\/uploads\/2017\/02\/barrancas.jpg 501w, https:\/\/www.opinionpublica.tv\/portada\/wp-content\/uploads\/2017\/02\/barrancas-200x300.jpg 200w\" sizes=\"(max-width: 665px) 100vw, 665px\" \/><\/p>\n<p style=\"text-align: justify;\">Barrancas del Cobre en el coraz\u00f3n de la Sierra Tarahumara.<\/p>\n<p style=\"text-align: justify;\"><img loading=\"lazy\" decoding=\"async\" class=\" size-full wp-image-11673\" src=\"https:\/\/www.opinionpublica.tv\/portada\/wp-content\/uploads\/2017\/02\/cascada.jpeg\" width=\"664\" height=\"443\" srcset=\"https:\/\/www.opinionpublica.tv\/portada\/wp-content\/uploads\/2017\/02\/cascada.jpeg 640w, https:\/\/www.opinionpublica.tv\/portada\/wp-content\/uploads\/2017\/02\/cascada-300x200.jpeg 300w\" sizes=\"(max-width: 664px) 100vw, 664px\" \/><\/p>\n<p style=\"text-align: justify;\">Cascada de Basaseachi.<\/p>\n<p style=\"text-align: justify;\"><img loading=\"lazy\" decoding=\"async\" class=\" size-full wp-image-11674\" src=\"https:\/\/www.opinionpublica.tv\/portada\/wp-content\/uploads\/2017\/02\/chepe2.jpg\" width=\"663\" height=\"301\" srcset=\"https:\/\/www.opinionpublica.tv\/portada\/wp-content\/uploads\/2017\/02\/chepe2.jpg 595w, https:\/\/www.opinionpublica.tv\/portada\/wp-content\/uploads\/2017\/02\/chepe2-300x136.jpg 300w\" sizes=\"(max-width: 663px) 100vw, 663px\" \/><\/p>\n<p style=\"text-align: justify;\"><img loading=\"lazy\" decoding=\"async\" class=\" size-full wp-image-11675\" src=\"https:\/\/www.opinionpublica.tv\/portada\/wp-content\/uploads\/2017\/02\/chihuahua.jpg\" width=\"663\" height=\"373\" srcset=\"https:\/\/www.opinionpublica.tv\/portada\/wp-content\/uploads\/2017\/02\/chihuahua.jpg 604w, https:\/\/www.opinionpublica.tv\/portada\/wp-content\/uploads\/2017\/02\/chihuahua-300x169.jpg 300w\" sizes=\"(max-width: 663px) 100vw, 663px\" \/><\/p>\n<p style=\"text-align: justify;\">Catedral de la ciudad de Chihuahua.<\/p>\n<p style=\"text-align: justify;\"><img loading=\"lazy\" decoding=\"async\" class=\" size-full wp-image-11676\" src=\"https:\/\/www.opinionpublica.tv\/portada\/wp-content\/uploads\/2017\/02\/El_Chepe.jpeg\" width=\"660\" height=\"430\" \/><\/p>\n<p style=\"text-align: justify;\">Tren Chihuahua &#8211; El Pac\u00edfico, mejor conocido como El Chepe.<\/p>\n<p style=\"text-align: justify;\"><img loading=\"lazy\" decoding=\"async\" class=\" size-full wp-image-11677\" src=\"https:\/\/www.opinionpublica.tv\/portada\/wp-content\/uploads\/2017\/02\/dunas.jpg\" width=\"659\" height=\"494\" srcset=\"https:\/\/www.opinionpublica.tv\/portada\/wp-content\/uploads\/2017\/02\/dunas.jpg 460w, https:\/\/www.opinionpublica.tv\/portada\/wp-content\/uploads\/2017\/02\/dunas-300x225.jpg 300w\" sizes=\"(max-width: 659px) 100vw, 659px\" \/><\/p>\n<p style=\"text-align: justify;\">Las Dunas de Samalayuca.<\/p>\n<p style=\"text-align: justify;\"><img loading=\"lazy\" decoding=\"async\" class=\" size-full wp-image-11678\" src=\"https:\/\/www.opinionpublica.tv\/portada\/wp-content\/uploads\/2017\/02\/El_Valle_de_los_Monjes.jpg\" width=\"659\" height=\"440\" srcset=\"https:\/\/www.opinionpublica.tv\/portada\/wp-content\/uploads\/2017\/02\/El_Valle_de_los_Monjes.jpg 750w, https:\/\/www.opinionpublica.tv\/portada\/wp-content\/uploads\/2017\/02\/El_Valle_de_los_Monjes-300x200.jpg 300w\" sizes=\"(max-width: 659px) 100vw, 659px\" \/><\/p>\n<p style=\"text-align: justify;\">El Valle de Los Monjes.<\/p>\n<p style=\"text-align: justify;\"><img loading=\"lazy\" decoding=\"async\" class=\" size-full wp-image-11679\" src=\"https:\/\/www.opinionpublica.tv\/portada\/wp-content\/uploads\/2017\/02\/grutas.jpg\" width=\"658\" height=\"493\" srcset=\"https:\/\/www.opinionpublica.tv\/portada\/wp-content\/uploads\/2017\/02\/grutas.jpg 1440w, https:\/\/www.opinionpublica.tv\/portada\/wp-content\/uploads\/2017\/02\/grutas-300x225.jpg 300w, https:\/\/www.opinionpublica.tv\/portada\/wp-content\/uploads\/2017\/02\/grutas-1024x768.jpg 1024w, https:\/\/www.opinionpublica.tv\/portada\/wp-content\/uploads\/2017\/02\/grutas-768x576.jpg 768w\" sizes=\"(max-width: 658px) 100vw, 658px\" \/><\/p>\n<p style=\"text-align: justify;\">Las Grutas Nombre de Dios.<\/p>\n<p style=\"text-align: justify;\"><img loading=\"lazy\" decoding=\"async\" class=\" size-full wp-image-11680\" src=\"https:\/\/www.opinionpublica.tv\/portada\/wp-content\/uploads\/2017\/02\/nina.jpg\" width=\"657\" height=\"878\" srcset=\"https:\/\/www.opinionpublica.tv\/portada\/wp-content\/uploads\/2017\/02\/nina.jpg 561w, https:\/\/www.opinionpublica.tv\/portada\/wp-content\/uploads\/2017\/02\/nina-224x300.jpg 224w\" sizes=\"(max-width: 657px) 100vw, 657px\" \/><\/p>\n<p style=\"text-align: justify;\">Ni\u00f1a de la etnia Tarahumara.<\/p>\n<p style=\"text-align: justify;\"><img loading=\"lazy\" decoding=\"async\" class=\" size-full wp-image-11681\" src=\"https:\/\/www.opinionpublica.tv\/portada\/wp-content\/uploads\/2017\/02\/qgameros.jpg\" width=\"661\" height=\"495\" srcset=\"https:\/\/www.opinionpublica.tv\/portada\/wp-content\/uploads\/2017\/02\/qgameros.jpg 750w, https:\/\/www.opinionpublica.tv\/portada\/wp-content\/uploads\/2017\/02\/qgameros-300x225.jpg 300w\" sizes=\"(max-width: 661px) 100vw, 661px\" \/><\/p>\n<p style=\"text-align: justify;\">La Quinta Gameros en la ciudad de Chihuahua.<\/p>\n<p style=\"text-align: justify;\"><img loading=\"lazy\" decoding=\"async\" class=\" size-full wp-image-11682\" src=\"https:\/\/www.opinionpublica.tv\/portada\/wp-content\/uploads\/2017\/02\/catedral_cj.jpg\" width=\"660\" height=\"881\" srcset=\"https:\/\/www.opinionpublica.tv\/portada\/wp-content\/uploads\/2017\/02\/catedral_cj.jpg 562w, https:\/\/www.opinionpublica.tv\/portada\/wp-content\/uploads\/2017\/02\/catedral_cj-225x300.jpg 225w\" sizes=\"(max-width: 660px) 100vw, 660px\" \/><\/p>\n<p style=\"text-align: justify;\">Catedral de Ciudad Ju\u00e1rez.<\/p>\n<p style=\"text-align: justify;\"><img loading=\"lazy\" decoding=\"async\" class=\" size-full wp-image-11683\" src=\"https:\/\/www.opinionpublica.tv\/portada\/wp-content\/uploads\/2017\/02\/museo.jpg\" width=\"666\" height=\"548\" srcset=\"https:\/\/www.opinionpublica.tv\/portada\/wp-content\/uploads\/2017\/02\/museo.jpg 750w, https:\/\/www.opinionpublica.tv\/portada\/wp-content\/uploads\/2017\/02\/museo-300x247.jpg 300w\" sizes=\"(max-width: 666px) 100vw, 666px\" \/><\/p>\n<p style=\"text-align: justify;\">Museo de la Revoluci\u00f3n en Ciudad Ju\u00e1rez.<\/p>\n<p style=\"text-align: justify;\"><img loading=\"lazy\" decoding=\"async\" class=\" size-full wp-image-11684\" src=\"https:\/\/www.opinionpublica.tv\/portada\/wp-content\/uploads\/2017\/02\/angelindependencia.jpg\" width=\"665\" height=\"913\" srcset=\"https:\/\/www.opinionpublica.tv\/portada\/wp-content\/uploads\/2017\/02\/angelindependencia.jpg 583w, https:\/\/www.opinionpublica.tv\/portada\/wp-content\/uploads\/2017\/02\/angelindependencia-219x300.jpg 219w\" sizes=\"(max-width: 665px) 100vw, 665px\" \/><\/p>\n<p style=\"text-align: justify;\">\u00a0El \u00c1ngel de la Independencia, ubicado en el Centro Hist\u00f3rico de la capital del Estado.<\/p>\n<p style=\"text-align: justify;\">\u00a0<\/p>\n","protected":false},"excerpt":{"rendered":"","protected":false},"author":6,"featured_media":11670,"comment_status":"open","ping_status":"open","sticky":false,"template":"","format":"standard","meta":{"_acf_changed":false,"_monsterinsights_skip_tracking":false,"slim_seo":{"title":"Fotogaler\u00eda: Chihuahua y su belleza en fotos - Opini\u00f3n P\u00fablica","description":"\"Qu\u00e9 Bonito es Chihuahua\".\u00c9sta es la frase distintiva de\u00a0una famosa canci\u00f3n vern\u00e1cula que distingue al estado m\u00e1s grande de la Rep\u00fablica Mexicana, y en esta gal"},"footnotes":""},"categories":[15],"tags":[],"class_list":["post-11685","post","type-post","status-publish","format-standard","has-post-thumbnail","hentry","category-galerias"],"acf":[],"_links":{"self":[{"href":"https:\/\/www.opinionpublica.tv\/portada\/wp-json\/wp\/v2\/posts\/11685","targetHints":{"allow":["GET"]}}],"collection":[{"href":"https:\/\/www.opinionpublica.tv\/portada\/wp-json\/wp\/v2\/posts"}],"about":[{"href":"https:\/\/www.opinionpublica.tv\/portada\/wp-json\/wp\/v2\/types\/post"}],"author":[{"embeddable":true,"href":"https:\/\/www.opinionpublica.tv\/portada\/wp-json\/wp\/v2\/users\/6"}],"replies":[{"embeddable":true,"href":"https:\/\/www.opinionpublica.tv\/portada\/wp-json\/wp\/v2\/comments?post=11685"}],"version-history":[{"count":0,"href":"https:\/\/www.opinionpublica.tv\/portada\/wp-json\/wp\/v2\/posts\/11685\/revisions"}],"wp:featuredmedia":[{"embeddable":true,"href":"https:\/\/www.opinionpublica.tv\/portada\/wp-json\/wp\/v2\/media\/11670"}],"wp:attachment":[{"href":"https:\/\/www.opinionpublica.tv\/portada\/wp-json\/wp\/v2\/media?parent=11685"}],"wp:term":[{"taxonomy":"category","embeddable":true,"href":"https:\/\/www.opinionpublica.tv\/portada\/wp-json\/wp\/v2\/categories?post=11685"},{"taxonomy":"post_tag","embeddable":true,"href":"https:\/\/www.opinionpublica.tv\/portada\/wp-json\/wp\/v2\/tags?post=11685"}],"curies":[{"name":"wp","href":"https:\/\/api.w.org\/{rel}","templated":true}]}}