{"id":11669,"date":"2017-02-09T07:00:00","date_gmt":"2017-02-09T06:00:00","guid":{"rendered":"https:\/\/www.opinionpublica.tv\/portada\/2017\/02\/09\/marcha-de-la-lealtad-104-anos-de-mito-e-historia\/"},"modified":"2017-02-09T07:00:00","modified_gmt":"2017-02-09T06:00:00","slug":"marcha-de-la-lealtad-104-anos-de-mito-e-historia","status":"publish","type":"post","link":"https:\/\/www.opinionpublica.tv\/portada\/marcha-de-la-lealtad-104-anos-de-mito-e-historia\/","title":{"rendered":"Marcha de la Lealtad; 104 a\u00f1os de mito e historia"},"content":{"rendered":"<p><img decoding=\"async\" class=\" size-full wp-image-11668\" src=\"https:\/\/www.opinionpublica.tv\/portada\/wp-content\/uploads\/2017\/02\/8d08e0465f3ed5a7d276fc804387789c.jpg\" alt=\"\" width=\"250\" height=\"170\" \/><br \/>\n<!--more--><\/p>\n<p style=\"text-align: justify;\">El 9 de febrero de 1913, la capital del pa\u00eds se vio sacudida por un pronunciamiento militar en contra del Presidente Constitucional Francisco I. Madero, encabezada por los Generales Manuel Mondrag\u00f3n y Gregorio Ruiz, apoyados por la Escuela Militar de Aspirantes, alojada en Tlalpan, por otros militares y pol\u00edticos as\u00ed como por fracciones del 1\/o., 2\/o. y 5\/o. Regimientos de Artiller\u00eda, dos escuadrones del 1\/er. Regimiento de Caballer\u00eda, la mayor parte de la Gendarmer\u00eda Montada y la casi totalidad del Batall\u00f3n de Seguridad del Distrito Federal, quienes iniciaron el mot\u00edn en Tacubaya y Tlalpan.<\/p>\n<p style=\"text-align: justify;\">Los alumnos de la Escuela Militar de Aspirantes del arma de infanter\u00eda, se trasladaron en tranv\u00eda hasta la Plaza de la Constituci\u00f3n y lograron apoderarse de Palacio Nacional sin resistencia y ocuparon sus alturas, destacando algunos elementos en las torres de la Catedral y de los edificios inmediatos a la Plaza de Armas, sin embargo el General Lauro Villar, con soldados leales del 20\/o. y 24\/o. Batallones de infanter\u00eda, logr\u00f3 recuperar Palacio Nacional e hizo prisioneros a los alumnos de la Escuela Militar de Aspirantes.<\/p>\n<p style=\"text-align: justify;\">Mientras tanto el General Manuel Mondrag\u00f3n con los Generales Cecilio Oc\u00f3n y Gregorio Ruiz y parte del 2\/o Regimiento de Artiller\u00eda, dos escuadrones del 1\/er. Regimiento de Caballer\u00eda y el escuadr\u00f3n de la Escuela de Aspirantes se dirigieron a la prisi\u00f3n de Santiago Tlatelolco, en el camino se les uni\u00f3 el 1\/er. Regimiento de Artiller\u00eda Montada al mando del Teniente Coronel Antonio Monter, una vez en la prisi\u00f3n de Tlatelolco pusieron en libertad al General Bernardo Reyes a quien se le consider\u00f3 Jefe de la rebeli\u00f3n, despu\u00e9s se dirigieron a la penitenciaria de Lecumberri donde liberaron al General F\u00e9lix D\u00edaz y se encaminaron a Palacio Nacional.<\/p>\n<p style=\"text-align: justify;\">El General Bernardo Reyes confiado en la amistad que ten\u00eda con el General Villar intent\u00f3 atraerlo a su partido. En frente de la puerta principal de Palacio Nacional el General Reyes y el General Villar entablaron una conversaci\u00f3n de la que no tuvieron acuerdo alguno y cuando el General Villar se incorpor\u00f3 a palacio, sus tropas hicieron fuego acribillando al General Reyes.<\/p>\n<p style=\"text-align: justify;\">Una vez enterado el Presidente Madero de los acontecimientos, orden\u00f3 al Teniente Coronel V\u00edctor Hern\u00e1ndez Covarrubias, Subdirector del Colegio Militar, que los alumnos del plantel se prepararan para salir en uniforme de gala y con su dotaci\u00f3n de cartuchos completa, a fin de darle escolta y seguridad.<\/p>\n<p style=\"text-align: justify;\">Una vez en el patio del Castillo de Chapultepec, el Presidente Francisco I. Madero, montado en su caballo tordillo y acompa\u00f1ado del General \u00c1ngel Garc\u00eda Pe\u00f1a, Secretario de Guerra, exhort\u00f3 a los cadetes de la siguiente manera:<\/p>\n<p style=\"text-align: justify;\">\u201c\u2026J\u00f3venes cadetes: unos cuantos malos mexicanos, militares y civiles se han sublevado esta madrugada contra mi gobierno. En estos momentos la situaci\u00f3n ha sido dominada por el pundonoroso General Lauro Villar, Comandante de Guarnici\u00f3n y el Palacio Nacional, est\u00e1 en poder de las tropas leales, ustedes herederos de las puras y nobles tradiciones de lealtad a las instituciones legalmente constituidas, van a escoltarme, en columna de honor, hasta el Palacio Nacional, para demostrar al pueblo capitalino, que hemos triunfado derrotando a los infidentes y desleales\u2026\u201d<\/p>\n<p style=\"text-align: justify;\">En seguida se inici\u00f3 la marcha rumbo a la ciudad, con una secci\u00f3n de la 1\/a. compa\u00f1\u00eda de descubierta, el se\u00f1or Presidente y su comitiva. El itinerario que sigui\u00f3 la marcha fue por Paseo de la Reforma, despu\u00e9s por las calles que dan al jard\u00edn \u201cGuardiola\u201d (Un poco antes de la Revoluci\u00f3n la Calle de Madero se llamaba San Francisco y en la plaza \u201cGuardiola\u201d estaba la casa de los Perros) en ese lugar el Teniente Coronel dispuso que una fracci\u00f3n de alumnos siguiera por la calle 5 de mayo, a las \u00f3rdenes del Mayor Tom\u00e1s Mar\u00edn, otra fracci\u00f3n por las calles de San Francisco y Plateros (hoy Madero), a las \u00f3rdenes del Capit\u00e1n 1\/o. Federico D\u00e1valos y el n\u00facleo principal al mando del Teniente Coronel Hern\u00e1ndez Covarrubias que avanzar\u00eda por la calle 16 de septiembre.<\/p>\n<p style=\"text-align: justify;\">Cuando lleg\u00f3 esta \u00faltima columna al edificio de \u201cLos Leones\u201d fueron agredidos desde el edificio de la \u201cMutua\u201d, por tal motivo el General \u00c1ngel Garc\u00eda Pe\u00f1a, aconsej\u00f3 al Presidente Madero protegerse en el edificio de la fotograf\u00eda \u201cDaguerre\u201d, en este lugar la guardia fue establecida por alumnos de la 2\/a. compa\u00f1\u00eda que se encontraban en la bocacalle de dolores, siendo estos alumnos el cabo Jos\u00e9 Rodrigo Garc\u00eda Pe\u00f1a, Roberto Moreno, Carlos R\u00edos, Enrique Araujo, Adolfo P\u00e9rez Caro, Luis Fern\u00e1ndez Guerra, \u00c1lvarez del Castillo y Carlos Carranza, en ese lugar se presentaron con el Presidente Madero el Ministro de Fomento, Ingeniero Bonilla; de Hacienda, Ernesto Madero; el General Victoriano Huerta y otros m\u00e1s.<\/p>\n<p style=\"text-align: justify;\">Mientras tanto los alumnos del Colegio Militar siguieron progresando hacia el Z\u00f3calo, hasta que llegaron a la Plaza de la Constituci\u00f3n, en donde el General Villar inform\u00f3 al Presidente Madero que la situaci\u00f3n en la Plaza de Armas o Z\u00f3calo hab\u00eda sido dominada, asimismo, por su condici\u00f3n, este fue sustituido por el General Victoriano Huerta como Comandante de Plaza. Despu\u00e9s Madero continu\u00f3 su avance a Palacio Nacional, escoltado por los alumnos del Colegio Militar y gente del pueblo.<\/p>\n<p style=\"text-align: justify;\">Los alumnos del Colegio militar le proporcionaron seguridad desde el Castillo de Chapultepec a Palacio Nacional en donde relevaron la guardia en prevenci\u00f3n, permanecieron ese domingo, todo el lunes y hasta la media noche del martes, en vivac de alarma en la calle de la Corregidora y Acequia (Cuartel de Zapadores) cubriendo tambi\u00e9n las bocacalles que dan a Pino Su\u00e1rez y Correo Mayor, durante esa noche de este \u00faltimo d\u00eda se orden\u00f3 que se retiraran a Chapultepec, donde los alumnos, permanecieron en situaci\u00f3n de alarma, teniendo sus puestos establecidos sobre los linderos del bosque hasta que finalizo esta etapa de nuestra historia.<\/p>\n<p style=\"text-align: justify;\">Finalmente el 17 de febrero, Madero y el Vicepresidente Jos\u00e9 Mar\u00eda Pino Su\u00e1rez fueron hechos prisioneros y mientras permanecieron en Palacio Nacional fueron obligados a presentar sus renuncias de Presidente y vicepresidente respectivamente ante un Congreso reunido en sesi\u00f3n extraordinaria, que nombr\u00f3 presidente a Pedro Lascur\u00e1in quien era Ministro de Relaciones Exteriores, Lascur\u00e1in a su vez renunci\u00f3 a la Presidencia de la Republica, y el Congreso nombr\u00f3 a Victoriano Huerta Presidente, mientras tanto los prisioneros esperaban en vano un tren que los conducir\u00eda al puerto de Veracruz, de donde se embarcar\u00edan a Cuba, al exilio.<\/p>\n<p style=\"text-align: justify;\">Las acciones realizadas, del Castillo de Chapultepec a Palacio Nacional, por parte de los cadetes leales al Presidente Madero el 9 de febrero de 1913, demostraron su lealtad ante el Presidente de la Rep\u00fablica, anteponiendo sus intereses personales, caracterizados de valor, honor y rectitud, para defender la paz interior de las instituciones legalmente constituidas y tratar de derrotar a los sublevados adictos al r\u00e9gimen porfirista, dejando una huella en la historia del Instituto Armado.<\/p>\n","protected":false},"excerpt":{"rendered":"","protected":false},"author":6,"featured_media":11668,"comment_status":"open","ping_status":"open","sticky":false,"template":"","format":"standard","meta":{"_acf_changed":false,"_monsterinsights_skip_tracking":false,"slim_seo":{"title":"Marcha de la Lealtad; 104 a\u00f1os de mito e historia - Opini\u00f3n P\u00fablica","description":"El 9 de febrero de 1913, la capital del pa\u00eds se vio sacudida por un pronunciamiento militar en contra del Presidente Constitucional Francisco I. Madero, encabez"},"footnotes":""},"categories":[14],"tags":[],"class_list":["post-11669","post","type-post","status-publish","format-standard","has-post-thumbnail","hentry","category-historias"],"acf":[],"_links":{"self":[{"href":"https:\/\/www.opinionpublica.tv\/portada\/wp-json\/wp\/v2\/posts\/11669","targetHints":{"allow":["GET"]}}],"collection":[{"href":"https:\/\/www.opinionpublica.tv\/portada\/wp-json\/wp\/v2\/posts"}],"about":[{"href":"https:\/\/www.opinionpublica.tv\/portada\/wp-json\/wp\/v2\/types\/post"}],"author":[{"embeddable":true,"href":"https:\/\/www.opinionpublica.tv\/portada\/wp-json\/wp\/v2\/users\/6"}],"replies":[{"embeddable":true,"href":"https:\/\/www.opinionpublica.tv\/portada\/wp-json\/wp\/v2\/comments?post=11669"}],"version-history":[{"count":0,"href":"https:\/\/www.opinionpublica.tv\/portada\/wp-json\/wp\/v2\/posts\/11669\/revisions"}],"wp:featuredmedia":[{"embeddable":true,"href":"https:\/\/www.opinionpublica.tv\/portada\/wp-json\/wp\/v2\/media\/11668"}],"wp:attachment":[{"href":"https:\/\/www.opinionpublica.tv\/portada\/wp-json\/wp\/v2\/media?parent=11669"}],"wp:term":[{"taxonomy":"category","embeddable":true,"href":"https:\/\/www.opinionpublica.tv\/portada\/wp-json\/wp\/v2\/categories?post=11669"},{"taxonomy":"post_tag","embeddable":true,"href":"https:\/\/www.opinionpublica.tv\/portada\/wp-json\/wp\/v2\/tags?post=11669"}],"curies":[{"name":"wp","href":"https:\/\/api.w.org\/{rel}","templated":true}]}}