{"id":11667,"date":"2017-02-09T07:00:00","date_gmt":"2017-02-09T06:00:00","guid":{"rendered":"https:\/\/www.opinionpublica.tv\/portada\/2017\/02\/09\/muro-de-trump-costara-21-mil-600-mdd-y-tardaria-3-5-anos\/"},"modified":"2017-02-09T07:00:00","modified_gmt":"2017-02-09T06:00:00","slug":"muro-de-trump-costara-21-mil-600-mdd-y-tardaria-3-5-anos","status":"publish","type":"post","link":"https:\/\/www.opinionpublica.tv\/portada\/muro-de-trump-costara-21-mil-600-mdd-y-tardaria-3-5-anos\/","title":{"rendered":"Muro costar\u00e1 21 mil 600 mdd y tardar\u00eda 3.5 a\u00f1os"},"content":{"rendered":"<p><img fetchpriority=\"high\" decoding=\"async\" class=\" size-full wp-image-11666\" src=\"https:\/\/www.opinionpublica.tv\/portada\/wp-content\/uploads\/2017\/02\/23b4b2e3aa10f55908261643c7fe7753.jpg\" alt=\"\" width=\"664\" height=\"498\" srcset=\"https:\/\/www.opinionpublica.tv\/portada\/wp-content\/uploads\/2017\/02\/23b4b2e3aa10f55908261643c7fe7753.jpg 664w, https:\/\/www.opinionpublica.tv\/portada\/wp-content\/uploads\/2017\/02\/23b4b2e3aa10f55908261643c7fe7753-300x225.jpg 300w\" sizes=\"(max-width: 664px) 100vw, 664px\" \/><br \/>\n<!--more--><\/p>\n<p style=\"text-align: justify;\">El\u00a0muro\u00a0que el\u00a0presidente Donald Trump\u00a0planea\u00a0levantar\u00a0en la\u00a0frontera de Estados Unidos\u00a0con M\u00e9xico\u00a0estar\u00eda formado por\u00a0vallas y paredes que\u00a0costar\u00edan\u00a0hasta\u00a021 mil 600 millones de d\u00f3lares\u00a0y cuya construcci\u00f3n\u00a0demandar\u00eda\u00a0tres a\u00f1os y medio, de acuerdo a un reporte interno del\u00a0Departamento de Seguridad Nacional.<\/p>\n<p style=\"text-align: justify;\">El reporte\u00a0estima el costo del muro muy por encima de los 12 mil millones de d\u00f3lares a los que Trump aludi\u00f3 en la campa\u00f1a. Los l\u00edderes republicanos de la C\u00e1mara de Representantes y de la mayor\u00eda del Senado, Paul Ryan y Mitch McConnell, cifraron el valor en hasta unos 15 mil millones de d\u00f3lares.<\/p>\n<p style=\"text-align: justify;\">Se espera que el reporte sea presentado en los pr\u00f3ximos d\u00edas al secretario del Departamento de Seguridad Nacional, John Kelly, aunque el gobierno no necesariamente tomar\u00e1 las acciones que el escrito recomienda.<\/p>\n","protected":false},"excerpt":{"rendered":"","protected":false},"author":6,"featured_media":11666,"comment_status":"open","ping_status":"open","sticky":false,"template":"","format":"standard","meta":{"_acf_changed":false,"_monsterinsights_skip_tracking":false,"slim_seo":{"title":"Muro costar\u00e1 21 mil 600 mdd y tardar\u00eda 3.5 a\u00f1os - Opini\u00f3n P\u00fablica","description":"El\u00a0muro\u00a0que el\u00a0presidente Donald Trump\u00a0planea\u00a0levantar\u00a0en la\u00a0frontera de Estados Unidos\u00a0con M\u00e9xico\u00a0estar\u00eda formado por\u00a0vallas y paredes que\u00a0costar\u00edan\u00a0hasta\u00a021 m"},"footnotes":""},"categories":[24],"tags":[],"class_list":["post-11667","post","type-post","status-publish","format-standard","has-post-thumbnail","hentry","category-estados-unidos"],"acf":[],"_links":{"self":[{"href":"https:\/\/www.opinionpublica.tv\/portada\/wp-json\/wp\/v2\/posts\/11667","targetHints":{"allow":["GET"]}}],"collection":[{"href":"https:\/\/www.opinionpublica.tv\/portada\/wp-json\/wp\/v2\/posts"}],"about":[{"href":"https:\/\/www.opinionpublica.tv\/portada\/wp-json\/wp\/v2\/types\/post"}],"author":[{"embeddable":true,"href":"https:\/\/www.opinionpublica.tv\/portada\/wp-json\/wp\/v2\/users\/6"}],"replies":[{"embeddable":true,"href":"https:\/\/www.opinionpublica.tv\/portada\/wp-json\/wp\/v2\/comments?post=11667"}],"version-history":[{"count":0,"href":"https:\/\/www.opinionpublica.tv\/portada\/wp-json\/wp\/v2\/posts\/11667\/revisions"}],"wp:featuredmedia":[{"embeddable":true,"href":"https:\/\/www.opinionpublica.tv\/portada\/wp-json\/wp\/v2\/media\/11666"}],"wp:attachment":[{"href":"https:\/\/www.opinionpublica.tv\/portada\/wp-json\/wp\/v2\/media?parent=11667"}],"wp:term":[{"taxonomy":"category","embeddable":true,"href":"https:\/\/www.opinionpublica.tv\/portada\/wp-json\/wp\/v2\/categories?post=11667"},{"taxonomy":"post_tag","embeddable":true,"href":"https:\/\/www.opinionpublica.tv\/portada\/wp-json\/wp\/v2\/tags?post=11667"}],"curies":[{"name":"wp","href":"https:\/\/api.w.org\/{rel}","templated":true}]}}