{"id":11661,"date":"2017-02-09T07:00:00","date_gmt":"2017-02-09T06:00:00","guid":{"rendered":"https:\/\/www.opinionpublica.tv\/portada\/2017\/02\/09\/se-mantiene-juarez-en-top-ten-de-ciudades-con-mayor-inflacion\/"},"modified":"2017-02-09T07:00:00","modified_gmt":"2017-02-09T06:00:00","slug":"se-mantiene-juarez-en-top-ten-de-ciudades-con-mayor-inflacion","status":"publish","type":"post","link":"https:\/\/www.opinionpublica.tv\/portada\/se-mantiene-juarez-en-top-ten-de-ciudades-con-mayor-inflacion\/","title":{"rendered":"Se mantiene Ju\u00e1rez en top ten de ciudades con mayor inflaci\u00f3n"},"content":{"rendered":"<p><img fetchpriority=\"high\" decoding=\"async\" class=\" size-full wp-image-11660\" src=\"https:\/\/www.opinionpublica.tv\/portada\/wp-content\/uploads\/2017\/02\/09d7584cad6726ef025d855c4175d7be-scaled.jpg\" alt=\"\" width=\"2560\" height=\"1440\" srcset=\"https:\/\/www.opinionpublica.tv\/portada\/wp-content\/uploads\/2017\/02\/09d7584cad6726ef025d855c4175d7be-scaled.jpg 2560w, https:\/\/www.opinionpublica.tv\/portada\/wp-content\/uploads\/2017\/02\/09d7584cad6726ef025d855c4175d7be-300x169.jpg 300w, https:\/\/www.opinionpublica.tv\/portada\/wp-content\/uploads\/2017\/02\/09d7584cad6726ef025d855c4175d7be-1024x576.jpg 1024w, https:\/\/www.opinionpublica.tv\/portada\/wp-content\/uploads\/2017\/02\/09d7584cad6726ef025d855c4175d7be-768x432.jpg 768w, https:\/\/www.opinionpublica.tv\/portada\/wp-content\/uploads\/2017\/02\/09d7584cad6726ef025d855c4175d7be-1536x864.jpg 1536w, https:\/\/www.opinionpublica.tv\/portada\/wp-content\/uploads\/2017\/02\/09d7584cad6726ef025d855c4175d7be-2048x1152.jpg 2048w\" sizes=\"(max-width: 2560px) 100vw, 2560px\" \/><br \/>\n<!--more--><\/p>\n<p style=\"text-align: justify;\">Seg\u00fan el reporte m\u00e1s reciente del INEGI, Ciudad Ju\u00e1rez se encuentra entre las 10 ciudades que registraron el \u00edndice de inflaci\u00f3n del pa\u00eds durante el primer mes del 2017.<\/p>\n<p style=\"text-align: justify;\">Jacona, Michoac\u00e1n registra un 5.46%, le sigue Torre\u00f3n con 5.72%, Aguascalientes con 5.78%, Mexicali con 5.91%, Le\u00f3n 6.27% y Ju\u00e1rez 6.31%.<\/p>\n<p style=\"text-align: justify;\">En tanto, la inflaci\u00f3n anual de M\u00e9xico se dispar\u00f3 en enero a su mayor nivel desde septiembre de 2012 por fuertes incrementos en los precios de las gasolinas y el gas dom\u00e9stico, seg\u00fan datos del Inegi.<\/p>\n<p style=\"text-align: justify;\">El \u00edndice de precios al consumidor subi\u00f3 a un 4.72 por ciento durante el primer mes del a\u00f1o, por encima del rango objetivo del Banco de M\u00e9xico de 3 por ciento +\/- un punto porcentual.<\/p>\n<p style=\"text-align: justify;\">Sin embargo, en algunas ciudades el indicador se dispar\u00f3 a casi el doble, como en Ciudad Acu\u00f1a, Coahuila, donde lleg\u00f3 a 8.19 por ciento.<\/p>\n<p style=\"text-align: justify;\">En total, de las 47 ciudades que mide el Inegi, 36 estuvieron por encima del objetivo del Banco Central.<\/p>\n<p style=\"text-align: justify;\">Por otro lado, en Tehuantepec, Oaxaca, se registr\u00f3 la menor inflaci\u00f3n con 2.96 por ciento, seguida de Tlaxcala con 3.32 por ciento.<\/p>\n","protected":false},"excerpt":{"rendered":"","protected":false},"author":6,"featured_media":11660,"comment_status":"open","ping_status":"open","sticky":false,"template":"","format":"standard","meta":{"_acf_changed":false,"_monsterinsights_skip_tracking":false,"slim_seo":{"title":"Se mantiene Ju\u00e1rez en top ten de ciudades con mayor inflaci\u00f3n - Opini\u00f3n P\u00fablica","description":"Seg\u00fan el reporte m\u00e1s reciente del INEGI, Ciudad Ju\u00e1rez se encuentra entre las 10 ciudades que registraron el \u00edndice de inflaci\u00f3n del pa\u00eds durante el primer mes"},"footnotes":""},"categories":[5],"tags":[],"class_list":["post-11661","post","type-post","status-publish","format-standard","has-post-thumbnail","hentry","category-frontera"],"acf":[],"_links":{"self":[{"href":"https:\/\/www.opinionpublica.tv\/portada\/wp-json\/wp\/v2\/posts\/11661","targetHints":{"allow":["GET"]}}],"collection":[{"href":"https:\/\/www.opinionpublica.tv\/portada\/wp-json\/wp\/v2\/posts"}],"about":[{"href":"https:\/\/www.opinionpublica.tv\/portada\/wp-json\/wp\/v2\/types\/post"}],"author":[{"embeddable":true,"href":"https:\/\/www.opinionpublica.tv\/portada\/wp-json\/wp\/v2\/users\/6"}],"replies":[{"embeddable":true,"href":"https:\/\/www.opinionpublica.tv\/portada\/wp-json\/wp\/v2\/comments?post=11661"}],"version-history":[{"count":0,"href":"https:\/\/www.opinionpublica.tv\/portada\/wp-json\/wp\/v2\/posts\/11661\/revisions"}],"wp:featuredmedia":[{"embeddable":true,"href":"https:\/\/www.opinionpublica.tv\/portada\/wp-json\/wp\/v2\/media\/11660"}],"wp:attachment":[{"href":"https:\/\/www.opinionpublica.tv\/portada\/wp-json\/wp\/v2\/media?parent=11661"}],"wp:term":[{"taxonomy":"category","embeddable":true,"href":"https:\/\/www.opinionpublica.tv\/portada\/wp-json\/wp\/v2\/categories?post=11661"},{"taxonomy":"post_tag","embeddable":true,"href":"https:\/\/www.opinionpublica.tv\/portada\/wp-json\/wp\/v2\/tags?post=11661"}],"curies":[{"name":"wp","href":"https:\/\/api.w.org\/{rel}","templated":true}]}}