{"id":11659,"date":"2017-02-09T07:00:00","date_gmt":"2017-02-09T06:00:00","guid":{"rendered":"https:\/\/www.opinionpublica.tv\/portada\/2017\/02\/09\/corte-niega-apelacion-a-trump-sigue-suspendido-decreto-inmigratorio\/"},"modified":"2017-02-09T07:00:00","modified_gmt":"2017-02-09T06:00:00","slug":"corte-niega-apelacion-a-trump-sigue-suspendido-decreto-inmigratorio","status":"publish","type":"post","link":"https:\/\/www.opinionpublica.tv\/portada\/corte-niega-apelacion-a-trump-sigue-suspendido-decreto-inmigratorio\/","title":{"rendered":"Corte niega apelaci\u00f3n a Trump; sigue suspendido decreto inmigratorio"},"content":{"rendered":"<p><img fetchpriority=\"high\" decoding=\"async\" class=\" size-full wp-image-11657\" src=\"https:\/\/www.opinionpublica.tv\/portada\/wp-content\/uploads\/2017\/02\/f9683adb1948bc7d04d330f3edeb46a7.jpg\" alt=\"\" width=\"700\" height=\"395\" srcset=\"https:\/\/www.opinionpublica.tv\/portada\/wp-content\/uploads\/2017\/02\/f9683adb1948bc7d04d330f3edeb46a7.jpg 700w, https:\/\/www.opinionpublica.tv\/portada\/wp-content\/uploads\/2017\/02\/f9683adb1948bc7d04d330f3edeb46a7-300x169.jpg 300w\" sizes=\"(max-width: 700px) 100vw, 700px\" \/><br \/>\n<!--more--><\/p>\n<p style=\"text-align: justify;\">La Corte del Noveno Circuito de Apelaciones fall\u00f3 en contra del gobierno del presidente de Estados Unidos, Donald Trump, y mantuvo la suspensi\u00f3n del decreto inmigratorio que orden\u00f3 un juez federal. La decisi\u00f3n fue un\u00e1nime.<\/p>\n<p style=\"text-align: justify;\">El decreto de Trump, promulgado el 27 de enero, imped\u00eda la entrada a los Estados Unidos de ciudadanos de Iraq, Siria, Libia, Somalia, Sud\u00e1n y Yemen por 90 d\u00edas.<\/p>\n<p style=\"text-align: justify;\">Adem\u00e1s\u00a0\u00a0prohib\u00eda por 120 d\u00edas la entrada de todos los refugiados y restringe de manera indefinida la entrada de refugiados sirios.<\/p>\n<p style=\"text-align: justify;\">De esta manera, ahora el gobierno de Trump tiene la opci\u00f3n de ir ante la Corte Suprema a continuar esta batalla legal.<\/p>\n<p style=\"text-align: justify;\">Tras conocerse la noticia, Trump tuite\u00f3: \u00abNOS VEMOS EN LA CORTE, \u00a1LA SEGURIDAD DE NUESTRA\u00a0NACI\u00d3N EST\u00c1 EN JUEGO!\u00bb<\/p>\n<p style=\"text-align: justify;\"><img decoding=\"async\" class=\" size-full wp-image-11658\" src=\"https:\/\/www.opinionpublica.tv\/portada\/wp-content\/uploads\/2017\/02\/Captura_de_pantalla_20170209_a_las_51053_PM.png\" width=\"606\" height=\"234\" srcset=\"https:\/\/www.opinionpublica.tv\/portada\/wp-content\/uploads\/2017\/02\/Captura_de_pantalla_20170209_a_las_51053_PM.png 510w, https:\/\/www.opinionpublica.tv\/portada\/wp-content\/uploads\/2017\/02\/Captura_de_pantalla_20170209_a_las_51053_PM-300x116.png 300w\" sizes=\"(max-width: 606px) 100vw, 606px\" \/><\/p>\n<p style=\"text-align: justify;\">El pasado viernes 3 de febrero el juez federal James Robart, de la Corte del Distrito de Estados Unidos para el Distrito Oeste de Washington,\u00a0suspendi\u00f3 de manera temporal y en todo el pa\u00eds el decreto inmigratorio de Trump.<\/p>\n<p style=\"text-align: justify;\">Dos d\u00edas despu\u00e9s, el domingo, el Tribunal de Apelaciones del Noveno Circuito de San Francisco rechaz\u00f3 el llamado de emergencia del gobierno de Estados Unidos para restablecer la prohibici\u00f3n.<\/p>\n<p style=\"text-align: justify;\">A lo largo del fin de semana, Trump dispar\u00f3 varios mensajes en su cuenta de Twitter para demoler la decisi\u00f3n del juez Robart, y\u00a0en uno de ellos se refiri\u00f3 al postulado por George W. Bush como \u00abeste supuesto juez\u00bb.<\/p>\n<p style=\"text-align: justify;\">M\u00e1s de 100 mil visas\u00a0fueron revocadas desde que el presidente\u00a0Donald Trump firm\u00f3\u00a0el decreto migratorio, seg\u00fan dijo un abogado del gobierno en una audiencia en una corte de Virginia.<\/p>\n<p style=\"text-align: justify;\">Con informaci\u00f3n de CNN.<\/p>\n","protected":false},"excerpt":{"rendered":"","protected":false},"author":6,"featured_media":11657,"comment_status":"open","ping_status":"open","sticky":false,"template":"","format":"standard","meta":{"_acf_changed":false,"_monsterinsights_skip_tracking":false,"slim_seo":{"title":"Corte niega apelaci\u00f3n a Trump; sigue suspendido decreto inmigratorio - Opini\u00f3n P\u00fablica","description":"La Corte del Noveno Circuito de Apelaciones fall\u00f3 en contra del gobierno del presidente de Estados Unidos, Donald Trump, y mantuvo la suspensi\u00f3n del decreto inm"},"footnotes":""},"categories":[24],"tags":[],"class_list":["post-11659","post","type-post","status-publish","format-standard","has-post-thumbnail","hentry","category-estados-unidos"],"acf":[],"_links":{"self":[{"href":"https:\/\/www.opinionpublica.tv\/portada\/wp-json\/wp\/v2\/posts\/11659","targetHints":{"allow":["GET"]}}],"collection":[{"href":"https:\/\/www.opinionpublica.tv\/portada\/wp-json\/wp\/v2\/posts"}],"about":[{"href":"https:\/\/www.opinionpublica.tv\/portada\/wp-json\/wp\/v2\/types\/post"}],"author":[{"embeddable":true,"href":"https:\/\/www.opinionpublica.tv\/portada\/wp-json\/wp\/v2\/users\/6"}],"replies":[{"embeddable":true,"href":"https:\/\/www.opinionpublica.tv\/portada\/wp-json\/wp\/v2\/comments?post=11659"}],"version-history":[{"count":0,"href":"https:\/\/www.opinionpublica.tv\/portada\/wp-json\/wp\/v2\/posts\/11659\/revisions"}],"wp:featuredmedia":[{"embeddable":true,"href":"https:\/\/www.opinionpublica.tv\/portada\/wp-json\/wp\/v2\/media\/11657"}],"wp:attachment":[{"href":"https:\/\/www.opinionpublica.tv\/portada\/wp-json\/wp\/v2\/media?parent=11659"}],"wp:term":[{"taxonomy":"category","embeddable":true,"href":"https:\/\/www.opinionpublica.tv\/portada\/wp-json\/wp\/v2\/categories?post=11659"},{"taxonomy":"post_tag","embeddable":true,"href":"https:\/\/www.opinionpublica.tv\/portada\/wp-json\/wp\/v2\/tags?post=11659"}],"curies":[{"name":"wp","href":"https:\/\/api.w.org\/{rel}","templated":true}]}}