{"id":11654,"date":"2017-02-09T07:00:00","date_gmt":"2017-02-09T06:00:00","guid":{"rendered":"https:\/\/www.opinionpublica.tv\/portada\/2017\/02\/09\/cuatro-millones-de-spots-en-los-4-estados-con-elecciones\/"},"modified":"2017-02-09T07:00:00","modified_gmt":"2017-02-09T06:00:00","slug":"cuatro-millones-de-spots-en-los-4-estados-con-elecciones","status":"publish","type":"post","link":"https:\/\/www.opinionpublica.tv\/portada\/cuatro-millones-de-spots-en-los-4-estados-con-elecciones\/","title":{"rendered":"Habr\u00e1 4 millones de spots en los 4 estados con elecciones"},"content":{"rendered":"<p><img fetchpriority=\"high\" decoding=\"async\" class=\" size-full wp-image-11653\" src=\"https:\/\/www.opinionpublica.tv\/portada\/wp-content\/uploads\/2017\/02\/6a850da371ba17406552bc2656f6b6f4.jpg\" alt=\"\" width=\"500\" height=\"330\" srcset=\"https:\/\/www.opinionpublica.tv\/portada\/wp-content\/uploads\/2017\/02\/6a850da371ba17406552bc2656f6b6f4.jpg 500w, https:\/\/www.opinionpublica.tv\/portada\/wp-content\/uploads\/2017\/02\/6a850da371ba17406552bc2656f6b6f4-300x198.jpg 300w\" sizes=\"(max-width: 500px) 100vw, 500px\" \/><br \/>\n<!--more--><\/p>\n<p style=\"text-align: justify;\">Durante el periodo de precampa\u00f1as, intercampa\u00f1as y campa\u00f1as electorales de los estados de M\u00e9xico, Coahuila, Nayarit y Veracruz, 419 emisoras transmitir\u00e1n en conjunto cuatro millones 827 mil 344 spots de partidos pol\u00edticos y autoridades electorales con miras a la elecci\u00f3n del 4 de junio.<\/p>\n<p style=\"text-align: justify;\">Del total, a los partidos pol\u00edticos y candidatos independientes les corresponden tres millones 177 mil 512 promocionales y a las autoridades electorales un mill\u00f3n 649 mil 832, inform\u00f3 el consejero electoral Marco Antonio Ba\u00f1os.<\/p>\n<p style=\"text-align: justify;\">Al Partido Revolucionario Institucional (PRI), le tocar\u00e1n en global en las cuatro entidades 717 mil 373 spots; a Acci\u00f3n Nacional (PAN), 549 mil 856; al de la Revoluci\u00f3n Democr\u00e1tica (PRD), 286 mil 412; a Morena, 284 mil 837, mientras que al Verde Ecologista de M\u00e9xico, 226 mil 248.<\/p>\n<p style=\"text-align: justify;\">En tanto que a Nueva Alianza le corresponder\u00e1n 194 mil 450 promocionales; a Movimiento Ciudadano, 163 mil 577; al Partido del Trabajo (PT), 160 mil 612 y a Encuentro Social, 152 mil 462 spots.<\/p>\n<p style=\"text-align: justify;\">Ba\u00f1os Mart\u00ednez precis\u00f3 que en Coahuila, donde se renovar\u00e1 la gubernatura, las 25 diputaciones de mayor\u00eda relativa y representaci\u00f3n proporcional, as\u00ed como los 38 ayuntamientos, las 141 emisoras del transmitir\u00e1n un total de mill\u00f3n 836 mil 948 spots.<\/p>\n<p style=\"text-align: justify;\">Mientras que en el Estado de M\u00e9xico que elegir\u00e1 gobernador, se difundir\u00e1 a trav\u00e9s de 75 emisoras, 950 mil 400 promocionales y en Nayarit, que renovar\u00e1 la gubernatura, las 30 diputaciones locales por ambos principios, 20 ayuntamientos y las 197 regidur\u00edas, se difundir\u00e1n 414 mil 560 promocionales a trav\u00e9s de 40 emisoras.<\/p>\n<p style=\"text-align: justify;\">En Veracruz, que renovar\u00e1 las 212 alcald\u00edas, se transmitir\u00e1n un mill\u00f3n 625 mil spots en las 163 emisoras del estado.<\/p>\n<p style=\"text-align: justify;\">Por partidos, al Revolucionario Institucional (PRI) le corresponden en el estado de Coahuila 297 mil 651 spots durante las precampa\u00f1as, intercampa\u00f1as y las campa\u00f1as; a Acci\u00f3n Nacional (PAN), 207 mil 129, y al de la Revoluci\u00f3n Democr\u00e1tica (PRD), 59 mil 502.<\/p>\n<p style=\"text-align: justify;\">En Nayarit, al PRI le tocar\u00e1n 84 mil 760; al PAN, 51 mil 120 y al PRD 44 mil 040; en el Estado de M\u00e9xico, el partido tricolor tendr\u00e1 159 mil 900 spots; el blanquiazul, 97 mil 800 y el perredismo, 86 mil 700.<\/p>\n<p style=\"text-align: justify;\">Mientras que en Veracruz, Acci\u00f3n Nacional sumar\u00e1 193 mil 807 promocionales, seguido del PRI con 175 mil 062 y al partido del sol azteca con 96 mil 170.<\/p>\n<p style=\"text-align: justify;\">Lo anterior, de acuerdo con el cat\u00e1logo nacional que aprob\u00f3 el Consejo General del INE en diciembre pasado y en el que se determin\u00f3 que en el pa\u00eds hay dos mil 732 se\u00f1ales de radio y televisi\u00f3n, de las cuales mil 722 corresponden a se\u00f1ales de radio y mil 10 de televisi\u00f3n.<\/p>\n","protected":false},"excerpt":{"rendered":"","protected":false},"author":6,"featured_media":11653,"comment_status":"open","ping_status":"open","sticky":false,"template":"","format":"standard","meta":{"_acf_changed":false,"_monsterinsights_skip_tracking":false,"slim_seo":{"title":"Habr\u00e1 4 millones de spots en los 4 estados con elecciones - Opini\u00f3n P\u00fablica","description":"Durante el periodo de precampa\u00f1as, intercampa\u00f1as y campa\u00f1as electorales de los estados de M\u00e9xico, Coahuila, Nayarit y Veracruz, 419 emisoras transmitir\u00e1n en con"},"footnotes":""},"categories":[11],"tags":[],"class_list":["post-11654","post","type-post","status-publish","format-standard","has-post-thumbnail","hentry","category-tendencias"],"acf":[],"_links":{"self":[{"href":"https:\/\/www.opinionpublica.tv\/portada\/wp-json\/wp\/v2\/posts\/11654","targetHints":{"allow":["GET"]}}],"collection":[{"href":"https:\/\/www.opinionpublica.tv\/portada\/wp-json\/wp\/v2\/posts"}],"about":[{"href":"https:\/\/www.opinionpublica.tv\/portada\/wp-json\/wp\/v2\/types\/post"}],"author":[{"embeddable":true,"href":"https:\/\/www.opinionpublica.tv\/portada\/wp-json\/wp\/v2\/users\/6"}],"replies":[{"embeddable":true,"href":"https:\/\/www.opinionpublica.tv\/portada\/wp-json\/wp\/v2\/comments?post=11654"}],"version-history":[{"count":0,"href":"https:\/\/www.opinionpublica.tv\/portada\/wp-json\/wp\/v2\/posts\/11654\/revisions"}],"wp:featuredmedia":[{"embeddable":true,"href":"https:\/\/www.opinionpublica.tv\/portada\/wp-json\/wp\/v2\/media\/11653"}],"wp:attachment":[{"href":"https:\/\/www.opinionpublica.tv\/portada\/wp-json\/wp\/v2\/media?parent=11654"}],"wp:term":[{"taxonomy":"category","embeddable":true,"href":"https:\/\/www.opinionpublica.tv\/portada\/wp-json\/wp\/v2\/categories?post=11654"},{"taxonomy":"post_tag","embeddable":true,"href":"https:\/\/www.opinionpublica.tv\/portada\/wp-json\/wp\/v2\/tags?post=11654"}],"curies":[{"name":"wp","href":"https:\/\/api.w.org\/{rel}","templated":true}]}}