{"id":11652,"date":"2017-02-10T07:00:00","date_gmt":"2017-02-10T06:00:00","guid":{"rendered":"https:\/\/www.opinionpublica.tv\/portada\/2017\/02\/10\/vientos-de-guerra\/"},"modified":"2017-02-10T07:00:00","modified_gmt":"2017-02-10T06:00:00","slug":"vientos-de-guerra","status":"publish","type":"post","link":"https:\/\/www.opinionpublica.tv\/portada\/vientos-de-guerra\/","title":{"rendered":"Vientos de guerra"},"content":{"rendered":"<p style=\"text-align: justify;\">Tal vez no se dice pero se huele en el ambiente. M\u00e9xico vive posiblemente uno de los momentos m\u00e1s \u00e1lgidos de su historia, uno que puede definir mucho del futuro de \u00e9sta y de las pr\u00f3ximas generaciones. Adem\u00e1s de las crisis de seguridad, econ\u00f3mica, pol\u00edtica, de instituciones y otras con las que estamos lidiando; adem\u00e1s del enojo con todos los gobiernos y con los casos de corrupci\u00f3n y de impunidad creciente.<\/p>\n<p><!--more--><\/p>\n<p style=\"text-align: justify;\">\u00a0<\/p>\n<p style=\"text-align: justify;\">Adem\u00e1s de la polarizaci\u00f3n que durante a\u00f1os hemos alimentado todos, queri\u00e9ndolo o no, este a\u00f1o nos encontramos con un gobierno norteamericano abiertamente anti-M\u00e9xico, abiertamente proteccionista hacia sus intereses econ\u00f3micos, abiertamente insensible ante temas humanitarios y, por primera vez, al menos para los mexicanos vivos, vemos que no le importa que le vaya mal a M\u00e9xico (era com\u00fan afirmar que Estados Unidos no pod\u00eda permitir un desplome de su vecino).<\/p>\n<p style=\"text-align: justify;\">Hoy no lo permite sino que lo impulsa y lo motiva, las medidas tomadas en los primeros d\u00edas por el nuevo presidente Donald Trump no s\u00f3lo confirman los temores que gener\u00f3 durante la campa\u00f1a sino que lo hace de manera grosera y agresiva, su actitud desde la toma de protesta pareci\u00f3 m\u00e1s una declaraci\u00f3n de guerra al mundo que una motivaci\u00f3n a la unidad.<\/p>\n<p style=\"text-align: justify;\">Las guerras no tienen que ser con armas donde gana el m\u00e1s poderoso, Trump plantea una guerra econ\u00f3mica, como si fuera una empresa, todo lo que sirva para que gane m\u00e1s dinero adelante, no le importa si genera pobreza, desempleo o deteriora las condiciones de cualquier otro lugar, y eso lo hace desde la posici\u00f3n de presidente del pa\u00eds m\u00e1s rico y m\u00e1s poderoso, sus premisas bordean en la demagogia y las llena de mentiras f\u00e1cilmente cre\u00eddas para sus votantes, los norteamericanos con menos escolaridad y afectados por la crisis econ\u00f3mica.<\/p>\n<p style=\"text-align: justify;\">El famoso muro que Trump parece decidido a hacer, m\u00e1s que f\u00edsico es simb\u00f3lico, ya la frontera est\u00e1 protegida, ya hay muros, r\u00edos, mallas y patrullas, pero insistir en \u00e9ste muestra su intenci\u00f3n de separar dos pa\u00edses que han estado unidos no s\u00f3lo econ\u00f3mica sino socialmente durante siglos. Su decisi\u00f3n \u2014horas despu\u00e9s de tomar protesta como presidente\u2014 de eliminar la versi\u00f3n en espa\u00f1ol de la p\u00e1gina de la Casa Blanca para consulta de millones de ciudadanos en Estados Unidos es una confirmaci\u00f3n, una vez m\u00e1s, de su aversi\u00f3n a la raza hispana aunque tengan la ciudadan\u00eda (por cierto el espa\u00f1ol se habla en territorio de Estados Unidos mucho antes que el ingl\u00e9s).<\/p>\n<p style=\"text-align: justify;\">Su manejo de prensa, negando realidades (como la multitud congregada en su toma de protesta o la audiencia de ese acto) con sus ahora famosos \u201chechos alternativos\u201d o sus afirmaciones sobre el fraude, sin sustento pero justificadas por sus voceros con un \u201c\u00e9l as\u00ed lo piensa\u201d, dan muestra de su poco respeto por la libertad de expresi\u00f3n y de prensa.<\/p>\n<p style=\"text-align: justify;\">Nunca antes un presidente norteamericano hab\u00eda generado, desde su llegada, tal movimiento en contra en todo el mundo, las marchas contra \u00e9l, organizadas por una mayor\u00eda femenina, al d\u00eda siguiente del inicio de su gesti\u00f3n, hacen prever momentos complicados para el planeta y, por lo que hemos visto, eso no le importa porque parece incluso retar a todos, su estilo, como persona y ahora como gobernante, es generar temor, utilizar su poder para intimidar aunque no tenga raz\u00f3n, sus seguidores lo apoyar\u00e1n y culpar\u00e1n a la prensa o a sus enemigos de no saberlo interpretar, se sabe adorado por sus seguidores y no le importa escuchar a los dem\u00e1s.<\/p>\n<p style=\"text-align: justify;\">Quienes lo defienden alegan que est\u00e1 gobernando para su pa\u00eds y que si eso afecta a los otros pa\u00edses se debe a sus malos gobiernos, esa visi\u00f3n es muy corta, aunque sea verdad (y lo es en muchos casos como el de M\u00e9xico), pensar as\u00ed es mostrar una ausencia total de humanismo, parecen decir \u201csi se mueren ni modo, es culpa de ustedes\u201d.<\/p>\n<p style=\"text-align: justify;\">\u201cSi aumentan los pobres all\u00e1 ustedes, nosotros estaremos bien, culpen a sus gobernantes\u201d, etc\u00e9tera. Con esa mentalidad EU no ser\u00eda el l\u00edder respetado que es hoy; durante a\u00f1os, al presidente de ese pa\u00eds se le consideraba el \u201cl\u00edder del mundo libre\u201d y hoy podemos olvidarnos en esa frase de las palabras \u201clibre\u201d porque nada est\u00e1 m\u00e1s peleado con las libertades que cerrar fronteras, limitar a la prensa o perseguir migrantes y de la palabra \u201cmundo\u201d porque hoy es tal vez la persona que genera m\u00e1s aversi\u00f3n en el planeta.<\/p>\n<p style=\"text-align: justify;\">Adem\u00e1s del nefasto muro y de los incentivos negativos para sacar a compa\u00f1\u00edas globales de territorio mexicano, amenaza a las ciudades santuario, aquellas ciudades que permiten y no persiguen la presencia de migrantes sin papeles, con cortarles los fondos federales si protegen a seres humanos que migran por necesidad o por violencia en sus pa\u00edses. Afortunadamente hemos visto la reacci\u00f3n de pol\u00edticos de ese pa\u00eds, de intelectuales, de empresarios, de artistas, de muchos valientes que le ponen cara a un hombre acostumbrado a ganar por la mala.<\/p>\n<p style=\"text-align: justify;\">En fin, M\u00e9xico tiene ante s\u00ed una coyuntura muy negativa en los pr\u00f3ximos meses, a\u00f1os y tal vez en las pr\u00f3ximas d\u00e9cadas, con un petr\u00f3leo casi agotado, con un gobierno desacreditado, con un pa\u00eds polarizado y emproblemado con corrupci\u00f3n e inseguridad.<\/p>\n<p style=\"text-align: justify;\">El llamado de unidad no s\u00f3lo lo hemos hecho quienes tenemos la oportunidad de escribir, lo han hecho pol\u00edticos, lo han hecho intelectuales, empresarios, l\u00edderes sociales y lo ha hecho incluso el principal l\u00edder opositor, Andr\u00e9s Manuel L\u00f3pez Obrador llamando a apoyar a Enrique Pe\u00f1a Nieto en este trance; unir a los mexicanos parece una labor imposible pero hay vientos de guerra y no basta tener \u201cdignidad\u201d, olvid\u00e9monos un rato de los pleitos rumbo al 2018 y mejor tratemos de llegar ah\u00ed con un pa\u00eds en pie, la discusi\u00f3n pol\u00edtica y electoral hoy es totalmente bizantina. De ese tama\u00f1o es la necesidad de unidad.<\/p>\n","protected":false},"excerpt":{"rendered":"<p>Tal vez no se dice pero se huele en el ambiente. M\u00e9xico vive posiblemente uno de los momentos m\u00e1s \u00e1lgidos de su historia, uno que puede definir mucho del futuro de \u00e9sta y de las pr\u00f3ximas generaciones. Adem\u00e1s de las crisis de seguridad, econ\u00f3mica, pol\u00edtica, de instituciones y otras con las que estamos lidiando; adem\u00e1s [&hellip;]<\/p>\n","protected":false},"author":6,"featured_media":0,"comment_status":"open","ping_status":"open","sticky":false,"template":"","format":"standard","meta":{"_acf_changed":false,"_monsterinsights_skip_tracking":false,"slim_seo":{"title":"Vientos de guerra - Opini\u00f3n P\u00fablica","description":"Tal vez no se dice pero se huele en el ambiente. M\u00e9xico vive posiblemente uno de los momentos m\u00e1s \u00e1lgidos de su historia, uno que puede definir mucho del futuro"},"footnotes":""},"categories":[35],"tags":[],"class_list":["post-11652","post","type-post","status-publish","format-standard","hentry","category-roy-campos-opina"],"acf":[],"_links":{"self":[{"href":"https:\/\/www.opinionpublica.tv\/portada\/wp-json\/wp\/v2\/posts\/11652","targetHints":{"allow":["GET"]}}],"collection":[{"href":"https:\/\/www.opinionpublica.tv\/portada\/wp-json\/wp\/v2\/posts"}],"about":[{"href":"https:\/\/www.opinionpublica.tv\/portada\/wp-json\/wp\/v2\/types\/post"}],"author":[{"embeddable":true,"href":"https:\/\/www.opinionpublica.tv\/portada\/wp-json\/wp\/v2\/users\/6"}],"replies":[{"embeddable":true,"href":"https:\/\/www.opinionpublica.tv\/portada\/wp-json\/wp\/v2\/comments?post=11652"}],"version-history":[{"count":0,"href":"https:\/\/www.opinionpublica.tv\/portada\/wp-json\/wp\/v2\/posts\/11652\/revisions"}],"wp:attachment":[{"href":"https:\/\/www.opinionpublica.tv\/portada\/wp-json\/wp\/v2\/media?parent=11652"}],"wp:term":[{"taxonomy":"category","embeddable":true,"href":"https:\/\/www.opinionpublica.tv\/portada\/wp-json\/wp\/v2\/categories?post=11652"},{"taxonomy":"post_tag","embeddable":true,"href":"https:\/\/www.opinionpublica.tv\/portada\/wp-json\/wp\/v2\/tags?post=11652"}],"curies":[{"name":"wp","href":"https:\/\/api.w.org\/{rel}","templated":true}]}}