{"id":11651,"date":"2017-02-09T07:00:00","date_gmt":"2017-02-09T06:00:00","guid":{"rendered":"https:\/\/www.opinionpublica.tv\/portada\/2017\/02\/09\/buen-camino-el-ultimo-modelo-de-tsuru-que-producira-nissan\/"},"modified":"2017-02-09T07:00:00","modified_gmt":"2017-02-09T06:00:00","slug":"buen-camino-el-ultimo-modelo-de-tsuru-que-producira-nissan","status":"publish","type":"post","link":"https:\/\/www.opinionpublica.tv\/portada\/buen-camino-el-ultimo-modelo-de-tsuru-que-producira-nissan\/","title":{"rendered":"\u2018Buen Camino\u2019 el \u00faltimo Tsuru que producir\u00e1 Nissan"},"content":{"rendered":"<p><img fetchpriority=\"high\" decoding=\"async\" class=\" size-full wp-image-11650\" src=\"https:\/\/www.opinionpublica.tv\/portada\/wp-content\/uploads\/2017\/02\/25245ddcd11cf7fc732bbb66ef8e981a.jpg\" alt=\"\" width=\"625\" height=\"335\" srcset=\"https:\/\/www.opinionpublica.tv\/portada\/wp-content\/uploads\/2017\/02\/25245ddcd11cf7fc732bbb66ef8e981a.jpg 625w, https:\/\/www.opinionpublica.tv\/portada\/wp-content\/uploads\/2017\/02\/25245ddcd11cf7fc732bbb66ef8e981a-300x161.jpg 300w\" sizes=\"(max-width: 625px) 100vw, 625px\" \/><br \/>\n<!--more--><\/p>\n<p style=\"text-align: justify;\">Uno de los coches m\u00e1s emblem\u00e1ticos de\u00a0Nissan dir\u00e1 adi\u00f3s este a\u00f1o 2017\u00a0con esta versi\u00f3n reci\u00e9n anunciada:\u00a0\u2018Buen Camino\u2019, \u00e9se es el nombre con el que han decidido despedir al\u00a0Tsuru.<\/p>\n<p style=\"text-align: justify;\">Ha sido criticado por muchos por\u00a0sus incipientes sistemas de seguridad\u00a0y por mantenerse\u00a0m\u00e1s de 20 a\u00f1os casi sin cambios.<\/p>\n<p style=\"text-align: justify;\">Otros le\u00a0aprecian por sus cualidades que lo hicieron un caballo de batalla:\u00a0accesible, con gran rendimiento de combustible y un motor noble que rara vez fallaba.<\/p>\n<p style=\"text-align: justify;\">En\u00a0octubre Nissan\u00a0anunci\u00f3 que tras d\u00e9cadas el\u00a0Tsuru dejar\u00eda de ser producido en mayo de este a\u00f1o. Finalmente tenemos detalles de la edici\u00f3n especial con la que se retirar\u00e1 del mercado.<\/p>\n<p style=\"text-align: justify;\">BUEN CAMINO<\/p>\n<p style=\"text-align: justify;\">El nombre es tambi\u00e9n un deseo, una frase que la marca eligi\u00f3\u00a0\u2013de forma acertada- a un auto que ha dado mucho a pa\u00edses como el nuestro. De momento\u00a0se ignoran cu\u00e1ntas unidades\u00a0se fabricar\u00e1n de esta edici\u00f3n.<\/p>\n<p style=\"text-align: justify;\">Destacar\u00e1 por una placa conmemorativa en la parte trasera a la altura de la cajuela.\u00a0El tubo de escape ser\u00e1 cromado, para darle un poco de revestimiento a un coche que\u00a0siempre destac\u00f3 por su modestia.<\/p>\n<p style=\"text-align: justify;\">Al exterior\u00a0 es\u00a0de color azul Ori\u00f3n, y combina con las vestiduras interiores en bitono (gris y azul), entre los que destaca el azul. Los tapones ser\u00e1n especiales y de 13\u201d.<\/p>\n<p style=\"text-align: justify;\">Un ejemplo claro de lo que siempre fue este\u00a0est\u00e1 en los sistemas de entretenimiento al interior. Sencillos en comparaci\u00f3n con otros coches, aunque en esta ocasi\u00f3n son los m\u00e1s avanzados equipados en los Tsurus.<\/p>\n<p style=\"text-align: justify;\">El\u00a0est\u00e9reo contar\u00e1 con lector de CD, MP3, cuatro bocinas, entrada auxiliar, puerto para tarjetas de memoria, Bluetooth y manos libres. Tambi\u00e9n\u00a0se incluir\u00e1 un control remoto\u00a0para los seguros de las puertas.<\/p>\n<p style=\"text-align: justify;\">El motor ser\u00e1 uno de 1.6 litros capaz de desarrollar\u00a0105 caballos de fuerza\u00a0y 102 lb-pie de torque. El precio anunciado es de 172,500 pesos mexicanos. Bien gastados si se piensa que a\u00a0futuro podr\u00eda convertirse en objeto para coleccionistas.<\/p>\n","protected":false},"excerpt":{"rendered":"","protected":false},"author":6,"featured_media":11650,"comment_status":"open","ping_status":"open","sticky":false,"template":"","format":"standard","meta":{"_acf_changed":false,"_monsterinsights_skip_tracking":false,"slim_seo":{"title":"\u2018Buen Camino\u2019 el \u00faltimo Tsuru que producir\u00e1 Nissan - Opini\u00f3n P\u00fablica","description":"Uno de los coches m\u00e1s emblem\u00e1ticos de\u00a0Nissan dir\u00e1 adi\u00f3s este a\u00f1o 2017\u00a0con esta versi\u00f3n reci\u00e9n anunciada:\u00a0\u2018Buen Camino\u2019, \u00e9se es el nombre con el que han decidido"},"footnotes":""},"categories":[22],"tags":[],"class_list":["post-11651","post","type-post","status-publish","format-standard","has-post-thumbnail","hentry","category-ciencia-y-tecnologia"],"acf":[],"_links":{"self":[{"href":"https:\/\/www.opinionpublica.tv\/portada\/wp-json\/wp\/v2\/posts\/11651","targetHints":{"allow":["GET"]}}],"collection":[{"href":"https:\/\/www.opinionpublica.tv\/portada\/wp-json\/wp\/v2\/posts"}],"about":[{"href":"https:\/\/www.opinionpublica.tv\/portada\/wp-json\/wp\/v2\/types\/post"}],"author":[{"embeddable":true,"href":"https:\/\/www.opinionpublica.tv\/portada\/wp-json\/wp\/v2\/users\/6"}],"replies":[{"embeddable":true,"href":"https:\/\/www.opinionpublica.tv\/portada\/wp-json\/wp\/v2\/comments?post=11651"}],"version-history":[{"count":0,"href":"https:\/\/www.opinionpublica.tv\/portada\/wp-json\/wp\/v2\/posts\/11651\/revisions"}],"wp:featuredmedia":[{"embeddable":true,"href":"https:\/\/www.opinionpublica.tv\/portada\/wp-json\/wp\/v2\/media\/11650"}],"wp:attachment":[{"href":"https:\/\/www.opinionpublica.tv\/portada\/wp-json\/wp\/v2\/media?parent=11651"}],"wp:term":[{"taxonomy":"category","embeddable":true,"href":"https:\/\/www.opinionpublica.tv\/portada\/wp-json\/wp\/v2\/categories?post=11651"},{"taxonomy":"post_tag","embeddable":true,"href":"https:\/\/www.opinionpublica.tv\/portada\/wp-json\/wp\/v2\/tags?post=11651"}],"curies":[{"name":"wp","href":"https:\/\/api.w.org\/{rel}","templated":true}]}}