{"id":11647,"date":"2017-02-09T07:00:00","date_gmt":"2017-02-09T06:00:00","guid":{"rendered":"https:\/\/www.opinionpublica.tv\/portada\/2017\/02\/09\/reconoce-papa-francisco-que-hay-corrupcion-en-el-vaticano\/"},"modified":"2017-02-09T07:00:00","modified_gmt":"2017-02-09T06:00:00","slug":"reconoce-papa-francisco-que-hay-corrupcion-en-el-vaticano","status":"publish","type":"post","link":"https:\/\/www.opinionpublica.tv\/portada\/reconoce-papa-francisco-que-hay-corrupcion-en-el-vaticano\/","title":{"rendered":"Reconoce Papa Francisco que hay corrupci\u00f3n en el Vaticano"},"content":{"rendered":"<p><img fetchpriority=\"high\" decoding=\"async\" class=\" size-full wp-image-11646\" src=\"https:\/\/www.opinionpublica.tv\/portada\/wp-content\/uploads\/2017\/02\/dece61b15319d4aec8e736ab869177eb.jpg\" alt=\"\" width=\"1024\" height=\"682\" srcset=\"https:\/\/www.opinionpublica.tv\/portada\/wp-content\/uploads\/2017\/02\/dece61b15319d4aec8e736ab869177eb.jpg 1024w, https:\/\/www.opinionpublica.tv\/portada\/wp-content\/uploads\/2017\/02\/dece61b15319d4aec8e736ab869177eb-300x200.jpg 300w, https:\/\/www.opinionpublica.tv\/portada\/wp-content\/uploads\/2017\/02\/dece61b15319d4aec8e736ab869177eb-768x512.jpg 768w\" sizes=\"(max-width: 1024px) 100vw, 1024px\" \/><br \/>\n<!--more--><\/p>\n<p style=\"text-align: justify;\">El Papa Francisco reconoci\u00f3 que existe corrupci\u00f3n en el Vaticano pero afirm\u00f3 que \u00e9l \u201cduerme en paz\u201d.<\/p>\n<p style=\"text-align: justify;\">Esta declaraci\u00f3n la hizo el pasado 25 de noviembre, en una conversaci\u00f3n con superiores de las \u00f3rdenes y congregaciones de religiosos cuya transcripci\u00f3n ser\u00e1 publicada en la revista \u201cCivilt\u00e0 Cat\u00f3lica\u201d en su pr\u00f3ximo n\u00famero.<\/p>\n<p style=\"text-align: justify;\">El Papa dijo que en las congregaciones generales previas al c\u00f3nclave se hablaba de reformas. \u201cTodos las quer\u00edan. Hay corrupci\u00f3n en el Vaticano. Pero yo vivo en paz\u201d, solt\u00f3 ante una de las preguntas de los religiosos en una conversaci\u00f3n de la que hoy publica una peque\u00f1a parte el diario \u201cCorriere della Sera\u201d.<\/p>\n<p style=\"text-align: justify;\">Asimismo, se\u00f1al\u00f3 que en las estructuras de la Iglesia se puede encontrar \u201cuna atm\u00f3sfera mundana y principesca\u201d y a\u00f1adi\u00f3 que los religiosos \u201ctienen que contribuir a destruir este ambiente nefasto\u201d.<\/p>\n<p style=\"text-align: justify;\">\u201cNo hay necesidad de convertirse en cardenales para creerse pr\u00edncipes. Basta ser clericales. Esto es lo peor en la organizaci\u00f3n de la iglesia\u201d, asegur\u00f3.<\/p>\n<p style=\"text-align: justify;\">El papa insisti\u00f3 en se\u00f1alar que vive en paz. \u201cNo tomo tranquilizantes\u201d, brome\u00f3, y asegur\u00f3 que en Buenos Aires \u201cera m\u00e1s ansioso\u201d, pero tras ser elegido Papa sinti\u00f3 una paz interior que todav\u00eda le acompa\u00f1a.<\/p>\n<p style=\"text-align: justify;\">El Papa dijo a los religiosos que cuando hay un problema, escribe un mensaje en un papel y lo coloca bajo la estatua de San Jos\u00e9 durmiente que tiene en su habitaci\u00f3n.<\/p>\n<p style=\"text-align: justify;\">\u201cAhora \u00e9l (San Jos\u00e9) duerme bajo un colch\u00f3n de mensajes de papel. Por esto yo duermo bien. Duermo seis horas y rezo (\u2026) Esta paz es un regalo del Se\u00f1or. Espero que no me la quite\u201d, apunt\u00f3.<\/p>\n<p style=\"text-align: justify;\">Para vivir en paz, continu\u00f3 Bergoglio, se necesita un poco de \u201cpasotismo\u201d (indiferencia) pero \u201cnunca lavarse las manos de los problemas\u201d.<\/p>\n<p style=\"text-align: justify;\">Al respecto reconoci\u00f3 tambi\u00e9n que \u201cen la Iglesia hay muchos Poncios Pilatos que se lavan las manos para estar tranquilos, y un superior que se lava las manos no es padre y no ayuda\u201d, afirm\u00f3.<\/p>\n<p style=\"text-align: justify;\">El Papa dijo tambi\u00e9n que no le importan las cr\u00edticas pues \u201chace bien que le critiquen a uno\u201d. Adem\u00e1s, dijo, la vida est\u00e1 llena de incomprensiones y tensiones, \u201cy cuando son cr\u00edticas que sirven a crecer, las acepto, respondo\u201d.<\/p>\n<p style=\"text-align: justify;\">Francisco admiti\u00f3 tambi\u00e9n que las preguntas m\u00e1s dif\u00edciles las hacen los j\u00f3venes, no los religiosos. Los primeros, dijo, logran ponerle en aprietos en algunas ocasiones.<\/p>\n<p style=\"text-align: justify;\">El Papa tambi\u00e9n se refiri\u00f3 a los abusos sexuales cometidos por religiosos, hechos que atribuy\u00f3 a antecedentes semejantes sufridos por los sacerdotes, a una \u201cenfermedad\u201d y \u201cal diabl\u201d.<\/p>\n<p style=\"text-align: justify;\">\u201cAl parecer dos de cada cuatro abusadores han sufrido abusos y esto es devastador. En el caso de que est\u00e9n implicados curas o religiosos est\u00e1 claro que est\u00e1 presente el diablo, que destroza la obra de Jes\u00fas a trav\u00e9s de quien la tendr\u00eda que anunciar\u201d, dijo.<\/p>\n<p style=\"text-align: justify;\">La pederastia, abund\u00f3, es \u201cuna enfermedad\u201d y por ello pidi\u00f3 atenci\u00f3n al recibir a candidatos a la formaci\u00f3n religiosa sin verificar su adecuada madurez afectiva.<\/p>\n<p style=\"text-align: justify;\">Por ejemplo, dijo, \u201cnunca recibir en la vida religiosa o en una di\u00f3cesis, candidatos que han sido rechazados en otra sin pedir informaci\u00f3n detallada sobre por qu\u00e9 fueron alejados\u201d.<\/p>\n<p style=\"text-align: justify;\">El Papa Francisco habl\u00f3 tambi\u00e9n del uso del cilicio, instrumento que causa dolor o incomodidad a los religiosos que han cometido alguna falta. El pont\u00edfice dijo haber recibido el suyo y no rechaz\u00f3 su uso.<\/p>\n","protected":false},"excerpt":{"rendered":"","protected":false},"author":6,"featured_media":11646,"comment_status":"open","ping_status":"open","sticky":false,"template":"","format":"standard","meta":{"_acf_changed":false,"_monsterinsights_skip_tracking":false,"slim_seo":{"title":"Reconoce Papa Francisco que hay corrupci\u00f3n en el Vaticano - Opini\u00f3n P\u00fablica","description":"El Papa Francisco reconoci\u00f3 que existe corrupci\u00f3n en el Vaticano pero afirm\u00f3 que \u00e9l \u201cduerme en paz\u201d. Esta declaraci\u00f3n la hizo el pasado 25 de noviembre, en una"},"footnotes":""},"categories":[11],"tags":[],"class_list":["post-11647","post","type-post","status-publish","format-standard","has-post-thumbnail","hentry","category-tendencias"],"acf":[],"_links":{"self":[{"href":"https:\/\/www.opinionpublica.tv\/portada\/wp-json\/wp\/v2\/posts\/11647","targetHints":{"allow":["GET"]}}],"collection":[{"href":"https:\/\/www.opinionpublica.tv\/portada\/wp-json\/wp\/v2\/posts"}],"about":[{"href":"https:\/\/www.opinionpublica.tv\/portada\/wp-json\/wp\/v2\/types\/post"}],"author":[{"embeddable":true,"href":"https:\/\/www.opinionpublica.tv\/portada\/wp-json\/wp\/v2\/users\/6"}],"replies":[{"embeddable":true,"href":"https:\/\/www.opinionpublica.tv\/portada\/wp-json\/wp\/v2\/comments?post=11647"}],"version-history":[{"count":0,"href":"https:\/\/www.opinionpublica.tv\/portada\/wp-json\/wp\/v2\/posts\/11647\/revisions"}],"wp:featuredmedia":[{"embeddable":true,"href":"https:\/\/www.opinionpublica.tv\/portada\/wp-json\/wp\/v2\/media\/11646"}],"wp:attachment":[{"href":"https:\/\/www.opinionpublica.tv\/portada\/wp-json\/wp\/v2\/media?parent=11647"}],"wp:term":[{"taxonomy":"category","embeddable":true,"href":"https:\/\/www.opinionpublica.tv\/portada\/wp-json\/wp\/v2\/categories?post=11647"},{"taxonomy":"post_tag","embeddable":true,"href":"https:\/\/www.opinionpublica.tv\/portada\/wp-json\/wp\/v2\/tags?post=11647"}],"curies":[{"name":"wp","href":"https:\/\/api.w.org\/{rel}","templated":true}]}}