{"id":11645,"date":"2017-02-09T07:00:00","date_gmt":"2017-02-09T06:00:00","guid":{"rendered":"https:\/\/www.opinionpublica.tv\/portada\/2017\/02\/09\/conmemoran-fuerzas-armadas-aniversario-104-de-marcha-de-la-lealtad\/"},"modified":"2017-02-09T07:00:00","modified_gmt":"2017-02-09T06:00:00","slug":"conmemoran-fuerzas-armadas-aniversario-104-de-marcha-de-la-lealtad","status":"publish","type":"post","link":"https:\/\/www.opinionpublica.tv\/portada\/conmemoran-fuerzas-armadas-aniversario-104-de-marcha-de-la-lealtad\/","title":{"rendered":"Conmemoran fuerzas armadas 104 a\u00f1os de Marcha de la Lealtad"},"content":{"rendered":"<p><img fetchpriority=\"high\" decoding=\"async\" class=\" size-full wp-image-11642\" src=\"https:\/\/www.opinionpublica.tv\/portada\/wp-content\/uploads\/2017\/02\/f67d8d0b345662a468a90977469876e2.jpg\" alt=\"\" width=\"665\" height=\"500\" srcset=\"https:\/\/www.opinionpublica.tv\/portada\/wp-content\/uploads\/2017\/02\/f67d8d0b345662a468a90977469876e2.jpg 665w, https:\/\/www.opinionpublica.tv\/portada\/wp-content\/uploads\/2017\/02\/f67d8d0b345662a468a90977469876e2-300x226.jpg 300w\" sizes=\"(max-width: 665px) 100vw, 665px\" \/><br \/>\n<!--more--><\/p>\n<p style=\"text-align: justify;\">El presidente\u00a0Enrique Pe\u00f1a Nieto\u00a0encabez\u00f3 este jueves la ceremonia por el\u00a0104 aniversario de la Marcha de la Lealtad, que evoca el momento hist\u00f3rico del 9 de febrero de 1913 cuando el ex presidente Francisco I. Madero fue escoltado por cadetes del Heroico Colegio Militar desde el Castillo de Chapultepec a Palacio Nacional.<\/p>\n<p style=\"text-align: justify;\">\u00a0<\/p>\n<p style=\"text-align: justify;\"><img decoding=\"async\" class=\" size-full wp-image-11643\" src=\"https:\/\/www.opinionpublica.tv\/portada\/wp-content\/uploads\/2017\/02\/marcharas.jpg\" width=\"665\" height=\"500\" srcset=\"https:\/\/www.opinionpublica.tv\/portada\/wp-content\/uploads\/2017\/02\/marcharas.jpg 665w, https:\/\/www.opinionpublica.tv\/portada\/wp-content\/uploads\/2017\/02\/marcharas-300x226.jpg 300w\" sizes=\"(max-width: 665px) 100vw, 665px\" \/><\/p>\n<p style=\"text-align: justify;\">\u00a0<\/p>\n<p style=\"text-align: justify;\">Ante representantes de los poderes de la uni\u00f3n, secretarios de estado, gobernadores e invitados especiales, el Comandante Supremo de las Fuerzas Armadas\u00a0pas\u00f3 lista\u00a0de honor a los h\u00e9roes del\u00a0Colegio Militar\u00a0y de la\u00a0Escuela Naval Militar.<\/p>\n<p style=\"text-align: justify;\">Por su parte, el general secretario de la Defensa Nacional, Salvador Cienfuegos, sentenci\u00f3 que \u00abante escenarios complejos\u00bb las Fuerzas Armadas del pa\u00eds seguir\u00e1n siendo y dando prueba de que son un s\u00f3lido soporte para la viabilidad del pa\u00eds.<\/p>\n<p style=\"text-align: justify;\">\u00a0<\/p>\n<p style=\"text-align: justify;\"><img decoding=\"async\" class=\" size-full wp-image-11644\" src=\"https:\/\/www.opinionpublica.tv\/portada\/wp-content\/uploads\/2017\/02\/marcha2.jpg\" width=\"665\" height=\"500\" srcset=\"https:\/\/www.opinionpublica.tv\/portada\/wp-content\/uploads\/2017\/02\/marcha2.jpg 665w, https:\/\/www.opinionpublica.tv\/portada\/wp-content\/uploads\/2017\/02\/marcha2-300x226.jpg 300w\" sizes=\"(max-width: 665px) 100vw, 665px\" \/><\/p>\n<p style=\"text-align: justify;\">\u00a0<\/p>\n<p style=\"text-align: justify;\">\u00abReiteramos a la Naci\u00f3n toda que M\u00e9xico tiene en sus Fuerzas Armadas mujeres y hombres leales e institucionales, valientes y dispuestos, forjados en honor, patriotismo, esp\u00edritu de cuerpo y vocaci\u00f3n de servicio, garantes y pilares de las instituciones democr\u00e1ticas\u00bb, asegur\u00f3.<\/p>\n<p style=\"text-align: justify;\">En el Patio Principal del Castillo de Chapultepec, el general secretario asent\u00f3 que ante el actual contexto nacional e internacional es propicio y oportuno recordar a los mexicanos de todos los tiempos, \u00abdesde los grandes h\u00e9roes hasta el \u00faltimo connacional\u00bb que con lealtad, honor y patriotismo ofrendaron su vida ora darnos el pa\u00eds que hoy tenemos.<\/p>\n","protected":false},"excerpt":{"rendered":"","protected":false},"author":6,"featured_media":11642,"comment_status":"open","ping_status":"open","sticky":false,"template":"","format":"standard","meta":{"_acf_changed":false,"_monsterinsights_skip_tracking":false,"slim_seo":{"title":"Conmemoran fuerzas armadas 104 a\u00f1os de Marcha de la Lealtad - Opini\u00f3n P\u00fablica","description":"El presidente\u00a0Enrique Pe\u00f1a Nieto\u00a0encabez\u00f3 este jueves la ceremonia por el\u00a0104 aniversario de la Marcha de la Lealtad, que evoca el momento hist\u00f3rico del 9 de fe"},"footnotes":""},"categories":[9],"tags":[],"class_list":["post-11645","post","type-post","status-publish","format-standard","has-post-thumbnail","hentry","category-nacional"],"acf":[],"_links":{"self":[{"href":"https:\/\/www.opinionpublica.tv\/portada\/wp-json\/wp\/v2\/posts\/11645","targetHints":{"allow":["GET"]}}],"collection":[{"href":"https:\/\/www.opinionpublica.tv\/portada\/wp-json\/wp\/v2\/posts"}],"about":[{"href":"https:\/\/www.opinionpublica.tv\/portada\/wp-json\/wp\/v2\/types\/post"}],"author":[{"embeddable":true,"href":"https:\/\/www.opinionpublica.tv\/portada\/wp-json\/wp\/v2\/users\/6"}],"replies":[{"embeddable":true,"href":"https:\/\/www.opinionpublica.tv\/portada\/wp-json\/wp\/v2\/comments?post=11645"}],"version-history":[{"count":0,"href":"https:\/\/www.opinionpublica.tv\/portada\/wp-json\/wp\/v2\/posts\/11645\/revisions"}],"wp:featuredmedia":[{"embeddable":true,"href":"https:\/\/www.opinionpublica.tv\/portada\/wp-json\/wp\/v2\/media\/11642"}],"wp:attachment":[{"href":"https:\/\/www.opinionpublica.tv\/portada\/wp-json\/wp\/v2\/media?parent=11645"}],"wp:term":[{"taxonomy":"category","embeddable":true,"href":"https:\/\/www.opinionpublica.tv\/portada\/wp-json\/wp\/v2\/categories?post=11645"},{"taxonomy":"post_tag","embeddable":true,"href":"https:\/\/www.opinionpublica.tv\/portada\/wp-json\/wp\/v2\/tags?post=11645"}],"curies":[{"name":"wp","href":"https:\/\/api.w.org\/{rel}","templated":true}]}}