{"id":11638,"date":"2017-02-09T07:00:00","date_gmt":"2017-02-09T06:00:00","guid":{"rendered":"https:\/\/www.opinionpublica.tv\/portada\/2017\/02\/09\/gasolinazo-provoco-en-enero-la-inflacion-mas-alta-desde-19999\/"},"modified":"2017-02-09T07:00:00","modified_gmt":"2017-02-09T06:00:00","slug":"gasolinazo-provoco-en-enero-la-inflacion-mas-alta-desde-19999","status":"publish","type":"post","link":"https:\/\/www.opinionpublica.tv\/portada\/gasolinazo-provoco-en-enero-la-inflacion-mas-alta-desde-19999\/","title":{"rendered":"Gasolinazo provoc\u00f3 durante enero la inflaci\u00f3n m\u00e1s alta desde 1999"},"content":{"rendered":"<p><img fetchpriority=\"high\" decoding=\"async\" class=\" size-full wp-image-11637\" src=\"https:\/\/www.opinionpublica.tv\/portada\/wp-content\/uploads\/2017\/02\/744e1e404010ae23dadca1f6bc78b1aa.jpg\" alt=\"\" width=\"651\" height=\"400\" srcset=\"https:\/\/www.opinionpublica.tv\/portada\/wp-content\/uploads\/2017\/02\/744e1e404010ae23dadca1f6bc78b1aa.jpg 651w, https:\/\/www.opinionpublica.tv\/portada\/wp-content\/uploads\/2017\/02\/744e1e404010ae23dadca1f6bc78b1aa-300x184.jpg 300w\" sizes=\"(max-width: 651px) 100vw, 651px\" \/><br \/>\n<!--more--><\/p>\n<p style=\"text-align: justify;\">Como consecuencia del elevado incremento de las gasolinas y el gas LP, la inflaci\u00f3n durante el primer mes de este a\u00f1o 2017, fue la m\u00e1s elevada de los \u00faltimos 18 a\u00f1os.<\/p>\n<p style=\"text-align: justify;\">Y es que durante enero de 2017 el \u00cdndice Nacional de Precios al Consumidor present\u00f3 un incremento mensual de 1.7% su mayor incremento desde enero de 1999 cuando alcanz\u00f3 un alza de 2.53%, de acuerdo con los datos m\u00e1s recientes dados a conocer por el Inegi.<\/p>\n<p style=\"text-align: justify;\">Resultado de lo anterior, la inflaci\u00f3n anual al inicio de 2017 se ubic\u00f3 en 4.72%, su nivel m\u00e1s alto desde septiembre de 2012, cuando la variaci\u00f3n anual se ubic\u00f3 en 4.77%.<\/p>\n<p style=\"text-align: justify;\">Sin embargo cabe destacar que el impacto del llamado gasolinazo y la cuesta de enero fue en los bienes de consumo familiar, en detrimento de el presupuesto de las familias con menor poder adquisitivo.<\/p>\n","protected":false},"excerpt":{"rendered":"","protected":false},"author":6,"featured_media":11637,"comment_status":"open","ping_status":"open","sticky":false,"template":"","format":"standard","meta":{"_acf_changed":false,"_monsterinsights_skip_tracking":false,"slim_seo":{"title":"Gasolinazo provoc\u00f3 durante enero la inflaci\u00f3n m\u00e1s alta desde 1999 - Opini\u00f3n P\u00fablica","description":"Como consecuencia del elevado incremento de las gasolinas y el gas LP, la inflaci\u00f3n durante el primer mes de este a\u00f1o 2017, fue la m\u00e1s elevada de los \u00faltimos 18"},"footnotes":""},"categories":[3],"tags":[],"class_list":["post-11638","post","type-post","status-publish","format-standard","has-post-thumbnail","hentry","category-principal"],"acf":[],"_links":{"self":[{"href":"https:\/\/www.opinionpublica.tv\/portada\/wp-json\/wp\/v2\/posts\/11638","targetHints":{"allow":["GET"]}}],"collection":[{"href":"https:\/\/www.opinionpublica.tv\/portada\/wp-json\/wp\/v2\/posts"}],"about":[{"href":"https:\/\/www.opinionpublica.tv\/portada\/wp-json\/wp\/v2\/types\/post"}],"author":[{"embeddable":true,"href":"https:\/\/www.opinionpublica.tv\/portada\/wp-json\/wp\/v2\/users\/6"}],"replies":[{"embeddable":true,"href":"https:\/\/www.opinionpublica.tv\/portada\/wp-json\/wp\/v2\/comments?post=11638"}],"version-history":[{"count":0,"href":"https:\/\/www.opinionpublica.tv\/portada\/wp-json\/wp\/v2\/posts\/11638\/revisions"}],"wp:featuredmedia":[{"embeddable":true,"href":"https:\/\/www.opinionpublica.tv\/portada\/wp-json\/wp\/v2\/media\/11637"}],"wp:attachment":[{"href":"https:\/\/www.opinionpublica.tv\/portada\/wp-json\/wp\/v2\/media?parent=11638"}],"wp:term":[{"taxonomy":"category","embeddable":true,"href":"https:\/\/www.opinionpublica.tv\/portada\/wp-json\/wp\/v2\/categories?post=11638"},{"taxonomy":"post_tag","embeddable":true,"href":"https:\/\/www.opinionpublica.tv\/portada\/wp-json\/wp\/v2\/tags?post=11638"}],"curies":[{"name":"wp","href":"https:\/\/api.w.org\/{rel}","templated":true}]}}