{"id":11613,"date":"2017-02-06T07:00:00","date_gmt":"2017-02-06T06:00:00","guid":{"rendered":"https:\/\/www.opinionpublica.tv\/portada\/2017\/02\/06\/emiten-alerta-amarilla-por-fuertes-vientos-este-martes\/"},"modified":"2017-02-06T07:00:00","modified_gmt":"2017-02-06T06:00:00","slug":"emiten-alerta-amarilla-por-fuertes-vientos-este-martes","status":"publish","type":"post","link":"https:\/\/www.opinionpublica.tv\/portada\/emiten-alerta-amarilla-por-fuertes-vientos-este-martes\/","title":{"rendered":"Emiten alerta amarilla por fuertes vientos este martes"},"content":{"rendered":"<p style=\"text-align: justify;\">La Direcci\u00f3n Municipal de Protecci\u00f3n Civil emiti\u00f3 una alerta amarilla para este martes debido a que se espera la presencia de fuertes vientos que podr\u00edan ocasionar fuertes vientos.<\/p>\n<p style=\"text-align: justify;\">El titular de la dependencia Efr\u00e9n Matamoros explic\u00f3 que se esperan r\u00e1fagas de hasta 51 kil\u00f3metros por hora con posibilidades de aumento, as\u00ed como vientos constantes entre los 40 y 42 km\/h.<\/p>\n<p style=\"text-align: justify;\">Se\u00f1al\u00f3 que el horario de mayor riesgo de este martes ser\u00e1 entre las 2:00 y 5:00 de la tarde, ya que en ese horario se esperan las r\u00e1fagas m\u00e1s intensas por lo que se pide a la comunidad extremar precauciones y no salir a la calle en caso de no ser necesario.<\/p>\n<p style=\"text-align: justify;\">\u201cHay que estar atentos a las alertas que pudieran ser emitidas en las pr\u00f3ximas horas por cambios en las condiciones del clima, recomendamos tomar las precauciones correspondientes para evitar accidentes\u201d, coment\u00f3.<\/p>\n<p style=\"text-align: justify;\">El funcionario dijo que es importante alejarse de anuncios colgantes, \u00e1rboles, bardas, postes y cables, as\u00ed como reportar cualquier incidente al Departamento de Bomberos a trav\u00e9s de la l\u00ednea 911.<\/p>\n","protected":false},"excerpt":{"rendered":"<p>La Direcci\u00f3n Municipal de Protecci\u00f3n Civil emiti\u00f3 una alerta amarilla para este martes debido a que se espera la presencia de fuertes vientos que podr\u00edan ocasionar fuertes vientos. El titular de la dependencia Efr\u00e9n Matamoros explic\u00f3 que se esperan r\u00e1fagas de hasta 51 kil\u00f3metros por hora con posibilidades de aumento, as\u00ed como vientos constantes entre [&hellip;]<\/p>\n","protected":false},"author":6,"featured_media":0,"comment_status":"open","ping_status":"open","sticky":false,"template":"","format":"standard","meta":{"_acf_changed":false,"_monsterinsights_skip_tracking":false,"slim_seo":{"title":"Emiten alerta amarilla por fuertes vientos este martes - Opini\u00f3n P\u00fablica","description":"La Direcci\u00f3n Municipal de Protecci\u00f3n Civil emiti\u00f3 una alerta amarilla para este martes debido a que se espera la presencia de fuertes vientos que podr\u00edan ocasio"},"footnotes":""},"categories":[5],"tags":[],"class_list":["post-11613","post","type-post","status-publish","format-standard","hentry","category-frontera"],"acf":[],"_links":{"self":[{"href":"https:\/\/www.opinionpublica.tv\/portada\/wp-json\/wp\/v2\/posts\/11613","targetHints":{"allow":["GET"]}}],"collection":[{"href":"https:\/\/www.opinionpublica.tv\/portada\/wp-json\/wp\/v2\/posts"}],"about":[{"href":"https:\/\/www.opinionpublica.tv\/portada\/wp-json\/wp\/v2\/types\/post"}],"author":[{"embeddable":true,"href":"https:\/\/www.opinionpublica.tv\/portada\/wp-json\/wp\/v2\/users\/6"}],"replies":[{"embeddable":true,"href":"https:\/\/www.opinionpublica.tv\/portada\/wp-json\/wp\/v2\/comments?post=11613"}],"version-history":[{"count":0,"href":"https:\/\/www.opinionpublica.tv\/portada\/wp-json\/wp\/v2\/posts\/11613\/revisions"}],"wp:attachment":[{"href":"https:\/\/www.opinionpublica.tv\/portada\/wp-json\/wp\/v2\/media?parent=11613"}],"wp:term":[{"taxonomy":"category","embeddable":true,"href":"https:\/\/www.opinionpublica.tv\/portada\/wp-json\/wp\/v2\/categories?post=11613"},{"taxonomy":"post_tag","embeddable":true,"href":"https:\/\/www.opinionpublica.tv\/portada\/wp-json\/wp\/v2\/tags?post=11613"}],"curies":[{"name":"wp","href":"https:\/\/api.w.org\/{rel}","templated":true}]}}