{"id":11612,"date":"2017-02-06T07:00:00","date_gmt":"2017-02-06T06:00:00","guid":{"rendered":"https:\/\/www.opinionpublica.tv\/portada\/2017\/02\/06\/molri-amanece-para-todos\/"},"modified":"2017-02-06T07:00:00","modified_gmt":"2017-02-06T06:00:00","slug":"molri-amanece-para-todos","status":"publish","type":"post","link":"https:\/\/www.opinionpublica.tv\/portada\/molri-amanece-para-todos\/","title":{"rendered":"MOLRI: \u00bfAmanece para todos?"},"content":{"rendered":"<p style=\"text-align: justify;\">Es muy temprano para que en la administraci\u00f3n de Javier Corral se comience a hablar de corrupci\u00f3n, de tr\u00e1fico de influencias, de conflictos de inter\u00e9s. La sola menci\u00f3n de los dos hombres encargados de velar por la integridad del gobierno corralista, C\u00e9sar Augusto Peniche y Estefany Olmos, inhabilitados por la Secretar\u00eda de Funci\u00f3n P\u00fablica, gener\u00f3 la semana pasada dudas sobre la real honestidad con que se maneja este gobierno; ahora, con el descubrimiento de un contrato con el que el \u00e1rea de Comunicaci\u00f3n Social estatal habr\u00eda beneficiado a una empresa creada ex profeso para brindarle servicios de propaganda y publicidad, se entiende m\u00e1s claramente que aquello del combate a la corrupci\u00f3n, la erradicaci\u00f3n de las malas pr\u00e1cticas de administraciones anteriores, y el uso correcto de los recursos p\u00fablicos, que tanto pregona el gobernador, est\u00e1n solamente en el discurso, nada m\u00e1s.<\/p>\n<p><!--more--><\/p>\n<p style=\"text-align: justify;\">Los gobiernos corruptos suelen ser maldecidos por los ciudadanos que se ven afectados por el saqueo, por el robo de sus impuestos, por la traici\u00f3n a su confianza que les fue entregada a los pol\u00edticos en las urnas, pero cuando \u00e9stos llegan a los cargos p\u00fablicos se aprovechan de ella, y ya sin poder hacer nada \u00fanicamente esperan a que termine el periodo para el cual fueron electos. Pero m\u00e1s odioso para los ciudadanos se convierten aquellos pol\u00edticos limpios y puros por fuera (en su discurso), pero corruptos y tramposos por dentro.<\/p>\n<p style=\"text-align: justify;\">El beneficio directo a la empresa Molri Internacional, creada al mes de que Javier Corral gan\u00f3 la elecci\u00f3n, por Carolina Riggs Baeza y Manuel Molinar Terrazas, descubre el desaseo administrativo con que se est\u00e1 manejando la administraci\u00f3n actual, que se supon\u00eda actuar\u00eda como un buen modelo de la administraci\u00f3n p\u00fablica.<\/p>\n<p style=\"text-align: justify;\">El portal de Transparencia del gobierno del estado de Chihuahua (www.amanecechihuahua.gob.mx), revela que la Coordinaci\u00f3n de Comunicaci\u00f3n Social contrat\u00f3 a la empresa Molinar-Riggs de noviembre a diciembre pasado y se estableci\u00f3 un pago por 1 mill\u00f3n 668 mil 930 pesos bajo el contrato SH-LR-AD-008\/2016, y otro pago por 251 mil 459 pesos bajo el contrato 614\/2016. De ello dieron cuenta durante la semana varios medios, pero lo lamentable es la reacci\u00f3n de Palacio de Gobierno, que como hemos dicho en ocasiones anteriores, Javier Corral no es de los que reconoce sus errores, enfrenta a quienes lo se\u00f1alan, los reta y se va por la tangente.<\/p>\n<p style=\"text-align: justify;\">La decepcionante respuesta que el mi\u00e9rcoles pasado dio el titular de Comunicaci\u00f3n Social del gobierno del Estado, Antonio Pinedo Cornejo, en rueda de prensa no fue que iniciar\u00edan una investigaci\u00f3n y aplicar\u00edan el posterior castigo a quienes movieron sus influencias (se sabe que Miguel Riggs, s\u00edndico de la capital es amigo personal del gobernador Javier Corral) para obtener el contrato de 2 millones de pesos tan solo por un mes de trabajo, nada se habl\u00f3 de enero, para cuando ya habr\u00eda otro contrato parecido. Y lo peor, neg\u00f3 que \u00e9l, quien es el encargado de seleccionar a los proveedores de Comunicaci\u00f3n Social junto con la Secretar\u00eda de Hacienda estatal, conoc\u00edan la relaci\u00f3n familiar de los due\u00f1os de MolRi, Carolina Riggs y Manuel Molinar con el s\u00edndico de la capital, tambi\u00e9n desconoc\u00eda que la empresa hab\u00eda sido creada justamente para proveer al gobierno estatal de materiales de propaganda y souvenires.<\/p>\n<p style=\"text-align: justify;\">Tambi\u00e9n es cuestionable la negativa reacci\u00f3n del jefe de Comunicaci\u00f3n Social, quien convoc\u00f3 \u00e9l mismo a la rueda de prensa y no soport\u00f3 el cuestionamiento de los reporteros que hab\u00edan ido a cubrirla, se puso a pelear y discutir con algunos de ellos, en una actitud por dem\u00e1s excesiva por parte de quien debe ser el conducto para llevar la buena relaci\u00f3n entre los representantes de los medios de comunicaci\u00f3n y los funcionarios estatales.<\/p>\n<p style=\"text-align: justify;\">Es inv\u00e1lida la excusa de no haber licitado a dichos proveedores \u201cporque no hay dinero\u201d, que supuestamente la Ley de Adquisiciones permite, siendo que \u00e9sta claramente exige un concurso cuando la compra es superior al mill\u00f3n de pesos, aqu\u00ed hay un contrato por casi 2 millones, as\u00ed que se ten\u00eda que hacer la licitaci\u00f3n.<\/p>\n<p style=\"text-align: justify;\">Tambi\u00e9n me parece inadecuado y hasta ofensivo para los periodistas de Chihuahua, que con el pretexto de los excesos cometidos en pasadas administraciones se siga amagando a los representantes de los medios diciendo que no se pagar\u00e1 publicidad a quienes critiquen al gobierno de Javier Corral, aunque hay que decir que el lenguaje que utilizan es ingeniosamente perverso, le llaman \u201cextorsi\u00f3n\u201d a la cr\u00edtica medi\u00e1tica y con eso justifican los excesos, como el de la familia Riggs.<\/p>\n<p style=\"text-align: justify;\">Y para que no se diga que se trata de hechos aislados, parece que el modus operandi es y ser\u00e1 el mismo durante todo el quinquenio; esta semana tambi\u00e9n se habl\u00f3 de otro caso, el del monitoreo de medios a cargo de Jos\u00e9 Luis Mu\u00f1oz, pactado por 3 millones 79 mil 800 pesos bajo el contrato SH\/LR\/AD\/001\/2016. A Mu\u00f1oz se le relaciona al gobernador como compadre del mismo, y otro benefactor del nuevo amanecer.<\/p>\n<p style=\"text-align: justify;\">El contrato se\u00f1ala que se trata de \u201cServicios profesionales de monitoreo de los programas noticiosos y de opini\u00f3n pol\u00edtica de radio, televisi\u00f3n, publicidad impresa y de 23 portales digitales en el Estado de Chihuahua, as\u00ed como y 14 portales digitales que se editan en la ciudad de M\u00e9xico\u201d.<\/p>\n<p style=\"text-align: justify;\">Si la din\u00e1mica es igual en contrataciones de mayor envergadura, sobretodo en la asignaci\u00f3n directa para contratos de obra p\u00fablica, servicios de diversa \u00edndole, consultor\u00eda y asesor\u00eda, entre otros, entonces \u00bfcu\u00e1l honestidad y cual combate a la corrupci\u00f3n? Es la misma gata pero revolcada.<\/p>\n<p style=\"text-align: justify;\">Los chihuahuenses hoy m\u00e1s que nunca requieren de un gobierno honesto y trasparente, pero no a conveniencia y en el discurso, sino siempre, en todo y en la pr\u00e1ctica, porque si ahora la administraci\u00f3n corralista que \u201cno tiene dinero\u201d hace estas cosas \u00bfqu\u00e9 no har\u00e1 cuando lo tenga?.<\/p>\n<p style=\"text-align: justify;\">Por eso insisto, le urgen al pueblo herramientas que lo libren de estar sometidos a un mal gobierno, a uno que se dec\u00eda muy bueno pero que result\u00f3 fallido, por promesas incumplidas, por incapacidad para gobernar, para generar acuerdos, u otros; una muy efectiva es la revocaci\u00f3n de mandato, y que pueda aplicarse, como en otros pa\u00edses, al a\u00f1o o dos a\u00f1os para los estados y la Presidencia de la Rep\u00fablica, y no luego tendremos que estar aguantando los desvar\u00edos de un gobierno intolerante, dictatorial o mediocre y sin frutos.<\/p>\n<p style=\"text-align: justify;\">Sugerencias y comentarios favor de hac\u00e9rmelos llegar a mi correo:\u00a0cruzp@terra.com.mx<\/p>\n","protected":false},"excerpt":{"rendered":"<p>Es muy temprano para que en la administraci\u00f3n de Javier Corral se comience a hablar de corrupci\u00f3n, de tr\u00e1fico de influencias, de conflictos de inter\u00e9s. La sola menci\u00f3n de los dos hombres encargados de velar por la integridad del gobierno corralista, C\u00e9sar Augusto Peniche y Estefany Olmos, inhabilitados por la Secretar\u00eda de Funci\u00f3n P\u00fablica, gener\u00f3 [&hellip;]<\/p>\n","protected":false},"author":6,"featured_media":0,"comment_status":"open","ping_status":"open","sticky":false,"template":"","format":"standard","meta":{"_acf_changed":false,"_monsterinsights_skip_tracking":false,"slim_seo":{"title":"MOLRI: \u00bfAmanece para todos? - Opini\u00f3n P\u00fablica","description":"Es muy temprano para que en la administraci\u00f3n de Javier Corral se comience a hablar de corrupci\u00f3n, de tr\u00e1fico de influencias, de conflictos de inter\u00e9s. La sola"},"footnotes":""},"categories":[34],"tags":[],"class_list":["post-11612","post","type-post","status-publish","format-standard","hentry","category-construyendo"],"acf":[],"_links":{"self":[{"href":"https:\/\/www.opinionpublica.tv\/portada\/wp-json\/wp\/v2\/posts\/11612","targetHints":{"allow":["GET"]}}],"collection":[{"href":"https:\/\/www.opinionpublica.tv\/portada\/wp-json\/wp\/v2\/posts"}],"about":[{"href":"https:\/\/www.opinionpublica.tv\/portada\/wp-json\/wp\/v2\/types\/post"}],"author":[{"embeddable":true,"href":"https:\/\/www.opinionpublica.tv\/portada\/wp-json\/wp\/v2\/users\/6"}],"replies":[{"embeddable":true,"href":"https:\/\/www.opinionpublica.tv\/portada\/wp-json\/wp\/v2\/comments?post=11612"}],"version-history":[{"count":0,"href":"https:\/\/www.opinionpublica.tv\/portada\/wp-json\/wp\/v2\/posts\/11612\/revisions"}],"wp:attachment":[{"href":"https:\/\/www.opinionpublica.tv\/portada\/wp-json\/wp\/v2\/media?parent=11612"}],"wp:term":[{"taxonomy":"category","embeddable":true,"href":"https:\/\/www.opinionpublica.tv\/portada\/wp-json\/wp\/v2\/categories?post=11612"},{"taxonomy":"post_tag","embeddable":true,"href":"https:\/\/www.opinionpublica.tv\/portada\/wp-json\/wp\/v2\/tags?post=11612"}],"curies":[{"name":"wp","href":"https:\/\/api.w.org\/{rel}","templated":true}]}}