{"id":11607,"date":"2017-02-06T07:00:00","date_gmt":"2017-02-06T06:00:00","guid":{"rendered":"https:\/\/www.opinionpublica.tv\/portada\/2017\/02\/06\/enfermedades-bucales-afectan-al-90-de-la-poblacion-del-estado\/"},"modified":"2017-02-06T07:00:00","modified_gmt":"2017-02-06T06:00:00","slug":"enfermedades-bucales-afectan-al-90-de-la-poblacion-del-estado","status":"publish","type":"post","link":"https:\/\/www.opinionpublica.tv\/portada\/enfermedades-bucales-afectan-al-90-de-la-poblacion-del-estado\/","title":{"rendered":"Enfermedades bucales afectan al 90% de la poblaci\u00f3n del estado"},"content":{"rendered":"<p><img fetchpriority=\"high\" decoding=\"async\" class=\" size-full wp-image-11606\" src=\"https:\/\/www.opinionpublica.tv\/portada\/wp-content\/uploads\/2017\/02\/88c91ed530904468cb298cc7d844cd73.jpg\" alt=\"\" width=\"610\" height=\"368\" srcset=\"https:\/\/www.opinionpublica.tv\/portada\/wp-content\/uploads\/2017\/02\/88c91ed530904468cb298cc7d844cd73.jpg 610w, https:\/\/www.opinionpublica.tv\/portada\/wp-content\/uploads\/2017\/02\/88c91ed530904468cb298cc7d844cd73-300x181.jpg 300w\" sizes=\"(max-width: 610px) 100vw, 610px\" \/><br \/>\n<!--more--><\/p>\n<p style=\"text-align: justify;\">Las enfermedades bucales son uno de los principales problemas de salud p\u00fablica en el estado de Chihuahua, por lo que la Secretar\u00eda de Salud pidi\u00f3 a los habitantes atender restas recomendaciones para evitarlas.<\/p>\n<p style=\"text-align: justify;\">La dependencia agreg\u00f3 que estas enfermedades manifiestan desde los primeros a\u00f1os del individuo y sus secuelas producen efectos incapacitantes de orden funcional, sist\u00e9mico y est\u00e9tico por el resto de la vida de los afectados.<\/p>\n<p style=\"text-align: justify;\">Por ello, es importante el cepillado diario de dientes, el uso de hilo dental, enjuague bucal y visita frecuente con el dentista, con el objetivo de mantener buena salud o detectar deficiencias alimenticias, afeccione e infecciones microbianas, des\u00f3rdenes inmunes y lesiones.<\/p>\n<p style=\"text-align: justify;\">Seg\u00fan informaci\u00f3n del \u00e1rea de Salud Bucal de la Subdirecci\u00f3n de Medicina Preventiva, las enfermedades bucales de mayor prevalencia son la caries dental y la enfermedad periodontal que afecta a m\u00e1s del 90% de la poblaci\u00f3n.<\/p>\n<p style=\"text-align: justify;\">La caries dental y la enfermedad periodontal son focos de infecci\u00f3n que son factores de riesgo para otras enfermedades como son la fiebre reum\u00e1tica, enfermedad, respiratoria aguda y la diabetes.<\/p>\n<p style=\"text-align: justify;\">La mayor\u00eda de las enfermedades bucales pueden ser controladas con medidas preventivas y diagn\u00f3stico temprano, por lo que la Secretar\u00eda de Salud a trav\u00e9s del Programa de Salud Bucal dispone de consultorios de estomatolog\u00eda en los diversos centros de salud de la entidad.<\/p>\n","protected":false},"excerpt":{"rendered":"","protected":false},"author":6,"featured_media":11606,"comment_status":"open","ping_status":"open","sticky":false,"template":"","format":"standard","meta":{"_acf_changed":false,"_monsterinsights_skip_tracking":false,"slim_seo":{"title":"Enfermedades bucales afectan al 90% de la poblaci\u00f3n del estado - Opini\u00f3n P\u00fablica","description":"Las enfermedades bucales son uno de los principales problemas de salud p\u00fablica en el estado de Chihuahua, por lo que la Secretar\u00eda de Salud pidi\u00f3 a los habitant"},"footnotes":""},"categories":[4],"tags":[],"class_list":["post-11607","post","type-post","status-publish","format-standard","has-post-thumbnail","hentry","category-pulsopolitico"],"acf":[],"_links":{"self":[{"href":"https:\/\/www.opinionpublica.tv\/portada\/wp-json\/wp\/v2\/posts\/11607","targetHints":{"allow":["GET"]}}],"collection":[{"href":"https:\/\/www.opinionpublica.tv\/portada\/wp-json\/wp\/v2\/posts"}],"about":[{"href":"https:\/\/www.opinionpublica.tv\/portada\/wp-json\/wp\/v2\/types\/post"}],"author":[{"embeddable":true,"href":"https:\/\/www.opinionpublica.tv\/portada\/wp-json\/wp\/v2\/users\/6"}],"replies":[{"embeddable":true,"href":"https:\/\/www.opinionpublica.tv\/portada\/wp-json\/wp\/v2\/comments?post=11607"}],"version-history":[{"count":0,"href":"https:\/\/www.opinionpublica.tv\/portada\/wp-json\/wp\/v2\/posts\/11607\/revisions"}],"wp:featuredmedia":[{"embeddable":true,"href":"https:\/\/www.opinionpublica.tv\/portada\/wp-json\/wp\/v2\/media\/11606"}],"wp:attachment":[{"href":"https:\/\/www.opinionpublica.tv\/portada\/wp-json\/wp\/v2\/media?parent=11607"}],"wp:term":[{"taxonomy":"category","embeddable":true,"href":"https:\/\/www.opinionpublica.tv\/portada\/wp-json\/wp\/v2\/categories?post=11607"},{"taxonomy":"post_tag","embeddable":true,"href":"https:\/\/www.opinionpublica.tv\/portada\/wp-json\/wp\/v2\/tags?post=11607"}],"curies":[{"name":"wp","href":"https:\/\/api.w.org\/{rel}","templated":true}]}}