{"id":11603,"date":"2017-02-06T07:00:00","date_gmt":"2017-02-06T06:00:00","guid":{"rendered":"https:\/\/www.opinionpublica.tv\/portada\/2017\/02\/06\/presentan-billete-y-moneda-conmemorativos-del-centenario-de-la-constitucion\/"},"modified":"2017-02-06T07:00:00","modified_gmt":"2017-02-06T06:00:00","slug":"presentan-billete-y-moneda-conmemorativos-del-centenario-de-la-constitucion","status":"publish","type":"post","link":"https:\/\/www.opinionpublica.tv\/portada\/presentan-billete-y-moneda-conmemorativos-del-centenario-de-la-constitucion\/","title":{"rendered":"Presentan billete y moneda conmemorativos del Centenario de la Constituci\u00f3n"},"content":{"rendered":"<p><img fetchpriority=\"high\" decoding=\"async\" class=\" size-full wp-image-11602\" src=\"https:\/\/www.opinionpublica.tv\/portada\/wp-content\/uploads\/2017\/02\/040929985887bfa1c73d5df0675434d9.jpg\" alt=\"\" width=\"519\" height=\"296\" srcset=\"https:\/\/www.opinionpublica.tv\/portada\/wp-content\/uploads\/2017\/02\/040929985887bfa1c73d5df0675434d9.jpg 519w, https:\/\/www.opinionpublica.tv\/portada\/wp-content\/uploads\/2017\/02\/040929985887bfa1c73d5df0675434d9-300x171.jpg 300w\" sizes=\"(max-width: 519px) 100vw, 519px\" \/><br \/>\n<!--more--><\/p>\n<p style=\"text-align: justify;\">El gobernador del Banco de M\u00e9xico (Banxico), Agust\u00edn Carstens, present\u00f3 un billete de 100 pesos y una moneda de 20 pesos conmemorativas del Centenario de la Promulgaci\u00f3n de la Constituci\u00f3n Pol\u00edtica de M\u00e9xico.<\/p>\n<p style=\"text-align: justify;\">Ante el presidente Enrique Pe\u00f1a Nieto e invitados especiales en el acto conmemorativo realizado en Quer\u00e9taro, el funcionario destac\u00f3 que la mejor manera en la que el Banxico pueda reconocer la trascendencia del constituyente y unirse a esta celebraci\u00f3n de todos los mexicanos es poner en circulaci\u00f3n este billete y moneda de curso legal.<\/p>\n<p style=\"text-align: justify;\">De esta forma, dijo, el Banxico honra su car\u00e1cter de banco \u00fanico de emisi\u00f3n, tal como fue plasmado precisamente por los constituyentes de 1917.<\/p>\n<p style=\"text-align: justify;\">Ambas piezas son de curso legal, por lo que el p\u00fablico podr\u00e1 realizar con ellas cualquier tipo de pago, aunque de antemano s\u00e9 que muchas ser\u00e1n conservadas por los usuarios, precisamente por su car\u00e1cter conmemorativo, se\u00f1al\u00f3 Carstens.<\/p>\n","protected":false},"excerpt":{"rendered":"","protected":false},"author":6,"featured_media":11602,"comment_status":"open","ping_status":"open","sticky":false,"template":"","format":"standard","meta":{"_acf_changed":false,"_monsterinsights_skip_tracking":false,"slim_seo":{"title":"Presentan billete y moneda conmemorativos del Centenario de la Constituci\u00f3n - Opini\u00f3n P\u00fablica","description":"El gobernador del Banco de M\u00e9xico (Banxico), Agust\u00edn Carstens, present\u00f3 un billete de 100 pesos y una moneda de 20 pesos conmemorativas del Centenario de la Pro"},"footnotes":""},"categories":[9],"tags":[],"class_list":["post-11603","post","type-post","status-publish","format-standard","has-post-thumbnail","hentry","category-nacional"],"acf":[],"_links":{"self":[{"href":"https:\/\/www.opinionpublica.tv\/portada\/wp-json\/wp\/v2\/posts\/11603","targetHints":{"allow":["GET"]}}],"collection":[{"href":"https:\/\/www.opinionpublica.tv\/portada\/wp-json\/wp\/v2\/posts"}],"about":[{"href":"https:\/\/www.opinionpublica.tv\/portada\/wp-json\/wp\/v2\/types\/post"}],"author":[{"embeddable":true,"href":"https:\/\/www.opinionpublica.tv\/portada\/wp-json\/wp\/v2\/users\/6"}],"replies":[{"embeddable":true,"href":"https:\/\/www.opinionpublica.tv\/portada\/wp-json\/wp\/v2\/comments?post=11603"}],"version-history":[{"count":0,"href":"https:\/\/www.opinionpublica.tv\/portada\/wp-json\/wp\/v2\/posts\/11603\/revisions"}],"wp:featuredmedia":[{"embeddable":true,"href":"https:\/\/www.opinionpublica.tv\/portada\/wp-json\/wp\/v2\/media\/11602"}],"wp:attachment":[{"href":"https:\/\/www.opinionpublica.tv\/portada\/wp-json\/wp\/v2\/media?parent=11603"}],"wp:term":[{"taxonomy":"category","embeddable":true,"href":"https:\/\/www.opinionpublica.tv\/portada\/wp-json\/wp\/v2\/categories?post=11603"},{"taxonomy":"post_tag","embeddable":true,"href":"https:\/\/www.opinionpublica.tv\/portada\/wp-json\/wp\/v2\/tags?post=11603"}],"curies":[{"name":"wp","href":"https:\/\/api.w.org\/{rel}","templated":true}]}}