{"id":11601,"date":"2017-02-06T07:00:00","date_gmt":"2017-02-06T06:00:00","guid":{"rendered":"https:\/\/www.opinionpublica.tv\/portada\/2017\/02\/06\/violento-inicio-de-mes-en-juarez-suman-14-asesinatos-en-seis-dias\/"},"modified":"2017-02-06T07:00:00","modified_gmt":"2017-02-06T06:00:00","slug":"violento-inicio-de-mes-en-juarez-suman-14-asesinatos-en-seis-dias","status":"publish","type":"post","link":"https:\/\/www.opinionpublica.tv\/portada\/violento-inicio-de-mes-en-juarez-suman-14-asesinatos-en-seis-dias\/","title":{"rendered":"Violento inicio de mes en Ciudad Ju\u00e1rez; suman 14 asesinatos en seis d\u00edas"},"content":{"rendered":"<p><img fetchpriority=\"high\" decoding=\"async\" class=\" size-full wp-image-11600\" src=\"https:\/\/www.opinionpublica.tv\/portada\/wp-content\/uploads\/2017\/02\/c61f1271d52fd22b44635867ab301bee.jpg\" alt=\"\" width=\"576\" height=\"313\" srcset=\"https:\/\/www.opinionpublica.tv\/portada\/wp-content\/uploads\/2017\/02\/c61f1271d52fd22b44635867ab301bee.jpg 576w, https:\/\/www.opinionpublica.tv\/portada\/wp-content\/uploads\/2017\/02\/c61f1271d52fd22b44635867ab301bee-300x163.jpg 300w\" sizes=\"(max-width: 576px) 100vw, 576px\" \/><br \/>\n<!--more--><\/p>\n<p style=\"text-align: justify;\">Durante los primeros seis d\u00edas de febrero se han registrado 14 asesinatos en Ciudad Ju\u00e1rez, situaci\u00f3n que preocupa y mantiene en alerta a las corporaciones policiacas, as\u00ed como a la Guarnici\u00f3n Militar, ya que de nueva cuenta se est\u00e1n presentando ejecuciones en p\u00fablico.<\/p>\n<p style=\"text-align: justify;\">La noche de este domingo, tres j\u00f3venes al parecer estudiantes de Odontolog\u00eda de la UACJ fueron ejecutados en el interior del bar La N\u00famero 4, ubicado en una de las zonas m\u00e1s exclusivas de Ju\u00e1rez, en la avenida Tomas Fern\u00e1ndez y Portales, junto al Campestre.<\/p>\n<p style=\"text-align: justify;\">Y tambi\u00e9n este domingo dos hombres fueron ejecutados y encontrados detr\u00e1s de una tienda Smart ubicada en el suroriente de la ciudad.<\/p>\n<p style=\"text-align: justify;\">Y en el hecho m\u00e1s reciente, dos personas fueron asesinadas y sus cuerpos abandonados en un camino de terracer\u00eda detr\u00e1s de la planta tratadora de la Junta Municipal de Agua y Saneamiento al oriente de la ciudad. Extraoficialmente trascendi\u00f3 que ambos cuerpos presentan disparos de arma de fuego en la cabeza.<\/p>\n<p style=\"text-align: justify;\">Al respecto, el general Bernardo Ram\u00edrez Garc\u00eda, comandante de la Guarnici\u00f3n Militar en la Plaza, anunci\u00f3 que modificar\u00e1n la participaci\u00f3n de oficiales en las Bases de Operaci\u00f3n Mixta, ya que \u201cel repunte de la violencia es preocupante, debido a que se afecta la tranquilidad de las familias juarenses y buscar\u00e1n evitar que la situaci\u00f3n se salga de control\u201d.<\/p>\n<p style=\"text-align: justify;\">Seg\u00fan datos de la Fiscal\u00eda General del Estado, con los hechos recientes suman 14 homicidios en seis d\u00edas del mes de febrero, mientras que en enero pasado se contabilizaron 52 homicidios en esta frontera.<\/p>\n","protected":false},"excerpt":{"rendered":"","protected":false},"author":6,"featured_media":11600,"comment_status":"open","ping_status":"open","sticky":false,"template":"","format":"standard","meta":{"_acf_changed":false,"_monsterinsights_skip_tracking":false,"slim_seo":{"title":"Violento inicio de mes en Ciudad Ju\u00e1rez; suman 14 asesinatos en seis d\u00edas - Opini\u00f3n P\u00fablica","description":"Durante los primeros seis d\u00edas de febrero se han registrado 14 asesinatos en Ciudad Ju\u00e1rez, situaci\u00f3n que preocupa y mantiene en alerta a las corporaciones poli"},"footnotes":""},"categories":[3],"tags":[],"class_list":["post-11601","post","type-post","status-publish","format-standard","has-post-thumbnail","hentry","category-principal"],"acf":[],"_links":{"self":[{"href":"https:\/\/www.opinionpublica.tv\/portada\/wp-json\/wp\/v2\/posts\/11601","targetHints":{"allow":["GET"]}}],"collection":[{"href":"https:\/\/www.opinionpublica.tv\/portada\/wp-json\/wp\/v2\/posts"}],"about":[{"href":"https:\/\/www.opinionpublica.tv\/portada\/wp-json\/wp\/v2\/types\/post"}],"author":[{"embeddable":true,"href":"https:\/\/www.opinionpublica.tv\/portada\/wp-json\/wp\/v2\/users\/6"}],"replies":[{"embeddable":true,"href":"https:\/\/www.opinionpublica.tv\/portada\/wp-json\/wp\/v2\/comments?post=11601"}],"version-history":[{"count":0,"href":"https:\/\/www.opinionpublica.tv\/portada\/wp-json\/wp\/v2\/posts\/11601\/revisions"}],"wp:featuredmedia":[{"embeddable":true,"href":"https:\/\/www.opinionpublica.tv\/portada\/wp-json\/wp\/v2\/media\/11600"}],"wp:attachment":[{"href":"https:\/\/www.opinionpublica.tv\/portada\/wp-json\/wp\/v2\/media?parent=11601"}],"wp:term":[{"taxonomy":"category","embeddable":true,"href":"https:\/\/www.opinionpublica.tv\/portada\/wp-json\/wp\/v2\/categories?post=11601"},{"taxonomy":"post_tag","embeddable":true,"href":"https:\/\/www.opinionpublica.tv\/portada\/wp-json\/wp\/v2\/tags?post=11601"}],"curies":[{"name":"wp","href":"https:\/\/api.w.org\/{rel}","templated":true}]}}