{"id":11595,"date":"2017-02-06T07:00:00","date_gmt":"2017-02-06T06:00:00","guid":{"rendered":"https:\/\/www.opinionpublica.tv\/portada\/2017\/02\/06\/juicio-a-facebook-en-alemania-por-noticias-falsas\/"},"modified":"2017-02-06T07:00:00","modified_gmt":"2017-02-06T06:00:00","slug":"juicio-a-facebook-en-alemania-por-noticias-falsas","status":"publish","type":"post","link":"https:\/\/www.opinionpublica.tv\/portada\/juicio-a-facebook-en-alemania-por-noticias-falsas\/","title":{"rendered":"Juicio a Facebook en Alemania por noticias falsas"},"content":{"rendered":"<p><img fetchpriority=\"high\" decoding=\"async\" class=\" size-full wp-image-11594\" src=\"https:\/\/www.opinionpublica.tv\/portada\/wp-content\/uploads\/2017\/02\/11817c95f9b80e26f43a76dca447c5a3.jpg\" alt=\"\" width=\"664\" height=\"498\" srcset=\"https:\/\/www.opinionpublica.tv\/portada\/wp-content\/uploads\/2017\/02\/11817c95f9b80e26f43a76dca447c5a3.jpg 664w, https:\/\/www.opinionpublica.tv\/portada\/wp-content\/uploads\/2017\/02\/11817c95f9b80e26f43a76dca447c5a3-300x225.jpg 300w\" sizes=\"(max-width: 664px) 100vw, 664px\" \/><br \/>\n<!--more--><\/p>\n<p style=\"text-align: justify;\">Este lunes comenz\u00f3 en Alemania el primer juicio civil que sienta en el banquillo de los acusados a la red social Facebook por un presunto delito de propagaci\u00f3n de noticias falsas.<\/p>\n<p style=\"text-align: justify;\">El demandante es un refugiado sirio, Anis M., que disfrut\u00f3 de una fama ef\u00edmera despu\u00e9s de tomarse un selfie con la canciller Angela Merkel en 2015 aprovechando que la mandataria visitaba el centro de acogida en el que<br \/> resid\u00eda.<\/p>\n<p style=\"text-align: justify;\">La imagen, que en un principio fue utilizada para ilustrar la admiraci\u00f3n que los solicitantes de asilo sent\u00edan por la pol\u00edtica conservadora, termin\u00f3 convirti\u00e9ndose en un dolor de cabeza para el joven, ya que fue utilizada para acompa\u00f1ar publicaciones en las que se le acusaba de ser un terrorista.<\/p>\n<p style=\"text-align: justify;\">A pesar de que la empresa retir\u00f3 las dos publicaciones difamatorias originales, Anis M. asegura que no es suficiente, ya que el contenido fue compartido en cientos de ocasiones y todav\u00eda sigue estando accesible en la red social.<\/p>\n<p style=\"text-align: justify;\">Facebook anunci\u00f3 que permitir\u00eda reportar noticias falsas, tras las cr\u00edticas recibidas por permitir que se publicaran esos rumores durante la campa\u00f1a electoral de Estados Unidos.<\/p>\n<p style=\"text-align: justify;\">De cara a los comicios de septiembre en Alemania, firm\u00f3 una alianza con el centro de investigaci\u00f3n Correctiv para analizar el contenido de los usuarios.<\/p>\n","protected":false},"excerpt":{"rendered":"","protected":false},"author":6,"featured_media":11594,"comment_status":"open","ping_status":"open","sticky":false,"template":"","format":"standard","meta":{"_acf_changed":false,"_monsterinsights_skip_tracking":false,"slim_seo":{"title":"Juicio a Facebook en Alemania por noticias falsas - Opini\u00f3n P\u00fablica","description":"Este lunes comenz\u00f3 en Alemania el primer juicio civil que sienta en el banquillo de los acusados a la red social Facebook por un presunto delito de propagaci\u00f3n"},"footnotes":""},"categories":[22],"tags":[],"class_list":["post-11595","post","type-post","status-publish","format-standard","has-post-thumbnail","hentry","category-ciencia-y-tecnologia"],"acf":[],"_links":{"self":[{"href":"https:\/\/www.opinionpublica.tv\/portada\/wp-json\/wp\/v2\/posts\/11595","targetHints":{"allow":["GET"]}}],"collection":[{"href":"https:\/\/www.opinionpublica.tv\/portada\/wp-json\/wp\/v2\/posts"}],"about":[{"href":"https:\/\/www.opinionpublica.tv\/portada\/wp-json\/wp\/v2\/types\/post"}],"author":[{"embeddable":true,"href":"https:\/\/www.opinionpublica.tv\/portada\/wp-json\/wp\/v2\/users\/6"}],"replies":[{"embeddable":true,"href":"https:\/\/www.opinionpublica.tv\/portada\/wp-json\/wp\/v2\/comments?post=11595"}],"version-history":[{"count":0,"href":"https:\/\/www.opinionpublica.tv\/portada\/wp-json\/wp\/v2\/posts\/11595\/revisions"}],"wp:featuredmedia":[{"embeddable":true,"href":"https:\/\/www.opinionpublica.tv\/portada\/wp-json\/wp\/v2\/media\/11594"}],"wp:attachment":[{"href":"https:\/\/www.opinionpublica.tv\/portada\/wp-json\/wp\/v2\/media?parent=11595"}],"wp:term":[{"taxonomy":"category","embeddable":true,"href":"https:\/\/www.opinionpublica.tv\/portada\/wp-json\/wp\/v2\/categories?post=11595"},{"taxonomy":"post_tag","embeddable":true,"href":"https:\/\/www.opinionpublica.tv\/portada\/wp-json\/wp\/v2\/tags?post=11595"}],"curies":[{"name":"wp","href":"https:\/\/api.w.org\/{rel}","templated":true}]}}