{"id":11353,"date":"2017-01-25T07:00:00","date_gmt":"2017-01-25T06:00:00","guid":{"rendered":"https:\/\/www.opinionpublica.tv\/portada\/2017\/01\/25\/efemerides-26-de-enero\/"},"modified":"2017-01-25T07:00:00","modified_gmt":"2017-01-25T06:00:00","slug":"efemerides-26-de-enero","status":"publish","type":"post","link":"https:\/\/www.opinionpublica.tv\/portada\/efemerides-26-de-enero\/","title":{"rendered":"Efem\u00e9rides 26 de Enero"},"content":{"rendered":"<img fetchpriority=\"high\" decoding=\"async\" class=\" size-full wp-image-11352\" src=\"https:\/\/www.opinionpublica.tv\/portada\/wp-content\/uploads\/2017\/01\/0caf6398a179c99f97977dc58ce3979c.jpg\" alt=\"\" class=\"caption\" title=\"San Alberico, Aubrey, Albericus o Alb\u00e9ric\" width=\"200\" height=\"314\" srcset=\"https:\/\/www.opinionpublica.tv\/portada\/wp-content\/uploads\/2017\/01\/0caf6398a179c99f97977dc58ce3979c.jpg 200w, https:\/\/www.opinionpublica.tv\/portada\/wp-content\/uploads\/2017\/01\/0caf6398a179c99f97977dc58ce3979c-191x300.jpg 191w\" sizes=\"(max-width: 200px) 100vw, 200px\" \/>\n<p style=\"text-align: justify;\">Es el 26.\u00ba (vigesimosexto) d\u00eda del a\u00f1o en el calendario gregoriano. Quedan 339\u00a0d\u00edas para finalizar el a\u00f1o y 340 en los a\u00f1os bisiestos.<\/p>\n<p><!--more--><\/p>\n<h2 style=\"text-align: justify;\"><span id=\"Acontecimientos\" class=\"mw-headline\">Acontecimientos<\/span><\/h2>\n<ul style=\"text-align: justify;\">\n<li><a title=\"1085\" href=\"https:\/\/es.wikipedia.org\/wiki\/1085\">1085<\/a>: en la <a title=\"Taifa de Zaragoza\" href=\"https:\/\/es.wikipedia.org\/wiki\/Taifa_de_Zaragoza\">Taifa de Zaragoza<\/a> (en la actual Espa\u00f1a), <a title=\"Al-Musta'in\" href=\"https:\/\/es.wikipedia.org\/wiki\/Al-Musta%27in\">Al-Musta&#8217;in<\/a> se casa con la hija de Abu Bakr de <a title=\"Taifa de Valencia\" href=\"https:\/\/es.wikipedia.org\/wiki\/Taifa_de_Valencia\">Valencia<\/a>, a la que asistieron los reyes taifas de <a title=\"Al-\u00c1ndalus\" href=\"https:\/\/es.wikipedia.org\/wiki\/Al-%C3%81ndalus\">al-\u00c1ndalus<\/a> y, con toda probabilidad, ante la presencia de <a class=\"mw-redirect\" title=\"El Cid Campeador\" href=\"https:\/\/es.wikipedia.org\/wiki\/El_Cid_Campeador\">El Cid Campeador<\/a>.<\/li>\n<li><a title=\"1500\" href=\"https:\/\/es.wikipedia.org\/wiki\/1500\">1500<\/a>: donde actualmente se encuentra la ciudad de <a title=\"Ponta Grossa\" href=\"https:\/\/es.wikipedia.org\/wiki\/Ponta_Grossa\">Ponta Grossa<\/a>, el navegante <a title=\"Espa\u00f1a\" href=\"https:\/\/es.wikipedia.org\/wiki\/Espa%C3%B1a\">espa\u00f1ol<\/a> <a title=\"Vicente Y\u00e1\u00f1ez Pinz\u00f3n\" href=\"https:\/\/es.wikipedia.org\/wiki\/Vicente_Y%C3%A1%C3%B1ez_Pinz%C3%B3n\">Vicente Y\u00e1\u00f1ez Pinz\u00f3n<\/a> llega a la costa del actual <a title=\"Brasil\" href=\"https:\/\/es.wikipedia.org\/wiki\/Brasil\">Brasil<\/a>.<\/li>\n<li><a title=\"1531\" href=\"https:\/\/es.wikipedia.org\/wiki\/1531\">1531<\/a>: la ciudad de <a title=\"Lisboa\" href=\"https:\/\/es.wikipedia.org\/wiki\/Lisboa\">Lisboa<\/a> (capital de <a title=\"Portugal\" href=\"https:\/\/es.wikipedia.org\/wiki\/Portugal\">Portugal<\/a>) es sacudida por un violent\u00edsimo <a title=\"Terremoto de Lisboa de 1531\" href=\"https:\/\/es.wikipedia.org\/wiki\/Terremoto_de_Lisboa_de_1531\">terremoto<\/a> de magnitud 8,1 en la escala de Richter. Mueren al menos 30\u00a0000\u00a0personas (casi todos sus habitantes). Este terremoto no se debe confundir con el del <a title=\"Terremoto de Lisboa de 1755\" href=\"https:\/\/es.wikipedia.org\/wiki\/Terremoto_de_Lisboa_de_1755\">1 de noviembre de 1755<\/a>, de magnitud 9,0, que matar\u00eda a unas 100\u00a0000\u00a0personas.<\/li>\n<li><a title=\"1540\" href=\"https:\/\/es.wikipedia.org\/wiki\/1540\">1540<\/a>: en <a title=\"Alemania\" href=\"https:\/\/es.wikipedia.org\/wiki\/Alemania\">Alemania<\/a>, <a title=\"Valerius Cordus\" href=\"https:\/\/es.wikipedia.org\/wiki\/Valerius_Cordus\">Valerius Cordus<\/a> descubre el <a class=\"mw-redirect\" title=\"\u00c9ter (producto qu\u00edmico)\" href=\"https:\/\/es.wikipedia.org\/wiki\/%C3%89ter_(producto_qu%C3%ADmico)\">\u00e9ter<\/a>.<\/li>\n<li><a title=\"1564\" href=\"https:\/\/es.wikipedia.org\/wiki\/1564\">1564<\/a>: el <a title=\"Concilio de Trento\" href=\"https:\/\/es.wikipedia.org\/wiki\/Concilio_de_Trento\">Concilio de Trento<\/a> establece una distinci\u00f3n entre el <a class=\"mw-redirect\" title=\"Catolicismo romano\" href=\"https:\/\/es.wikipedia.org\/wiki\/Catolicismo_romano\">catolicismo romano<\/a> y el <a title=\"Protestantismo\" href=\"https:\/\/es.wikipedia.org\/wiki\/Protestantismo\">protestantismo<\/a>.<\/li>\n<li><a title=\"1565\" href=\"https:\/\/es.wikipedia.org\/wiki\/1565\">1565<\/a>: en <a title=\"India\" href=\"https:\/\/es.wikipedia.org\/wiki\/India\">India<\/a>, soldados del <a class=\"mw-redirect\" title=\"Imperio Viyaia Nagara\" href=\"https:\/\/es.wikipedia.org\/wiki\/Imperio_Viyaia_Nagara\">imperio Viyaia Nagara<\/a> y los sultanatos isl\u00e1micos del <a class=\"mw-redirect\" title=\"Deccan\" href=\"https:\/\/es.wikipedia.org\/wiki\/Deccan\">Deccan<\/a> libran la <a title=\"Batalla de Talikota\" href=\"https:\/\/es.wikipedia.org\/wiki\/Batalla_de_Talikota\">batalla de Talikota<\/a>, que provocar\u00e1 la destrucci\u00f3n del \u00faltimo reino hind\u00fa y la consolidaci\u00f3n de la invasi\u00f3n musulmana en el subcontinente indio.<\/li>\n<li><a title=\"1565\" href=\"https:\/\/es.wikipedia.org\/wiki\/1565\">1565<\/a>: en <a title=\"Ocean\u00eda\" href=\"https:\/\/es.wikipedia.org\/wiki\/Ocean%C3%ADa\">Ocean\u00eda<\/a>, el espa\u00f1ol <a title=\"Miguel L\u00f3pez de Legazpi\" href=\"https:\/\/es.wikipedia.org\/wiki\/Miguel_L%C3%B3pez_de_Legazpi\">Miguel L\u00f3pez de Legazpi<\/a> comienza la invasi\u00f3n de la isla de <a title=\"Guam\" href=\"https:\/\/es.wikipedia.org\/wiki\/Guam\">Guam<\/a>.<\/li>\n<li><a title=\"1641\" href=\"https:\/\/es.wikipedia.org\/wiki\/1641\">1641<\/a>: en <a title=\"Barcelona\" href=\"https:\/\/es.wikipedia.org\/wiki\/Barcelona\">Barcelona<\/a>, el ej\u00e9rcito franc\u00e9s y milicias catalanas derrotan al ej\u00e9rcito espa\u00f1ol en la <a title=\"Batalla de Montjuic (1641)\" href=\"https:\/\/es.wikipedia.org\/wiki\/Batalla_de_Montjuic_(1641)\">batalla de Montju\u00efc<\/a>. Catalu\u00f1a pasa a ser una rep\u00fablica sat\u00e9lite de Francia.<\/li>\n<li><a title=\"1699\" href=\"https:\/\/es.wikipedia.org\/wiki\/1699\">1699<\/a>: se firma el <a class=\"mw-redirect\" title=\"Tratado de Karlowitz\" href=\"https:\/\/es.wikipedia.org\/wiki\/Tratado_de_Karlowitz\">Tratado de Karlowitz<\/a>, en virtud del cual el <a title=\"Imperio otomano\" href=\"https:\/\/es.wikipedia.org\/wiki\/Imperio_otomano\">Imperio otomano<\/a> pierde la mayor parte de sus territorios en <a title=\"Europa\" href=\"https:\/\/es.wikipedia.org\/wiki\/Europa\">Europa<\/a>.<\/li>\n<li><a title=\"1700\" href=\"https:\/\/es.wikipedia.org\/wiki\/1700\">1700<\/a>: seg\u00fan textos japoneses, un tsunami golpea las costas de Jap\u00f3n. Se supone con certeza que se trata del <a class=\"mw-redirect\" title=\"Terremoto de Cascadia\" href=\"https:\/\/es.wikipedia.org\/wiki\/Terremoto_de_Cascadia\">Terremoto de Cascadia<\/a> (de magnitud 9 seg\u00fan la <a class=\"mw-redirect\" title=\"Escala de Richter\" href=\"https:\/\/es.wikipedia.org\/wiki\/Escala_de_Richter\">escala de Richter<\/a>), en la costa occidental de Norteam\u00e9rica. Los nativos americanos registraron algunas leyendas orales.<\/li>\n<li><a title=\"1720\" href=\"https:\/\/es.wikipedia.org\/wiki\/1720\">1720<\/a>: el rey de <a title=\"Espa\u00f1a\" href=\"https:\/\/es.wikipedia.org\/wiki\/Espa%C3%B1a\">Espa\u00f1a<\/a> <a title=\"Felipe V de Espa\u00f1a\" href=\"https:\/\/es.wikipedia.org\/wiki\/Felipe_V_de_Espa%C3%B1a\">Felipe V<\/a> se adhiere a las condiciones pactadas por la <a title=\"Cu\u00e1druple Alianza (1718)\" href=\"https:\/\/es.wikipedia.org\/wiki\/Cu%C3%A1druple_Alianza_(1718)\">Cu\u00e1druple Alianza<\/a> de 1718.<\/li>\n<li><a title=\"1736\" href=\"https:\/\/es.wikipedia.org\/wiki\/1736\">1736<\/a>: en <a title=\"Polonia\" href=\"https:\/\/es.wikipedia.org\/wiki\/Polonia\">Polonia<\/a>, <a title=\"Estanislao I Leszczynski\" href=\"https:\/\/es.wikipedia.org\/wiki\/Estanislao_I_Leszczynski\">Estanislao I Leszczynski<\/a> abdica al trono.<\/li>\n<li><a title=\"1788\" href=\"https:\/\/es.wikipedia.org\/wiki\/1788\">1788<\/a>: en <a title=\"Australia\" href=\"https:\/\/es.wikipedia.org\/wiki\/Australia\">Australia<\/a>, por orden del gobierno brit\u00e1nico, <a title=\"Arthur Phillip\" href=\"https:\/\/es.wikipedia.org\/wiki\/Arthur_Phillip\">Arthur Phillip<\/a> funda <a class=\"mw-redirect\" title=\"Bah\u00eda de Sydney\" href=\"https:\/\/es.wikipedia.org\/wiki\/Bah%C3%ADa_de_Sydney\">Port Jackson<\/a> con el objeto de establecer una <a title=\"Colonia penal\" href=\"https:\/\/es.wikipedia.org\/wiki\/Colonia_penal\">colonia penal<\/a>.<\/li>\n<li><a title=\"1811\" href=\"https:\/\/es.wikipedia.org\/wiki\/1811\">1811<\/a>: en <a title=\"M\u00e9xico\" href=\"https:\/\/es.wikipedia.org\/wiki\/M%C3%A9xico\">M\u00e9xico<\/a>, el coronel <a class=\"mw-redirect mw-disambig\" title=\"Juan B. Carrasco\" href=\"https:\/\/es.wikipedia.org\/wiki\/Juan_B._Carrasco\">Juan B. Carrasco<\/a> proclama la independencia en <a title=\"Monterrey\" href=\"https:\/\/es.wikipedia.org\/wiki\/Monterrey\">Monterrey<\/a>, en apoyo al movimiento iniciado por el sacerdote cat\u00f3lico <a class=\"mw-redirect\" title=\"Miguel Hidalgo\" href=\"https:\/\/es.wikipedia.org\/wiki\/Miguel_Hidalgo\">Miguel Hidalgo<\/a>.<\/li>\n<li><a title=\"1812\" href=\"https:\/\/es.wikipedia.org\/wiki\/1812\">1812<\/a>: en <a title=\"Espa\u00f1a\" href=\"https:\/\/es.wikipedia.org\/wiki\/Espa%C3%B1a\">Espa\u00f1a<\/a>, <a title=\"Napole\u00f3n Bonaparte\" href=\"https:\/\/es.wikipedia.org\/wiki\/Napole%C3%B3n_Bonaparte\">Napole\u00f3n Bonaparte<\/a> ordena la divisi\u00f3n de <a title=\"Catalu\u00f1a\" href=\"https:\/\/es.wikipedia.org\/wiki\/Catalu%C3%B1a\">Catalu\u00f1a<\/a> en departamentos.<\/li>\n<li><a title=\"1824\" href=\"https:\/\/es.wikipedia.org\/wiki\/1824\">1824<\/a>: en el marco de la independencia de Am\u00e9rica, el rey <a title=\"Fernando VII de Espa\u00f1a\" href=\"https:\/\/es.wikipedia.org\/wiki\/Fernando_VII_de_Espa%C3%B1a\">Fernando VII<\/a> dispone que no se negocie con los rebeldes de las colonias espa\u00f1olas de Am\u00e9rica el reconocimiento de su independencia.<\/li>\n<li><a title=\"1825\" href=\"https:\/\/es.wikipedia.org\/wiki\/1825\">1825<\/a>: dentro de las <a title=\"Provincias Unidas del Centro de Am\u00e9rica\" href=\"https:\/\/es.wikipedia.org\/wiki\/Provincias_Unidas_del_Centro_de_Am%C3%A9rica\">Provincias Unidas de Centroam\u00e9rica<\/a>, se constituye la provincia de <a title=\"Costa Rica\" href=\"https:\/\/es.wikipedia.org\/wiki\/Costa_Rica\">Costa Rica<\/a>.<\/li>\n<li><a title=\"1837\" href=\"https:\/\/es.wikipedia.org\/wiki\/1837\">1837<\/a>: en Estados Unidos, <a title=\"M\u00edchigan\" href=\"https:\/\/es.wikipedia.org\/wiki\/M%C3%ADchigan\">M\u00edchigan<\/a> es admitido como el Estado n.\u00ba 26.<\/li>\n<li><a title=\"1838\" href=\"https:\/\/es.wikipedia.org\/wiki\/1838\">1838<\/a>: en <a title=\"Espa\u00f1a\" href=\"https:\/\/es.wikipedia.org\/wiki\/Espa%C3%B1a\">Espa\u00f1a<\/a>, los <a class=\"mw-redirect\" title=\"Carlistas\" href=\"https:\/\/es.wikipedia.org\/wiki\/Carlistas\">carlistas<\/a>, mandados por <a title=\"Ram\u00f3n Cabrera\" href=\"https:\/\/es.wikipedia.org\/wiki\/Ram%C3%B3n_Cabrera\">Ram\u00f3n Cabrera<\/a>, ocupan la plaza fuerte de <a title=\"Morella\" href=\"https:\/\/es.wikipedia.org\/wiki\/Morella\">Morella<\/a> tras varios meses de <a title=\"Asedio\" href=\"https:\/\/es.wikipedia.org\/wiki\/Asedio\">asedio<\/a>.<\/li>\n<li><a title=\"1841\" href=\"https:\/\/es.wikipedia.org\/wiki\/1841\">1841<\/a>: el <a title=\"Imperio brit\u00e1nico\" href=\"https:\/\/es.wikipedia.org\/wiki\/Imperio_brit%C3%A1nico\">Imperio brit\u00e1nico<\/a> ocupa formalmente <a title=\"Hong Kong\" href=\"https:\/\/es.wikipedia.org\/wiki\/Hong_Kong\">Hong Kong<\/a>, el cual <a class=\"mw-redirect\" title=\"China\" href=\"https:\/\/es.wikipedia.org\/wiki\/China\">China<\/a> m\u00e1s tarde ceder\u00e1 formalmente.<\/li>\n<li><a title=\"1871\" href=\"https:\/\/es.wikipedia.org\/wiki\/1871\">1871<\/a>: en <a title=\"Inglaterra\" href=\"https:\/\/es.wikipedia.org\/wiki\/Inglaterra\">Inglaterra<\/a> se constituye la <a title=\"Rugby Football Union\" href=\"https:\/\/es.wikipedia.org\/wiki\/Rugby_Football_Union\">Rugby Football Union<\/a>, la primera asociaci\u00f3n de <a title=\"Club\" href=\"https:\/\/es.wikipedia.org\/wiki\/Club\">clubes<\/a> de <a title=\"Rugby\" href=\"https:\/\/es.wikipedia.org\/wiki\/Rugby\">rugby<\/a>.<\/li>\n<li><a title=\"1885\" href=\"https:\/\/es.wikipedia.org\/wiki\/1885\">1885<\/a>: tropas leales al <a title=\"Mahdi\" href=\"https:\/\/es.wikipedia.org\/wiki\/Mahdi\">mahdi<\/a> <a title=\"Muhammad Ahmad\" href=\"https:\/\/es.wikipedia.org\/wiki\/Muhammad_Ahmad\">Muhammad Ahmad<\/a> conquistan <a class=\"mw-redirect\" title=\"Khart\u00fam\" href=\"https:\/\/es.wikipedia.org\/wiki\/Khart%C3%BAm\">Jartum<\/a>.<\/li>\n<li><a title=\"1898\" href=\"https:\/\/es.wikipedia.org\/wiki\/1898\">1898<\/a>: en el marco de la <a title=\"Guerra hispano-estadounidense\" href=\"https:\/\/es.wikipedia.org\/wiki\/Guerra_hispano-estadounidense\">Guerra hispano-estadounidense<\/a>, entra en <a title=\"La Habana\" href=\"https:\/\/es.wikipedia.org\/wiki\/La_Habana\">La Habana<\/a> el acorazado estadounidense <i><a title=\"USS Maine (ACR-1)\" href=\"https:\/\/es.wikipedia.org\/wiki\/USS_Maine_(ACR-1)\">Maine<\/a><\/i>, cuyo hundimiento, atribuido a los espa\u00f1oles, sirve de pretexto para que <a title=\"Estados Unidos\" href=\"https:\/\/es.wikipedia.org\/wiki\/Estados_Unidos\">Estados Unidos<\/a> declarara la guerra a <a title=\"Espa\u00f1a\" href=\"https:\/\/es.wikipedia.org\/wiki\/Espa%C3%B1a\">Espa\u00f1a<\/a>.<\/li>\n<li><a title=\"1905\" href=\"https:\/\/es.wikipedia.org\/wiki\/1905\">1905<\/a>: en la mina Premier, cerca de <a title=\"Pretoria\" href=\"https:\/\/es.wikipedia.org\/wiki\/Pretoria\">Pretoria<\/a> (<a title=\"Sud\u00e1frica\" href=\"https:\/\/es.wikipedia.org\/wiki\/Sud%C3%A1frica\">Sud\u00e1frica<\/a>) se encuentra el <a class=\"mw-redirect\" title=\"Diamante Cullinan\" href=\"https:\/\/es.wikipedia.org\/wiki\/Diamante_Cullinan\">diamante Cullinan<\/a>.<\/li>\n<li><a title=\"1907\" href=\"https:\/\/es.wikipedia.org\/wiki\/1907\">1907<\/a>: el rifle Lee-Enfield Mk III se introduce oficialmente en el Servicio Militar Brit\u00e1nico, y es el rifle militar m\u00e1s antiguo todav\u00eda en uso oficial.<\/li>\n<li><a title=\"1910\" href=\"https:\/\/es.wikipedia.org\/wiki\/1910\">1910<\/a>: en <a title=\"Francia\" href=\"https:\/\/es.wikipedia.org\/wiki\/Francia\">Francia<\/a>, fuertes tormentas causan inundaciones catastr\u00f3ficas en <a title=\"Par\u00eds\" href=\"https:\/\/es.wikipedia.org\/wiki\/Par%C3%ADs\">Par\u00eds<\/a> y en todo el norte del pa\u00eds.<\/li>\n<li><a title=\"1911\" href=\"https:\/\/es.wikipedia.org\/wiki\/1911\">1911<\/a>: en Estados Unidos, <a class=\"new\" title=\"Glenn H. Curtiss (a\u00fan no redactado)\" href=\"https:\/\/es.wikipedia.org\/w\/index.php?title=Glenn_H._Curtiss&amp;action=edit&amp;redlink=1\">Glenn H. Curtiss<\/a> vuela el primer hidroavi\u00f3n estadounidense exitoso.<\/li>\n<li>1911: en <a title=\"Dresde\" href=\"https:\/\/es.wikipedia.org\/wiki\/Dresde\">Dresde<\/a> (<a title=\"Alemania\" href=\"https:\/\/es.wikipedia.org\/wiki\/Alemania\">Alemania<\/a>) se estrena la \u00f3pera <i><a title=\"El caballero de la rosa\" href=\"https:\/\/es.wikipedia.org\/wiki\/El_caballero_de_la_rosa\">El caballero de la rosa<\/a><\/i>, de <a title=\"Richard Strauss\" href=\"https:\/\/es.wikipedia.org\/wiki\/Richard_Strauss\">Richard Strauss<\/a>.<\/li>\n<li><a title=\"1915\" href=\"https:\/\/es.wikipedia.org\/wiki\/1915\">1915<\/a>: en <a title=\"M\u00e9xico\" href=\"https:\/\/es.wikipedia.org\/wiki\/M%C3%A9xico\">M\u00e9xico<\/a>, entran en la capital las fuerzas de <a title=\"Venustiano Carranza\" href=\"https:\/\/es.wikipedia.org\/wiki\/Venustiano_Carranza\">Venustiano Carranza<\/a>, mientras <a title=\"\u00c1lvaro Obreg\u00f3n\" href=\"https:\/\/es.wikipedia.org\/wiki\/%C3%81lvaro_Obreg%C3%B3n\">\u00c1lvaro Obreg\u00f3n<\/a> publica un <a title=\"Decreto\" href=\"https:\/\/es.wikipedia.org\/wiki\/Decreto\">decreto<\/a> anulando el <a title=\"Papel moneda\" href=\"https:\/\/es.wikipedia.org\/wiki\/Papel_moneda\">papel moneda<\/a> emitido durante el gobierno de <a class=\"mw-redirect\" title=\"Francisco Villa\" href=\"https:\/\/es.wikipedia.org\/wiki\/Francisco_Villa\">Francisco Villa<\/a>.<\/li>\n<li><a title=\"1918\" href=\"https:\/\/es.wikipedia.org\/wiki\/1918\">1918<\/a>: el general <a title=\"Finlandia\" href=\"https:\/\/es.wikipedia.org\/wiki\/Finlandia\">finland\u00e9s<\/a> <a class=\"mw-redirect\" title=\"Carl Gustaf Mannerheim\" href=\"https:\/\/es.wikipedia.org\/wiki\/Carl_Gustaf_Mannerheim\">Carl Gustaf Mannerheim<\/a> comienza la guerra de liberaci\u00f3n de su pa\u00eds contra los ocupantes <a title=\"Rusia\" href=\"https:\/\/es.wikipedia.org\/wiki\/Rusia\">rusos<\/a>.<\/li>\n<li><a title=\"1920\" href=\"https:\/\/es.wikipedia.org\/wiki\/1920\">1920<\/a>: en Estados Unidos, Henry Leland (exejecutivo de la empresa <a title=\"Ford Motor Company\" href=\"https:\/\/es.wikipedia.org\/wiki\/Ford_Motor_Company\">Ford Motor Company<\/a>) crea la empresa <a title=\"Lincoln (autom\u00f3vil)\" href=\"https:\/\/es.wikipedia.org\/wiki\/Lincoln_(autom%C3%B3vil)\">Lincoln Motor Company<\/a>, que m\u00e1s tarde vender\u00e1 a su antiguo patr\u00f3n.<\/li>\n<li><a title=\"1924\" href=\"https:\/\/es.wikipedia.org\/wiki\/1924\">1924<\/a>: en <a title=\"Rusia\" href=\"https:\/\/es.wikipedia.org\/wiki\/Rusia\">Rusia<\/a>, la ciudad de <a class=\"mw-redirect\" title=\"Petrogrado\" href=\"https:\/\/es.wikipedia.org\/wiki\/Petrogrado\">Petrogrado<\/a> (actual San Petersburgo) es rebautizada como <a class=\"mw-redirect\" title=\"Leningrado\" href=\"https:\/\/es.wikipedia.org\/wiki\/Leningrado\">Leningrado<\/a>.<\/li>\n<li><a title=\"1926\" href=\"https:\/\/es.wikipedia.org\/wiki\/1926\">1926<\/a>: en Estados Unidos, <a title=\"John Logie Baird\" href=\"https:\/\/es.wikipedia.org\/wiki\/John_Logie_Baird\">John Logie Baird<\/a> presenta en p\u00fablico su prototipo de <a title=\"Televisor\" href=\"https:\/\/es.wikipedia.org\/wiki\/Televisor\">televisor<\/a> basado en el <a title=\"Disco de Nipkow\" href=\"https:\/\/es.wikipedia.org\/wiki\/Disco_de_Nipkow\">disco de Nipkow<\/a>.<\/li>\n<li><a title=\"1930\" href=\"https:\/\/es.wikipedia.org\/wiki\/1930\">1930<\/a>: en la <a title=\"India\" href=\"https:\/\/es.wikipedia.org\/wiki\/India\">India<\/a>, el <a title=\"Congreso Nacional Indio\" href=\"https:\/\/es.wikipedia.org\/wiki\/Congreso_Nacional_Indio\">Congreso Nacional Indio<\/a> \u2014ilegalmente\u2014 declara este d\u00eda como <i>P\u016brna Swarash<\/i> (completa independencia).<\/li>\n<li><a title=\"1934\" href=\"https:\/\/es.wikipedia.org\/wiki\/1934\">1934<\/a>: <a title=\"Europa\" href=\"https:\/\/es.wikipedia.org\/wiki\/Europa\">Europa<\/a>, <a title=\"Alemania\" href=\"https:\/\/es.wikipedia.org\/wiki\/Alemania\">Alemania<\/a> y <a title=\"Polonia\" href=\"https:\/\/es.wikipedia.org\/wiki\/Polonia\">Polonia<\/a> firman un tratado de no agresi\u00f3n con 10 a\u00f1os de vigencia.<\/li>\n<li>1934: en <a title=\"Harlem\" href=\"https:\/\/es.wikipedia.org\/wiki\/Harlem\">Harlem<\/a> (Nueva York) se reabre el <a title=\"Teatro Apollo\" href=\"https:\/\/es.wikipedia.org\/wiki\/Teatro_Apollo\">teatro Apollo<\/a>.<\/li>\n<li><a title=\"1939\" href=\"https:\/\/es.wikipedia.org\/wiki\/1939\">1939<\/a>: en <a title=\"Barcelona\" href=\"https:\/\/es.wikipedia.org\/wiki\/Barcelona\">Barcelona<\/a> (Espa\u00f1a) entran las tropas de <a title=\"Francisco Franco\" href=\"https:\/\/es.wikipedia.org\/wiki\/Francisco_Franco\">Franco<\/a>, ayudadas por tropas <a class=\"mw-redirect\" title=\"Fascistas\" href=\"https:\/\/es.wikipedia.org\/wiki\/Fascistas\">fascistas<\/a> italianas.<\/li>\n<li><a title=\"1942\" href=\"https:\/\/es.wikipedia.org\/wiki\/1942\">1942<\/a>: en el marco de la <a title=\"Segunda Guerra Mundial\" href=\"https:\/\/es.wikipedia.org\/wiki\/Segunda_Guerra_Mundial\">Segunda Guerra Mundial<\/a>, en <a title=\"Irlanda del Norte\" href=\"https:\/\/es.wikipedia.org\/wiki\/Irlanda_del_Norte\">Irlanda del Norte<\/a> desembarcan las primeras tropas estadounidenses que llegan a Europa.<\/li>\n<li><a title=\"1945\" href=\"https:\/\/es.wikipedia.org\/wiki\/1945\">1945<\/a>: en <a title=\"Argentina\" href=\"https:\/\/es.wikipedia.org\/wiki\/Argentina\">Argentina<\/a>, <a title=\"Juan Domingo Per\u00f3n\" href=\"https:\/\/es.wikipedia.org\/wiki\/Juan_Domingo_Per%C3%B3n\">Juan Domingo Per\u00f3n<\/a> (secretario de Trabajo y Previsi\u00f3n, y m\u00e1s tarde presidente de la Rep\u00fablica) decreta la obligatoriedad de las vacaciones pagas para todos los trabajadores argentinos.<sup id=\"cite_ref-1\" class=\"reference\"><a href=\"https:\/\/es.wikipedia.org\/wiki\/26_de_enero#cite_note-1\">1<\/a><\/sup><\/li>\n<li>1945: en <a title=\"M\u00e9xico\" href=\"https:\/\/es.wikipedia.org\/wiki\/M%C3%A9xico\">M\u00e9xico<\/a>, la XXXVII Legislatura del <a class=\"mw-redirect\" title=\"Estado de Sonora\" href=\"https:\/\/es.wikipedia.org\/wiki\/Estado_de_Sonora\">estado de Sonora<\/a> declara a <a title=\"Heriberto Aja\" href=\"https:\/\/es.wikipedia.org\/wiki\/Heriberto_Aja\">Heriberto Aja<\/a> como \u00abeducador ilustre\u00bb como est\u00edmulo a sus eminentes servicios prestados como docente.<\/li>\n<li><a title=\"1947\" href=\"https:\/\/es.wikipedia.org\/wiki\/1947\">1947<\/a>: en <a title=\"Chile\" href=\"https:\/\/es.wikipedia.org\/wiki\/Chile\">Chile<\/a> se inaugura la <a title=\"Fundici\u00f3n\" href=\"https:\/\/es.wikipedia.org\/wiki\/Fundici%C3%B3n\">fundici\u00f3n<\/a> de <a title=\"Cobre\" href=\"https:\/\/es.wikipedia.org\/wiki\/Cobre\">cobre<\/a> <a title=\"Fundici\u00f3n Hern\u00e1n Videla Lira\" href=\"https:\/\/es.wikipedia.org\/wiki\/Fundici%C3%B3n_Hern%C3%A1n_Videla_Lira\">Paipote<\/a>.<\/li>\n<li><a title=\"1950\" href=\"https:\/\/es.wikipedia.org\/wiki\/1950\">1950<\/a>: en <a title=\"India\" href=\"https:\/\/es.wikipedia.org\/wiki\/India\">India<\/a> comienza a regir la Constituci\u00f3n, formando una rep\u00fablica. <a title=\"Rajendra Prasad\" href=\"https:\/\/es.wikipedia.org\/wiki\/Rajendra_Prasad\">Rajendra Prasad<\/a> jura como primer presidente. Se declara el D\u00eda de la Rep\u00fablica.<\/li>\n<li><a title=\"1952\" href=\"https:\/\/es.wikipedia.org\/wiki\/1952\">1952<\/a>: en <a title=\"Egipto\" href=\"https:\/\/es.wikipedia.org\/wiki\/Egipto\">Egipto<\/a> sucede el S\u00e1bado Negro: manifestantes incendian el barrio central de negocios de la ciudad, tomando como blanco los negocios egipcios de clase alta y brit\u00e1nicos.<\/li>\n<li><a title=\"1957\" href=\"https:\/\/es.wikipedia.org\/wiki\/1957\">1957<\/a>: en el <a title=\"Teatro de La Scala\" href=\"https:\/\/es.wikipedia.org\/wiki\/Teatro_de_La_Scala\">Teatro de La Scala<\/a>, en <a title=\"Mil\u00e1n\" href=\"https:\/\/es.wikipedia.org\/wiki\/Mil%C3%A1n\">Mil\u00e1n<\/a> (<a title=\"Italia\" href=\"https:\/\/es.wikipedia.org\/wiki\/Italia\">Italia<\/a>), se estrena la \u00f3pera <i><a title=\"Di\u00e1logos de carmelitas (\u00f3pera)\" href=\"https:\/\/es.wikipedia.org\/wiki\/Di%C3%A1logos_de_carmelitas_(%C3%B3pera)\">Di\u00e1logos de Carmelitas<\/a><\/i> de <a title=\"Francis Poulenc\" href=\"https:\/\/es.wikipedia.org\/wiki\/Francis_Poulenc\">Francis Poulenc<\/a>.<\/li>\n<li><a title=\"1958\" href=\"https:\/\/es.wikipedia.org\/wiki\/1958\">1958<\/a>: en el sur de la isla <a class=\"mw-redirect\" title=\"Awaji\" href=\"https:\/\/es.wikipedia.org\/wiki\/Awaji\">Awaji<\/a> (en <a title=\"Jap\u00f3n\" href=\"https:\/\/es.wikipedia.org\/wiki\/Jap%C3%B3n\">Jap\u00f3n<\/a>) se hunde el ferry <i>Nankai Maru<\/i>. Mueren 167 personas.<\/li>\n<li><a title=\"1960\" href=\"https:\/\/es.wikipedia.org\/wiki\/1960\">1960<\/a>: en <a title=\"Espa\u00f1a\" href=\"https:\/\/es.wikipedia.org\/wiki\/Espa%C3%B1a\">Espa\u00f1a<\/a> se constituye la Constituci\u00f3n de la <a title=\"Voleibol en Espa\u00f1a\" href=\"https:\/\/es.wikipedia.org\/wiki\/Voleibol_en_Espa%C3%B1a\">Federaci\u00f3n Espa\u00f1ola de Balonvolea\/Voleibol (RFEVB)<\/a>.<\/li>\n<li><a title=\"1961\" href=\"https:\/\/es.wikipedia.org\/wiki\/1961\">1961<\/a>: en Estados Unidos, <a title=\"John F. Kennedy\" href=\"https:\/\/es.wikipedia.org\/wiki\/John_F._Kennedy\">John F. Kennedy<\/a> nombra a <a class=\"new\" title=\"Janet G. Travell (a\u00fan no redactado)\" href=\"https:\/\/es.wikipedia.org\/w\/index.php?title=Janet_G._Travell&amp;action=edit&amp;redlink=1\">Janet G. Travell<\/a> como su doctora. Es la primera vez que una mujer ocupa este puesto.<\/li>\n<li><a title=\"1962\" href=\"https:\/\/es.wikipedia.org\/wiki\/1962\">1962<\/a>: en Estados Unidos, la nave <a class=\"mw-redirect\" title=\"Ranger 3\" href=\"https:\/\/es.wikipedia.org\/wiki\/Ranger_3\">Ranger 3<\/a> despega para caer en la Luna. Pero la <a title=\"Sonda espacial\" href=\"https:\/\/es.wikipedia.org\/wiki\/Sonda_espacial\">sonda espacial<\/a> le erra a su blanco por 35\u00a0400\u00a0km.<\/li>\n<li><a title=\"1965\" href=\"https:\/\/es.wikipedia.org\/wiki\/1965\">1965<\/a>: en India, el <a class=\"mw-redirect\" title=\"Idioma hindi\" href=\"https:\/\/es.wikipedia.org\/wiki\/Idioma_hindi\">idioma hindi<\/a> se convierte en el idioma oficial del pa\u00eds.<\/li>\n<li><a title=\"1966\" href=\"https:\/\/es.wikipedia.org\/wiki\/1966\">1966<\/a>: en la playa Glenelg, cerca de <a class=\"mw-redirect\" title=\"Adelaida (Australia Meridional)\" href=\"https:\/\/es.wikipedia.org\/wiki\/Adelaida_(Australia_Meridional)\">Adelaida (Australia Meridional)<\/a> son secuestrados tres ni\u00f1os hermanos: Jane (9), Arnna (7) y Grant Beaumont (4), conocidos colectivamente como los \u00abNi\u00f1os Beaumont\u00bb. Nunca fueron recuperados.<\/li>\n<li><a title=\"1972\" href=\"https:\/\/es.wikipedia.org\/wiki\/1972\">1972<\/a>: en <a title=\"Checoslovaquia\" href=\"https:\/\/es.wikipedia.org\/wiki\/Checoslovaquia\">Checoslovaquia<\/a> (actual Rep\u00fablica Checa), una bomba de la banda terrorista pronazi <a title=\"Ustacha\" href=\"https:\/\/es.wikipedia.org\/wiki\/Ustacha\">Ustach\u00e1<\/a> destruye en vuelo un avi\u00f3n de la compa\u00f1\u00eda <a class=\"mw-redirect\" title=\"JAT Airways\" href=\"https:\/\/es.wikipedia.org\/wiki\/JAT_Airways\">JAT Airways<\/a>. La azafata <a title=\"Vesna Vulovi\u0107\" href=\"https:\/\/es.wikipedia.org\/wiki\/Vesna_Vulovi%C4%87\">Vesna Vulovich<\/a> (22) sobrevive a la ca\u00edda de 10\u00a0000\u00a0metros.<\/li>\n<li><a title=\"1973\" href=\"https:\/\/es.wikipedia.org\/wiki\/1973\">1973<\/a>: en <a title=\"Espa\u00f1a\" href=\"https:\/\/es.wikipedia.org\/wiki\/Espa%C3%B1a\">Espa\u00f1a<\/a>, el <a title=\"Empresario\" href=\"https:\/\/es.wikipedia.org\/wiki\/Empresario\">empresario<\/a> Felipe Huarte, secuestrado por la banda terrorista <a title=\"Euskadi Ta Askatasuna\" href=\"https:\/\/es.wikipedia.org\/wiki\/Euskadi_Ta_Askatasuna\">ETA<\/a> el pasado d\u00eda <a title=\"16 de enero\" href=\"https:\/\/es.wikipedia.org\/wiki\/16_de_enero\">16<\/a>, es puesto en libertad.<\/li>\n<li><a title=\"1978\" href=\"https:\/\/es.wikipedia.org\/wiki\/1978\">1978<\/a>: en la zona de <a title=\"Ohio\" href=\"https:\/\/es.wikipedia.org\/wiki\/Ohio\">Ohio<\/a> y <a title=\"Regi\u00f3n de los Grandes Lagos\" href=\"https:\/\/es.wikipedia.org\/wiki\/Regi%C3%B3n_de_los_Grandes_Lagos\">Grandes Lagos<\/a> sucede la Gran Tormenta de 1978, una fort\u00edsima tormenta de nieve con la presi\u00f3n atmosf\u00e9rica no tropical m\u00e1s baja registrada en Estados Unidos, con nieve y vientos de m\u00e1s de 161\u00a0km\/h.<\/li>\n<li>1978: inauguraci\u00f3n de <a title=\"Fantasilandia\" href=\"https:\/\/es.wikipedia.org\/wiki\/Fantasilandia\">Fantasilandia<\/a>.<\/li>\n<li><a title=\"1979\" href=\"https:\/\/es.wikipedia.org\/wiki\/1979\">1979<\/a>: se <a title=\"Hermanamiento de ciudades\" href=\"https:\/\/es.wikipedia.org\/wiki\/Hermanamiento_de_ciudades\">hermanan<\/a> las ciudades de <a title=\"Oviedo\" href=\"https:\/\/es.wikipedia.org\/wiki\/Oviedo\">Oviedo<\/a> (<a title=\"Espa\u00f1a\" href=\"https:\/\/es.wikipedia.org\/wiki\/Espa%C3%B1a\">Espa\u00f1a<\/a>) y <a title=\"Valpara\u00edso\" href=\"https:\/\/es.wikipedia.org\/wiki\/Valpara%C3%ADso\">Valpara\u00edso<\/a> (<a title=\"Chile\" href=\"https:\/\/es.wikipedia.org\/wiki\/Chile\">Chile<\/a>).<\/li>\n<li><a title=\"1979\" href=\"https:\/\/es.wikipedia.org\/wiki\/1979\">1979<\/a>: en <a title=\"Espa\u00f1a\" href=\"https:\/\/es.wikipedia.org\/wiki\/Espa%C3%B1a\">Espa\u00f1a<\/a>, el Gobierno autoriza a diez <a title=\"Banco\" href=\"https:\/\/es.wikipedia.org\/wiki\/Banco\">bancos<\/a> extranjeros a establecer sucursales en Madrid.<\/li>\n<li>1979: la polic\u00eda espa\u00f1ola abate a tiros a <a title=\"Mart\u00ed Marc\u00f3\" href=\"https:\/\/es.wikipedia.org\/wiki\/Mart%C3%AD_Marc%C3%B3\">Mart\u00ed Marc\u00f3<\/a> (militante de <a title=\"Terra Lliure\" href=\"https:\/\/es.wikipedia.org\/wiki\/Terra_Lliure\">Terra Lliure<\/a>) tras saltarse este un control de carreteras.<\/li>\n<li><a title=\"1980\" href=\"https:\/\/es.wikipedia.org\/wiki\/1980\">1980<\/a>: <a title=\"Israel\" href=\"https:\/\/es.wikipedia.org\/wiki\/Israel\">Israel<\/a> y <a title=\"Egipto\" href=\"https:\/\/es.wikipedia.org\/wiki\/Egipto\">Egipto<\/a> establecen <a title=\"Diplomacia\" href=\"https:\/\/es.wikipedia.org\/wiki\/Diplomacia\">relaciones diplom\u00e1ticas<\/a>.<\/li>\n<li><a title=\"1983\" href=\"https:\/\/es.wikipedia.org\/wiki\/1983\">1983<\/a>: en el <a title=\"Departamento de Ayacucho\" href=\"https:\/\/es.wikipedia.org\/wiki\/Departamento_de_Ayacucho\">departamento de Ayacucho<\/a> (centro de <a title=\"Per\u00fa\" href=\"https:\/\/es.wikipedia.org\/wiki\/Per%C3%BA\">Per\u00fa<\/a>), los pobladores de la aldea de <a class=\"new\" title=\"Masacre de Uchuraccay (a\u00fan no redactado)\" href=\"https:\/\/es.wikipedia.org\/w\/index.php?title=Masacre_de_Uchuraccay&amp;action=edit&amp;redlink=1\">Uchuracay<\/a> matan a machetazos a ocho periodistas, crey\u00e9ndolos <a title=\"Sendero Luminoso\" href=\"https:\/\/es.wikipedia.org\/wiki\/Sendero_Luminoso\">senderistas<\/a>; el a\u00f1o anterior, Sendero Luminoso hab\u00eda matado a 135\u00a0hombres, mujeres y ni\u00f1os.<\/li>\n<li><a title=\"1985\" href=\"https:\/\/es.wikipedia.org\/wiki\/1985\">1985<\/a>: en <a title=\"Argentina\" href=\"https:\/\/es.wikipedia.org\/wiki\/Argentina\">Argentina<\/a>, un <a title=\"Terremoto de Mendoza de 1985\" href=\"https:\/\/es.wikipedia.org\/wiki\/Terremoto_de_Mendoza_de_1985\">terremoto<\/a> de magnitud 6,3 en la <a title=\"Escala sismol\u00f3gica de Richter\" href=\"https:\/\/es.wikipedia.org\/wiki\/Escala_sismol%C3%B3gica_de_Richter\">escala de Richter<\/a> afecta a la <a title=\"Provincia de Mendoza\" href=\"https:\/\/es.wikipedia.org\/wiki\/Provincia_de_Mendoza\">provincia de Mendoza<\/a>. Mueren 6 personas y 238 personas resultan heridas.<\/li>\n<li><a title=\"1987\" href=\"https:\/\/es.wikipedia.org\/wiki\/1987\">1987<\/a>: en <a title=\"Espa\u00f1a\" href=\"https:\/\/es.wikipedia.org\/wiki\/Espa%C3%B1a\">Espa\u00f1a<\/a>, los reyes <a title=\"Juan Carlos I de Espa\u00f1a\" href=\"https:\/\/es.wikipedia.org\/wiki\/Juan_Carlos_I_de_Espa%C3%B1a\">Juan Carlos I<\/a> y <a title=\"Sof\u00eda de Grecia\" href=\"https:\/\/es.wikipedia.org\/wiki\/Sof%C3%ADa_de_Grecia\">Sof\u00eda<\/a> colocan la primera piedra de la <a class=\"mw-redirect\" title=\"Exposici\u00f3n Universal de Sevilla de 1992\" href=\"https:\/\/es.wikipedia.org\/wiki\/Exposici%C3%B3n_Universal_de_Sevilla_de_1992\">Exposici\u00f3n Universal de Sevilla de 1992<\/a>, en el recinto de la <a title=\"Isla de la Cartuja\" href=\"https:\/\/es.wikipedia.org\/wiki\/Isla_de_la_Cartuja\">Isla de la Cartuja<\/a>.<\/li>\n<li><a title=\"1988\" href=\"https:\/\/es.wikipedia.org\/wiki\/1988\">1988<\/a>: en el Majestic Theatre de <a title=\"Nueva York\" href=\"https:\/\/es.wikipedia.org\/wiki\/Nueva_York\">Nueva York<\/a>, se estrena el <a title=\"Musical\" href=\"https:\/\/es.wikipedia.org\/wiki\/Musical\">musical<\/a> <i><a class=\"mw-redirect\" title=\"The Phantom of the Opera (musical de 1986)\" href=\"https:\/\/es.wikipedia.org\/wiki\/The_Phantom_of_the_Opera_(musical_de_1986)\">The Phantom of the Opera<\/a><\/i> (de <a title=\"Andrew Lloyd Webber\" href=\"https:\/\/es.wikipedia.org\/wiki\/Andrew_Lloyd_Webber\">Andrew Lloyd Webber<\/a>).<\/li>\n<li><a title=\"1991\" href=\"https:\/\/es.wikipedia.org\/wiki\/1991\">1991<\/a>: en <a title=\"Somalia\" href=\"https:\/\/es.wikipedia.org\/wiki\/Somalia\">Somalia<\/a>, <a class=\"mw-redirect\" title=\"Siad Barre\" href=\"https:\/\/es.wikipedia.org\/wiki\/Siad_Barre\">Mohamed Siad Barre<\/a> es removido del poder, lo que termina con el Gobierno centralizado. Es sucedido por <a class=\"mw-redirect\" title=\"Ali Mahdi Muhammad\" href=\"https:\/\/es.wikipedia.org\/wiki\/Ali_Mahdi_Muhammad\">Ali Mahdi<\/a>.<\/li>\n<li><a title=\"1992\" href=\"https:\/\/es.wikipedia.org\/wiki\/1992\">1992<\/a>: en <a title=\"Rusia\" href=\"https:\/\/es.wikipedia.org\/wiki\/Rusia\">Rusia<\/a>, <a class=\"mw-redirect\" title=\"Boris Yeltsin\" href=\"https:\/\/es.wikipedia.org\/wiki\/Boris_Yeltsin\">Boris Yeltsin<\/a> anuncia que su pa\u00eds ya no tendr\u00e1 ciudades estadounidenses como blancos de sus armas at\u00f3micas.<\/li>\n<li><a title=\"1993\" href=\"https:\/\/es.wikipedia.org\/wiki\/1993\">1993<\/a>: el expresidente de <a title=\"Checoslovaquia\" href=\"https:\/\/es.wikipedia.org\/wiki\/Checoslovaquia\">Checoslovaquia<\/a>, <a title=\"V\u00e1clav Havel\" href=\"https:\/\/es.wikipedia.org\/wiki\/V%C3%A1clav_Havel\">V\u00e1clav Havel<\/a>, es elegido primer presidente de la <a title=\"Rep\u00fablica Checa\" href=\"https:\/\/es.wikipedia.org\/wiki\/Rep%C3%BAblica_Checa\">Rep\u00fablica Checa<\/a>.<\/li>\n<li><a title=\"1998\" href=\"https:\/\/es.wikipedia.org\/wiki\/1998\">1998<\/a>: las compa\u00f1\u00edas <a title=\"Compaq\" href=\"https:\/\/es.wikipedia.org\/wiki\/Compaq\">Compaq<\/a> y <a title=\"Digital Equipment Corporation\" href=\"https:\/\/es.wikipedia.org\/wiki\/Digital_Equipment_Corporation\">DEC<\/a> anuncian su fusi\u00f3n a trav\u00e9s de la mayor compra empresarial realizada en el negocio de la inform\u00e1tica.<\/li>\n<li>1998: en el marco del <a title=\"Esc\u00e1ndalo Lewinsky\" href=\"https:\/\/es.wikipedia.org\/wiki\/Esc%C3%A1ndalo_Lewinsky\">esc\u00e1ndalo Lewinsky<\/a>, el presidente estadounidense <a title=\"Bill Clinton\" href=\"https:\/\/es.wikipedia.org\/wiki\/Bill_Clinton\">Bill Clinton<\/a> ante la televisi\u00f3n nacional niega haber tenido relaciones sexuales con <a title=\"Monica Lewinsky\" href=\"https:\/\/es.wikipedia.org\/wiki\/Monica_Lewinsky\">Monica Lewinsky<\/a>, ex<a title=\"Pasant\u00eda\" href=\"https:\/\/es.wikipedia.org\/wiki\/Pasant%C3%ADa\">pasante<\/a> de la <a title=\"Casa Blanca\" href=\"https:\/\/es.wikipedia.org\/wiki\/Casa_Blanca\">Casa Blanca<\/a>.<\/li>\n<li><a title=\"2001\" href=\"https:\/\/es.wikipedia.org\/wiki\/2001\">2001<\/a>: en <a title=\"Espa\u00f1a\" href=\"https:\/\/es.wikipedia.org\/wiki\/Espa%C3%B1a\">Espa\u00f1a<\/a>, la banda terrorista <a class=\"mw-redirect\" title=\"Euskadi ta askatasuna\" href=\"https:\/\/es.wikipedia.org\/wiki\/Euskadi_ta_askatasuna\">ETA<\/a> asesina a Ram\u00f3n D\u00edaz Garc\u00eda, un cocinero de 51\u00a0a\u00f1os empleado en la Comandancia de Marina de <a title=\"San Sebasti\u00e1n\" href=\"https:\/\/es.wikipedia.org\/wiki\/San_Sebasti%C3%A1n\">San Sebasti\u00e1n<\/a>.<\/li>\n<li>2001: en <a title=\"India\" href=\"https:\/\/es.wikipedia.org\/wiki\/India\">India<\/a>, un <a title=\"Terremoto\" href=\"https:\/\/es.wikipedia.org\/wiki\/Terremoto\">terremoto<\/a> de magnitud 7,9 en la <a title=\"Escala sismol\u00f3gica de Richter\" href=\"https:\/\/es.wikipedia.org\/wiki\/Escala_sismol%C3%B3gica_de_Richter\">escala de Richter<\/a> afecta al estado de <a title=\"Guyarat\" href=\"https:\/\/es.wikipedia.org\/wiki\/Guyarat\">Guyarat<\/a>. Mueren 20\u00a0000\u00a0personas y 200\u00a0000 resultan heridas.<\/li>\n<li><a title=\"2004\" href=\"https:\/\/es.wikipedia.org\/wiki\/2004\">2004<\/a>: en <a title=\"Afganist\u00e1n\" href=\"https:\/\/es.wikipedia.org\/wiki\/Afganist%C3%A1n\">Afganist\u00e1n<\/a>, el presidente <a title=\"Hamid Karzai\" href=\"https:\/\/es.wikipedia.org\/wiki\/Hamid_Karzai\">Hamid Karzai<\/a> firma la nueva constituci\u00f3n de su pa\u00eds.<\/li>\n<li>2004: en la ciudad de <a title=\"Tainan\" href=\"https:\/\/es.wikipedia.org\/wiki\/Tainan\">Tainan<\/a> (la cuarta ciudad de <a class=\"mw-redirect\" title=\"Taiw\u00e1n\" href=\"https:\/\/es.wikipedia.org\/wiki\/Taiw%C3%A1n\">Taiw\u00e1n<\/a>, con 770\u00a0000\u00a0hab.) sucede una <a class=\"mw-redirect\" title=\"Explosi\u00f3n de ballena\" href=\"https:\/\/es.wikipedia.org\/wiki\/Explosi%C3%B3n_de_ballena\">explosi\u00f3n de ballena<\/a>: el gas generado por la descomposici\u00f3n del <a title=\"Espermaceti\" href=\"https:\/\/es.wikipedia.org\/wiki\/Espermaceti\">espermaceti<\/a> (una especie de cera parecida al <a class=\"mw-redirect\" title=\"Aceite de jojoba\" href=\"https:\/\/es.wikipedia.org\/wiki\/Aceite_de_jojoba\">aceite de jojoba<\/a>) de un <a class=\"mw-redirect\" title=\"Cachalote\" href=\"https:\/\/es.wikipedia.org\/wiki\/Cachalote\">cachalote<\/a> muerto que estaba siendo trasladado para realizarle una autopsia.<\/li>\n<li><a title=\"2005\" href=\"https:\/\/es.wikipedia.org\/wiki\/2005\">2005<\/a>: en <a title=\"Glendale (California)\" href=\"https:\/\/es.wikipedia.org\/wiki\/Glendale_(California)\">Glendale (California)<\/a>, cerca de <a class=\"mw-redirect\" title=\"Los \u00c1ngeles (California)\" href=\"https:\/\/es.wikipedia.org\/wiki\/Los_%C3%81ngeles_(California)\">Los \u00c1ngeles (California)<\/a> descarrilan dos trenes. Mueren 11\u00a0personas y 200 resultan heridas.<\/li>\n<li>2005: <a title=\"Catalina Sandino\" href=\"https:\/\/es.wikipedia.org\/wiki\/Catalina_Sandino\">Catalina Sandino<\/a> se convierte en la primera <a title=\"Colombia\" href=\"https:\/\/es.wikipedia.org\/wiki\/Colombia\">colombiana<\/a> en ser candidata al <a class=\"mw-redirect\" title=\"Premio \u00d3scar\" href=\"https:\/\/es.wikipedia.org\/wiki\/Premio_%C3%93scar\">premio \u00d3scar<\/a> como mejor actriz.<\/li>\n<li><a title=\"2007\" href=\"https:\/\/es.wikipedia.org\/wiki\/2007\">2007<\/a>: en <a title=\"M\u00e9xico\" href=\"https:\/\/es.wikipedia.org\/wiki\/M%C3%A9xico\">M\u00e9xico<\/a>, el papa <a title=\"Benedicto XVI\" href=\"https:\/\/es.wikipedia.org\/wiki\/Benedicto_XVI\">Benedicto XVI<\/a> erige la <a title=\"Di\u00f3cesis\" href=\"https:\/\/es.wikipedia.org\/wiki\/Di%C3%B3cesis\">di\u00f3cesis<\/a> de <a class=\"mw-redirect\" title=\"Ensenada (M\u00e9xico)\" href=\"https:\/\/es.wikipedia.org\/wiki\/Ensenada_(M%C3%A9xico)\">Ensenada<\/a>, nombrando a <a title=\"Sigifredo Noriega Barcel\u00f3\" href=\"https:\/\/es.wikipedia.org\/wiki\/Sigifredo_Noriega_Barcel%C3%B3\">Sigifredo Noriega Barcel\u00f3<\/a> como primer <a title=\"Obispo\" href=\"https:\/\/es.wikipedia.org\/wiki\/Obispo\">obispo<\/a>.<\/li>\n<li><a title=\"2010\" href=\"https:\/\/es.wikipedia.org\/wiki\/2010\">2010<\/a>: en <a class=\"mw-redirect\" title=\"Santo Domingo (Rep\u00fablica Dominicana)\" href=\"https:\/\/es.wikipedia.org\/wiki\/Santo_Domingo_(Rep%C3%BAblica_Dominicana)\">Santo Domingo<\/a>, la Asamblea Nacional proclama la nueva constituci\u00f3n de la <a title=\"Rep\u00fablica Dominicana\" href=\"https:\/\/es.wikipedia.org\/wiki\/Rep%C3%BAblica_Dominicana\">Rep\u00fablica Dominicana<\/a>.<\/li>\n<li><a title=\"2013\" href=\"https:\/\/es.wikipedia.org\/wiki\/2013\">2013<\/a>: en <a title=\"San Miguel de Tucum\u00e1n\" href=\"https:\/\/es.wikipedia.org\/wiki\/San_Miguel_de_Tucum%C3%A1n\">Tucum\u00e1n<\/a> (Argentina), la pianista <a class=\"mw-redirect\" title=\"Myrtha Raya\" href=\"https:\/\/es.wikipedia.org\/wiki\/Myrtha_Raya\">Myrtha Raia<\/a> (de 84\u00a0a\u00f1os) recibe una golpiza por testificar contra la <a class=\"mw-redirect\" title=\"Dictadura c\u00edvico-militar (1976-1983)\" href=\"https:\/\/es.wikipedia.org\/wiki\/Dictadura_c%C3%ADvico-militar_(1976-1983)\">dictadura c\u00edvico-militar<\/a> (1976-1983). Fallecer\u00e1 <a title=\"29 de enero\" href=\"https:\/\/es.wikipedia.org\/wiki\/29_de_enero\">tres\u00a0d\u00edas<\/a> despu\u00e9s.<\/li>\n<li><a title=\"2015\" href=\"https:\/\/es.wikipedia.org\/wiki\/2015\">2015<\/a>: en Boston (Estados Unidos) comienza el juicio contra Dzhokhar Tsarnaev, quien coperpetr\u00f3 el <a title=\"Atentado de la marat\u00f3n de Boston\" href=\"https:\/\/es.wikipedia.org\/wiki\/Atentado_de_la_marat%C3%B3n_de_Boston\">atentado de la marat\u00f3n de Boston<\/a> en abril de 2013.<sup id=\"cite_ref-2\" class=\"reference\"><a href=\"https:\/\/es.wikipedia.org\/wiki\/26_de_enero#cite_note-2\">2<\/a><\/sup><\/li>\n<li>2015: en <a title=\"Kobane\" href=\"https:\/\/es.wikipedia.org\/wiki\/Kobane\">Kobane<\/a> (<a title=\"Siria\" href=\"https:\/\/es.wikipedia.org\/wiki\/Siria\">Siria<\/a>) las fuerzas de las <a title=\"Unidades de Protecci\u00f3n Popular\" href=\"https:\/\/es.wikipedia.org\/wiki\/Unidades_de_Protecci%C3%B3n_Popular\">Unidades de Protecci\u00f3n Popular<\/a> expulsan a los \u00faltimos terroristas de la banda <a class=\"mw-redirect\" title=\"EI (banda terrorista)\" href=\"https:\/\/es.wikipedia.org\/wiki\/EI_(banda_terrorista)\">Estado Isl\u00e1mico<\/a> en la ciudad.<\/li>\n<li>2015: en <a title=\"Ramadi\" href=\"https:\/\/es.wikipedia.org\/wiki\/Ramadi\">Ramadi<\/a> (Siria), tropas iraqu\u00edes capturan un arsenal de armas a la banda terrorista Estado Isl\u00e1mico; entre ellas encuentran fusiles de fabricaci\u00f3n israel\u00ed.<sup id=\"cite_ref-3\" class=\"reference\"><a href=\"https:\/\/es.wikipedia.org\/wiki\/26_de_enero#cite_note-3\">3<\/a><\/sup><\/li>\n<li>2015: el <a title=\"(357439) 2004 BL86\" href=\"https:\/\/es.wikipedia.org\/wiki\/(357439)_2004_BL86\">asteroide 2004 BL86<\/a> pasa cerca de la <a title=\"Tierra\" href=\"https:\/\/es.wikipedia.org\/wiki\/Tierra\">Tierra<\/a> sin representar peligro alguno.<sup id=\"cite_ref-4\" class=\"reference\"><a href=\"https:\/\/es.wikipedia.org\/wiki\/26_de_enero#cite_note-4\">4<\/a><\/sup><\/li>\n<\/ul>\n<h2 style=\"text-align: justify;\"><span id=\"Nacimientos\" class=\"mw-headline\">Nacimientos<\/span><\/h2>\n<ul style=\"text-align: justify;\">\n<li><a title=\"1497\" href=\"https:\/\/es.wikipedia.org\/wiki\/1497\">1497<\/a>: <a class=\"mw-redirect\" title=\"Emperador Go-Nara\" href=\"https:\/\/es.wikipedia.org\/wiki\/Emperador_Go-Nara\">Go-Nara<\/a>, emperador japon\u00e9s (f. 1557).<\/li>\n<li><a title=\"1695\" href=\"https:\/\/es.wikipedia.org\/wiki\/1695\">1695<\/a>: <a class=\"mw-redirect\" title=\"Jos\u00e9 Quer\" href=\"https:\/\/es.wikipedia.org\/wiki\/Jos%C3%A9_Quer\">Jos\u00e9 Quer<\/a>, m\u00e9dico y bot\u00e1nico espa\u00f1ol (f. 1764).<\/li>\n<li><a title=\"1716\" href=\"https:\/\/es.wikipedia.org\/wiki\/1716\">1716<\/a>: <a title=\"George Germain\" href=\"https:\/\/es.wikipedia.org\/wiki\/George_Germain\">George Germain<\/a>, pol\u00edtico y militar brit\u00e1nico (f. 1785).<\/li>\n<li><a title=\"1763\" href=\"https:\/\/es.wikipedia.org\/wiki\/1763\">1763<\/a>: <a title=\"Carlos XIV Juan de Suecia\" href=\"https:\/\/es.wikipedia.org\/wiki\/Carlos_XIV_Juan_de_Suecia\">Jean Baptiste Bernadotte<\/a>, militar franc\u00e9s que lleg\u00f3 a ser rey de Suecia y Noruega (f. 1844).<\/li>\n<li><a title=\"1781\" href=\"https:\/\/es.wikipedia.org\/wiki\/1781\">1781<\/a>: <a title=\"Achim von Arnim\" href=\"https:\/\/es.wikipedia.org\/wiki\/Achim_von_Arnim\">Achim von Arnim<\/a>, escritor alem\u00e1n (f. 1831).<\/li>\n<li><a title=\"1795\" href=\"https:\/\/es.wikipedia.org\/wiki\/1795\">1795<\/a>: <a title=\"Policarpa Salavarrieta\" href=\"https:\/\/es.wikipedia.org\/wiki\/Policarpa_Salavarrieta\">Policarpa Salavarrieta<\/a>, hero\u00edna colombiana de la independencia (f. 1817).<\/li>\n<li><a title=\"1813\" href=\"https:\/\/es.wikipedia.org\/wiki\/1813\">1813<\/a>: <a title=\"Juan Pablo Duarte\" href=\"https:\/\/es.wikipedia.org\/wiki\/Juan_Pablo_Duarte\">Juan Pablo Duarte<\/a>, pol\u00edtico dominicano, Padre de la Patria (f. 1876).<\/li>\n<li><a title=\"1842\" href=\"https:\/\/es.wikipedia.org\/wiki\/1842\">1842<\/a>: <a title=\"Fran\u00e7ois Copp\u00e9e\" href=\"https:\/\/es.wikipedia.org\/wiki\/Fran%C3%A7ois_Copp%C3%A9e\">Fran\u00e7ois Copp\u00e9e<\/a>, poeta y novelista franc\u00e9s (f. 1908).<\/li>\n<li><a title=\"1849\" href=\"https:\/\/es.wikipedia.org\/wiki\/1849\">1849<\/a>: <a title=\"Francesco Flores D'Arcais\" href=\"https:\/\/es.wikipedia.org\/wiki\/Francesco_Flores_D%27Arcais\">Francesco Flores D&#8217;Arcais<\/a>, matem\u00e1tico italiano.<\/li>\n<li><a title=\"1852\" href=\"https:\/\/es.wikipedia.org\/wiki\/1852\">1852<\/a>: <a title=\"Pierre Savorgnan de Brazza\" href=\"https:\/\/es.wikipedia.org\/wiki\/Pierre_Savorgnan_de_Brazza\">Pierre Savorgnan de Brazza<\/a>, explorador franc\u00e9s (f. 1905).<\/li>\n<li><a title=\"1854\" href=\"https:\/\/es.wikipedia.org\/wiki\/1854\">1854<\/a>: <a class=\"mw-redirect\" title=\"Julio Cervera\" href=\"https:\/\/es.wikipedia.org\/wiki\/Julio_Cervera\">Julio Cervera<\/a>, militar e ingeniero espa\u00f1ol (f. 1927).<\/li>\n<li><a title=\"1857\" href=\"https:\/\/es.wikipedia.org\/wiki\/1857\">1857<\/a>: <a title=\"Trinl\u00e9 Gyatso\" href=\"https:\/\/es.wikipedia.org\/wiki\/Trinl%C3%A9_Gyatso\">Trinl\u00e9 Gyatso<\/a>, duod\u00e9cimo dal\u00e1i lama (f. 1875).<\/li>\n<li><a title=\"1865\" href=\"https:\/\/es.wikipedia.org\/wiki\/1865\">1865<\/a>: <a title=\"Sabino Arana\" href=\"https:\/\/es.wikipedia.org\/wiki\/Sabino_Arana\">Sabino Arana<\/a>, pol\u00edtico espa\u00f1ol (f. 1903).<\/li>\n<li><a title=\"1871\" href=\"https:\/\/es.wikipedia.org\/wiki\/1871\">1871<\/a>: <a title=\"Johann F. Heymans\" href=\"https:\/\/es.wikipedia.org\/wiki\/Johann_F._Heymans\">Johann F. Heymans<\/a>, escritor surinam\u00e9s (f. 1933).<\/li>\n<li><a title=\"1877\" href=\"https:\/\/es.wikipedia.org\/wiki\/1877\">1877<\/a>: <a class=\"mw-redirect\" title=\"Kees Van Dongen\" href=\"https:\/\/es.wikipedia.org\/wiki\/Kees_Van_Dongen\">Kees Van Dongen<\/a>, pintor neerland\u00e9s (f. 1968).<\/li>\n<li><a title=\"1880\" href=\"https:\/\/es.wikipedia.org\/wiki\/1880\">1880<\/a>: <a title=\"Douglas MacArthur\" href=\"https:\/\/es.wikipedia.org\/wiki\/Douglas_MacArthur\">Douglas MacArthur<\/a>, militar estadounidense (f. 1964).<\/li>\n<li><a title=\"1883\" href=\"https:\/\/es.wikipedia.org\/wiki\/1883\">1883<\/a>: <a title=\"Juan Zarag\u00fceta\" href=\"https:\/\/es.wikipedia.org\/wiki\/Juan_Zarag%C3%BCeta\">Juan Zarag\u00fceta<\/a>, fil\u00f3sofo espa\u00f1ol (f. 1974).<\/li>\n<li><a title=\"1887\" href=\"https:\/\/es.wikipedia.org\/wiki\/1887\">1887<\/a>: <a title=\"Fran\u00e7ois Faber\" href=\"https:\/\/es.wikipedia.org\/wiki\/Fran%C3%A7ois_Faber\">Fran\u00e7ois Faber<\/a>, ciclista luxemburgu\u00e9s (f. 1915).<\/li>\n<li><a title=\"1891\" href=\"https:\/\/es.wikipedia.org\/wiki\/1891\">1891<\/a>: <a title=\"Frank Costello\" href=\"https:\/\/es.wikipedia.org\/wiki\/Frank_Costello\">Frank Costello<\/a>, g\u00e1nster estadounidense (f. 1973).<\/li>\n<li><a title=\"1891\" href=\"https:\/\/es.wikipedia.org\/wiki\/1891\">1891<\/a>: <a title=\"Wilder Penfield\" href=\"https:\/\/es.wikipedia.org\/wiki\/Wilder_Penfield\">Wilder Penfield<\/a>, neurocirujano canadiense-estadounidense (f. 1976).<\/li>\n<li><a title=\"1901\" href=\"https:\/\/es.wikipedia.org\/wiki\/1901\">1901<\/a>: <a title=\"Mariano Pic\u00f3n Salas\" href=\"https:\/\/es.wikipedia.org\/wiki\/Mariano_Pic%C3%B3n_Salas\">Mariano Pic\u00f3n Salas<\/a>, escritor y diplom\u00e1tico venezolano (f. 1965).<\/li>\n<li><a title=\"1903\" href=\"https:\/\/es.wikipedia.org\/wiki\/1903\">1903<\/a>: <a title=\"Carmen Portinho\" href=\"https:\/\/es.wikipedia.org\/wiki\/Carmen_Portinho\">Carmen Portinho<\/a>, ingeniera civil, urbanista y feminista brasile\u00f1a (f. 2001).<\/li>\n<li><a title=\"1904\" href=\"https:\/\/es.wikipedia.org\/wiki\/1904\">1904<\/a>: <a title=\"Ancel Keys\" href=\"https:\/\/es.wikipedia.org\/wiki\/Ancel_Keys\">Ancel Keys<\/a>, cient\u00edfico estadounidense (f. 2004).<\/li>\n<li>1904: <a class=\"mw-redirect\" title=\"Manuel Lora-Tamayo Mart\u00edn\" href=\"https:\/\/es.wikipedia.org\/wiki\/Manuel_Lora-Tamayo_Mart%C3%ADn\">Manuel Lora-Tamayo<\/a>, qu\u00edmico y pol\u00edtico espa\u00f1ol (f. 2002).<\/li>\n<li>1904: <a title=\"Se\u00e1n MacBride\" href=\"https:\/\/es.wikipedia.org\/wiki\/Se%C3%A1n_MacBride\">Se\u00e1n MacBride<\/a>, pol\u00edtico irland\u00e9s, premio Nobel de la Paz en 1974 (f. 1988).<\/li>\n<li>1904: <a title=\"Di\u00f3genes de la Rosa\" href=\"https:\/\/es.wikipedia.org\/wiki\/Di%C3%B3genes_de_la_Rosa\">Di\u00f3genes de la Rosa<\/a>, ensayista, diplom\u00e1tico y pol\u00edtico paname\u00f1o (f. 1998).<\/li>\n<li><a title=\"1905\" href=\"https:\/\/es.wikipedia.org\/wiki\/1905\">1905<\/a>: <a title=\"Charles Lane\" href=\"https:\/\/es.wikipedia.org\/wiki\/Charles_Lane\">Charles Lane<\/a>, actor estadounidense (f. 2007).<\/li>\n<li>1905: <a class=\"mw-redirect\" title=\"Mar\u00eda von Trapp\" href=\"https:\/\/es.wikipedia.org\/wiki\/Mar%C3%ADa_von_Trapp\">Mar\u00eda von Trapp<\/a>, cantante austriaca (f. 1987).<\/li>\n<li><a title=\"1908\" href=\"https:\/\/es.wikipedia.org\/wiki\/1908\">1908<\/a>: <a title=\"St\u00e9phane Grappelli\" href=\"https:\/\/es.wikipedia.org\/wiki\/St%C3%A9phane_Grappelli\">St\u00e9phane Grappelli<\/a>, violinista franc\u00e9s de jazz (f. 1997).<\/li>\n<li><a title=\"1911\" href=\"https:\/\/es.wikipedia.org\/wiki\/1911\">1911<\/a>: <a title=\"Polykarp Kusch\" href=\"https:\/\/es.wikipedia.org\/wiki\/Polykarp_Kusch\">Polykarp Kusch<\/a>, f\u00edsico alem\u00e1n, premio Nobel de F\u00edsica en 1955 (f. 1993).<\/li>\n<li><a title=\"1913\" href=\"https:\/\/es.wikipedia.org\/wiki\/1913\">1913<\/a>: <a title=\"Jimmy Van Heusen\" href=\"https:\/\/es.wikipedia.org\/wiki\/Jimmy_Van_Heusen\">Jimmy Van Heusen<\/a>, compositor estadounidense de canciones (f. 1990).<\/li>\n<li><a title=\"1915\" href=\"https:\/\/es.wikipedia.org\/wiki\/1915\">1915<\/a>: <a title=\"William Hopper\" href=\"https:\/\/es.wikipedia.org\/wiki\/William_Hopper\">William Hopper<\/a>, actor estadounidense (f. 1970).<\/li>\n<li>1915: <a title=\"Carmelo Santiago\" href=\"https:\/\/es.wikipedia.org\/wiki\/Carmelo_Santiago\">Carmelo Santiago<\/a>, periodista, autor, productor, cr\u00edtico, guionista y director argentino (f. 1993).<\/li>\n<li><a title=\"1918\" href=\"https:\/\/es.wikipedia.org\/wiki\/1918\">1918<\/a>: <a class=\"mw-redirect\" title=\"Nicolae Ceau\u015fescu\" href=\"https:\/\/es.wikipedia.org\/wiki\/Nicolae_Ceau%C5%9Fescu\">Nicolae Ceau\u015fescu<\/a>, pol\u00edtico y dictador rumano (f. 1989).<\/li>\n<li>1918: <a title=\"Philip Jos\u00e9 Farmer\" href=\"https:\/\/es.wikipedia.org\/wiki\/Philip_Jos%C3%A9_Farmer\">Philip Jos\u00e9 Farmer<\/a>, escritor estadounidense.<\/li>\n<li><a title=\"1919\" href=\"https:\/\/es.wikipedia.org\/wiki\/1919\">1919<\/a>: <a title=\"Valentino Mazzola\" href=\"https:\/\/es.wikipedia.org\/wiki\/Valentino_Mazzola\">Valentino Mazzola<\/a>, futbolista italiano (f. 1949).<\/li>\n<li><a title=\"1921\" href=\"https:\/\/es.wikipedia.org\/wiki\/1921\">1921<\/a>: <a title=\"Akio Morita\" href=\"https:\/\/es.wikipedia.org\/wiki\/Akio_Morita\">Akio Morita<\/a>, empresario japon\u00e9s, cofundador de la empresa Sony (f. 1999).<\/li>\n<li><a title=\"1922\" href=\"https:\/\/es.wikipedia.org\/wiki\/1922\">1922<\/a>: <a title=\"Michael Bentine\" href=\"https:\/\/es.wikipedia.org\/wiki\/Michael_Bentine\">Michael Bentine<\/a>, comediante brit\u00e1nico (f. 1996).<\/li>\n<li><a title=\"1924\" href=\"https:\/\/es.wikipedia.org\/wiki\/1924\">1924<\/a>: <a title=\"Alice Babs\" href=\"https:\/\/es.wikipedia.org\/wiki\/Alice_Babs\">Alice Babs<\/a>, cantante y actriz sueca.<\/li>\n<li>1924: <a title=\"Rauf Denktash\" href=\"https:\/\/es.wikipedia.org\/wiki\/Rauf_Denktash\">Rauf Denktash<\/a>, pol\u00edtico chipriota.<\/li>\n<li><a title=\"1925\" href=\"https:\/\/es.wikipedia.org\/wiki\/1925\">1925<\/a>: <a title=\"Paul Newman\" href=\"https:\/\/es.wikipedia.org\/wiki\/Paul_Newman\">Paul Newman<\/a>, actor y cineasta estadounidense (f. 2008).<\/li>\n<li>1925: <a title=\"Mar\u00e9s Gonz\u00e1lez\" href=\"https:\/\/es.wikipedia.org\/wiki\/Mar%C3%A9s_Gonz%C3%A1lez\">Mar\u00e9s Gonz\u00e1lez<\/a>, actriz chilena de teatro y televisi\u00f3n.<\/li>\n<li><a title=\"1926\" href=\"https:\/\/es.wikipedia.org\/wiki\/1926\">1926<\/a>: <a title=\"Jos\u00e9 Mar\u00eda Valverde\" href=\"https:\/\/es.wikipedia.org\/wiki\/Jos%C3%A9_Mar%C3%ADa_Valverde\">Jos\u00e9 Mar\u00eda Valverde<\/a>, escritor y profesor espa\u00f1ol (f. 1996).<\/li>\n<li>1927: <a title=\"Pedro Mas\u00f3\" href=\"https:\/\/es.wikipedia.org\/wiki\/Pedro_Mas%C3%B3\">Pedro Mas\u00f3<\/a>, cineasta espa\u00f1ol (f. 2008)).<\/li>\n<li>1927: <a title=\"Roger Vadim\" href=\"https:\/\/es.wikipedia.org\/wiki\/Roger_Vadim\">Roger Vadim<\/a>, cineasta franc\u00e9s (f. 2000).<\/li>\n<li>1927: <a title=\"Mar\u00eda Jes\u00fas Vald\u00e9s\" href=\"https:\/\/es.wikipedia.org\/wiki\/Mar%C3%ADa_Jes%C3%BAs_Vald%C3%A9s\">Mar\u00eda Jes\u00fas Vald\u00e9s<\/a>, actriz espa\u00f1ola (f. 2011).<\/li>\n<li><a title=\"1928\" href=\"https:\/\/es.wikipedia.org\/wiki\/1928\">1928<\/a>: <a title=\"Abdellatif Filali\" href=\"https:\/\/es.wikipedia.org\/wiki\/Abdellatif_Filali\">Abdellatif Filali<\/a>, pol\u00edtico marroqu\u00ed, primer ministro entre 1994 y 1998 (f. 2009).<\/li>\n<li>1928: <a title=\"Luis Xim\u00e9nez Caballero\" href=\"https:\/\/es.wikipedia.org\/wiki\/Luis_Xim%C3%A9nez_Caballero\">Luis Xim\u00e9nez Caballero<\/a>, m\u00fasico mexicano (f. 2007).<\/li>\n<li><a title=\"1933\" href=\"https:\/\/es.wikipedia.org\/wiki\/1933\">1933<\/a>: <a title=\"Juan Carlos D\u00edaz Quincoces\" href=\"https:\/\/es.wikipedia.org\/wiki\/Juan_Carlos_D%C3%ADaz_Quincoces\">Juan Carlos D\u00edaz Quincoces<\/a>, futbolista espa\u00f1ol.<\/li>\n<li>1933: <a title=\"Ercole Baldini\" href=\"https:\/\/es.wikipedia.org\/wiki\/Ercole_Baldini\">Ercole Baldini<\/a>, ciclista italiano.<\/li>\n<li><a title=\"1934\" href=\"https:\/\/es.wikipedia.org\/wiki\/1934\">1934<\/a>: <a class=\"mw-redirect\" title=\"Fernando Cardenal Mart\u00ednez\" href=\"https:\/\/es.wikipedia.org\/wiki\/Fernando_Cardenal_Mart%C3%ADnez\">Fernando Cardenal<\/a>, sacerdote nicarag\u00fcense, ministro de Educaci\u00f3n y te\u00f3logo de la liberaci\u00f3n (f. 2016).<\/li>\n<li><a title=\"1936\" href=\"https:\/\/es.wikipedia.org\/wiki\/1936\">1936<\/a>: <a title=\"Sal Buscema\" href=\"https:\/\/es.wikipedia.org\/wiki\/Sal_Buscema\">Sal Buscema<\/a>, artista estadounidense de c\u00f3mics.<\/li>\n<li><a title=\"1940\" href=\"https:\/\/es.wikipedia.org\/wiki\/1940\">1940<\/a>: <a title=\"Nora Perl\u00e9\" href=\"https:\/\/es.wikipedia.org\/wiki\/Nora_Perl%C3%A9\">Nora Perl\u00e9<\/a>, locutora y conductora de radio argentina.<\/li>\n<li><a title=\"1941\" href=\"https:\/\/es.wikipedia.org\/wiki\/1941\">1941<\/a>: <a title=\"Scott Glenn\" href=\"https:\/\/es.wikipedia.org\/wiki\/Scott_Glenn\">Scott Glenn<\/a>, actor estadounidense.<\/li>\n<li><a title=\"1942\" href=\"https:\/\/es.wikipedia.org\/wiki\/1942\">1942<\/a>: <a title=\"Rafael Arias-Salgado\" href=\"https:\/\/es.wikipedia.org\/wiki\/Rafael_Arias-Salgado\">Rafael Arias-Salgado<\/a>, pol\u00edtico espa\u00f1ol.<\/li>\n<li><a title=\"1944\" href=\"https:\/\/es.wikipedia.org\/wiki\/1944\">1944<\/a>: <a title=\"Angela Yvonne Davis\" href=\"https:\/\/es.wikipedia.org\/wiki\/Angela_Yvonne_Davis\">Angela Davis<\/a>, pol\u00edtica estadounidense.<\/li>\n<li><a title=\"1945\" href=\"https:\/\/es.wikipedia.org\/wiki\/1945\">1945<\/a>: <a title=\"Jacqueline du Pr\u00e9\" href=\"https:\/\/es.wikipedia.org\/wiki\/Jacqueline_du_Pr%C3%A9\">Jacqueline du Pr\u00e9<\/a>, violonchelista brit\u00e1nica (f. 1987).<\/li>\n<li><a title=\"1947\" href=\"https:\/\/es.wikipedia.org\/wiki\/1947\">1947<\/a>: <a title=\"Michel Sardou\" href=\"https:\/\/es.wikipedia.org\/wiki\/Michel_Sardou\">Michel Sardou<\/a>, cantante franc\u00e9s.<\/li>\n<li><a title=\"1949\" href=\"https:\/\/es.wikipedia.org\/wiki\/1949\">1949<\/a>: <a title=\"Jonathan Carroll\" href=\"https:\/\/es.wikipedia.org\/wiki\/Jonathan_Carroll\">Jonathan Carroll<\/a>, escritor estadounidense.<\/li>\n<li>1949: <a title=\"David Strathairn\" href=\"https:\/\/es.wikipedia.org\/wiki\/David_Strathairn\">David Strathairn<\/a>, actor estadounidense.<\/li>\n<li><a title=\"1950\" href=\"https:\/\/es.wikipedia.org\/wiki\/1950\">1950<\/a>: <a title=\"J\u00f6rg Haider\" href=\"https:\/\/es.wikipedia.org\/wiki\/J%C3%B6rg_Haider\">J\u00f6rg Haider<\/a>, pol\u00edtico austriaco (f. 2008).<\/li>\n<li><a title=\"1953\" href=\"https:\/\/es.wikipedia.org\/wiki\/1953\">1953<\/a>: <a title=\"Anders Fogh Rasmussen\" href=\"https:\/\/es.wikipedia.org\/wiki\/Anders_Fogh_Rasmussen\">Anders Fogh Rasmussen<\/a>, primer ministro dan\u00e9s.<\/li>\n<li>1953: <a title=\"Lucinda Williams\" href=\"https:\/\/es.wikipedia.org\/wiki\/Lucinda_Williams\">Lucinda Williams<\/a>, cantante y compositora estadounidense.<\/li>\n<li>1953: <a class=\"new\" title=\"Policarpo Forero (a\u00fan no redactado)\" href=\"https:\/\/es.wikipedia.org\/w\/index.php?title=Policarpo_Forero&amp;action=edit&amp;redlink=1\">Policarpo Forero<\/a>, director del Teatro La Candelaria y actor colombiano.<\/li>\n<li><a title=\"1954\" href=\"https:\/\/es.wikipedia.org\/wiki\/1954\">1954<\/a>: <a title=\"Miguel Mateos\" href=\"https:\/\/es.wikipedia.org\/wiki\/Miguel_Mateos\">Miguel Mateos<\/a>, cantautor y tecladista argentino.<\/li>\n<li>1954: <a title=\"Sebasti\u00e1n Ligarde\" href=\"https:\/\/es.wikipedia.org\/wiki\/Sebasti%C3%A1n_Ligarde\">Sebasti\u00e1n Ligarde<\/a>, actor mexicano.<\/li>\n<li>1954: <a title=\"Carlos Diarte\" href=\"https:\/\/es.wikipedia.org\/wiki\/Carlos_Diarte\">Carlos <i>Lobo<\/i> Diarte<\/a>, futbolista y entrenador paraguayo (f. 2011).<\/li>\n<li><a title=\"1955\" href=\"https:\/\/es.wikipedia.org\/wiki\/1955\">1955<\/a>: <a title=\"Eddie Van Halen\" href=\"https:\/\/es.wikipedia.org\/wiki\/Eddie_Van_Halen\">Eddie Van Halen<\/a>, guitarrista estadounidense, de la banda Van Halen.<\/li>\n<li>1955: <a title=\"Luc\u00eda M\u00e9ndez\" href=\"https:\/\/es.wikipedia.org\/wiki\/Luc%C3%ADa_M%C3%A9ndez\">Luc\u00eda M\u00e9ndez<\/a>, actriz, cantante y empresaria mexicana-estadounidense.<\/li>\n<li><a title=\"1956\" href=\"https:\/\/es.wikipedia.org\/wiki\/1956\">1956<\/a>: <a title=\"Madeleine Herren\" href=\"https:\/\/es.wikipedia.org\/wiki\/Madeleine_Herren\">Madeleine Herren<\/a>, historiadora suiza.<\/li>\n<li>1956: <a title=\"Imelda Papin\" href=\"https:\/\/es.wikipedia.org\/wiki\/Imelda_Papin\">Imelda Papin<\/a>, cantante filipina.<\/li>\n<li><a title=\"1958\" href=\"https:\/\/es.wikipedia.org\/wiki\/1958\">1958<\/a>: <a title=\"Anita Baker\" href=\"https:\/\/es.wikipedia.org\/wiki\/Anita_Baker\">Anita Baker<\/a>, cantante estadounidense.<\/li>\n<li>1958: <a title=\"Ellen DeGeneres\" href=\"https:\/\/es.wikipedia.org\/wiki\/Ellen_DeGeneres\">Ellen DeGeneres<\/a>, humorista estadounidense.<\/li>\n<li>1958: <a title=\"Edgardo Bauza\" href=\"https:\/\/es.wikipedia.org\/wiki\/Edgardo_Bauza\">Edgardo Bauza<\/a>, futbolista y entrenador argentino.<\/li>\n<li><a title=\"1959\" href=\"https:\/\/es.wikipedia.org\/wiki\/1959\">1959<\/a>: <a class=\"mw-redirect\" title=\"Salvador S\u00e1nchez Narv\u00e1ez\" href=\"https:\/\/es.wikipedia.org\/wiki\/Salvador_S%C3%A1nchez_Narv%C3%A1ez\">Salvador S\u00e1nchez<\/a>, boxeador mexicano (f. 1982).<\/li>\n<li><a title=\"1960\" href=\"https:\/\/es.wikipedia.org\/wiki\/1960\">1960<\/a>: <a class=\"mw-redirect\" title=\"Mar\u00eda Rivas (cantautora)\" href=\"https:\/\/es.wikipedia.org\/wiki\/Mar%C3%ADa_Rivas_(cantautora)\">Mar\u00eda Rivas<\/a>, cantautora venezolana de latin jazz.<\/li>\n<li><a title=\"1961\" href=\"https:\/\/es.wikipedia.org\/wiki\/1961\">1961<\/a>: <a title=\"Tom Keifer\" href=\"https:\/\/es.wikipedia.org\/wiki\/Tom_Keifer\">Tom Keifer<\/a>, m\u00fasico estadounidense, de la banda Cinderella.<\/li>\n<li>1961: <a title=\"Wayne Gretzky\" href=\"https:\/\/es.wikipedia.org\/wiki\/Wayne_Gretzky\">Wayne Gretzky<\/a>, jugador de hockey sobre hielo canadiense.<\/li>\n<li>1961: <a title=\"Juan Amador S\u00e1nchez\" href=\"https:\/\/es.wikipedia.org\/wiki\/Juan_Amador_S%C3%A1nchez\">Juan Amador S\u00e1nchez<\/a>, futbolista argentino.<\/li>\n<li><a title=\"1962\" href=\"https:\/\/es.wikipedia.org\/wiki\/1962\">1962<\/a>: <a title=\"Oscar Ruggeri\" href=\"https:\/\/es.wikipedia.org\/wiki\/Oscar_Ruggeri\">Oscar Ruggeri<\/a>, jugador y entrenador de f\u00fatbol argentino.<\/li>\n<li><a title=\"1963\" href=\"https:\/\/es.wikipedia.org\/wiki\/1963\">1963<\/a>: <a title=\"Jos\u00e9 Mourinho\" href=\"https:\/\/es.wikipedia.org\/wiki\/Jos%C3%A9_Mourinho\">Jos\u00e9 Mourinho<\/a>, entrenador de f\u00fatbol portugu\u00e9s.<\/li>\n<li>1963: <a title=\"Andrew Ridgeley\" href=\"https:\/\/es.wikipedia.org\/wiki\/Andrew_Ridgeley\">Andrew Ridgeley<\/a>, m\u00fasico brit\u00e1nico.<\/li>\n<li>1963: <a title=\"Gisela Valc\u00e1rcel\" href=\"https:\/\/es.wikipedia.org\/wiki\/Gisela_Valc%C3%A1rcel\">Gisela Valc\u00e1rcel<\/a>, conductora de televisi\u00f3n peruana.<\/li>\n<li><a title=\"1968\" href=\"https:\/\/es.wikipedia.org\/wiki\/1968\">1968<\/a>: <a title=\"Zury R\u00edos\" href=\"https:\/\/es.wikipedia.org\/wiki\/Zury_R%C3%ADos\">Zury R\u00edos<\/a>, pol\u00edtica guatemalteca.<\/li>\n<li><a title=\"1970\" href=\"https:\/\/es.wikipedia.org\/wiki\/1970\">1970<\/a>: <a class=\"mw-redirect\" title=\"Diana P\u00e9rez (actriz mexicana)\" href=\"https:\/\/es.wikipedia.org\/wiki\/Diana_P%C3%A9rez_(actriz_mexicana)\">Diana P\u00e9rez<\/a>, actriz mexicana de doblaje.<\/li>\n<li><a title=\"1971\" href=\"https:\/\/es.wikipedia.org\/wiki\/1971\">1971<\/a>: <a title=\"Leonel Gancedo\" href=\"https:\/\/es.wikipedia.org\/wiki\/Leonel_Gancedo\">Leonel Gancedo<\/a>, futbolista argentino.<\/li>\n<li><a title=\"1973\" href=\"https:\/\/es.wikipedia.org\/wiki\/1973\">1973<\/a>: <a title=\"Mayu Shinj\u014d\" href=\"https:\/\/es.wikipedia.org\/wiki\/Mayu_Shinj%C5%8D\">Mayu Shinj\u014d<\/a>, mangaka y dibujante japonesa.<\/li>\n<li>1973: <a title=\"Xxxena\" href=\"https:\/\/es.wikipedia.org\/wiki\/Xxxena\">Xxxena<\/a>, actriz porno estadounidense.<\/li>\n<li>1973: <a title=\"Brendan Rodgers\" href=\"https:\/\/es.wikipedia.org\/wiki\/Brendan_Rodgers\">Brendan Rodgers<\/a>, futbolista y entrenador norirland\u00e9s.<\/li>\n<li><a title=\"1977\" href=\"https:\/\/es.wikipedia.org\/wiki\/1977\">1977<\/a>: <a title=\"Vince Carter\" href=\"https:\/\/es.wikipedia.org\/wiki\/Vince_Carter\">Vince Carter<\/a>, baloncestista estadounidense.<\/li>\n<li>1977: <a title=\"Justin Gimelstob\" href=\"https:\/\/es.wikipedia.org\/wiki\/Justin_Gimelstob\">Justin Gimelstob<\/a>, tenista estadounidense.<\/li>\n<li>1977: <a title=\"Luj\u00e1n Arg\u00fcelles\" href=\"https:\/\/es.wikipedia.org\/wiki\/Luj%C3%A1n_Arg%C3%BCelles\">Luj\u00e1n Arg\u00fcelles<\/a>, presentadora espa\u00f1ola de televisi\u00f3n.<\/li>\n<li><a title=\"1978\" href=\"https:\/\/es.wikipedia.org\/wiki\/1978\">1978<\/a>: <a title=\"Gonzalo Valenzuela\" href=\"https:\/\/es.wikipedia.org\/wiki\/Gonzalo_Valenzuela\">Gonzalo Valenzuela<\/a>, actor chileno.<\/li>\n<li><a title=\"1979\" href=\"https:\/\/es.wikipedia.org\/wiki\/1979\">1979<\/a>: <a title=\"Sara Rue\" href=\"https:\/\/es.wikipedia.org\/wiki\/Sara_Rue\">Sara Rue<\/a>, actriz estadounidense.<\/li>\n<li><a title=\"1980\" href=\"https:\/\/es.wikipedia.org\/wiki\/1980\">1980<\/a>: <a title=\"Sanae Kobayashi\" href=\"https:\/\/es.wikipedia.org\/wiki\/Sanae_Kobayashi\">Sanae Kobayashi<\/a>, actriz de voz japonesa.<\/li>\n<li><a title=\"1981\" href=\"https:\/\/es.wikipedia.org\/wiki\/1981\">1981<\/a>: <a title=\"Colin O'Donoghue\" href=\"https:\/\/es.wikipedia.org\/wiki\/Colin_O%27Donoghue\">Colin O&#8217;Donoghue<\/a>, actor irland\u00e9s.<\/li>\n<li>1981: <a title=\"Gustavo Dudamel\" href=\"https:\/\/es.wikipedia.org\/wiki\/Gustavo_Dudamel\">Gustavo Dudamel<\/a>, director de orquesta y m\u00fasico venezolano.<\/li>\n<li>1981: <a title=\"Jos\u00e9 de Jes\u00fas Corona\" href=\"https:\/\/es.wikipedia.org\/wiki\/Jos%C3%A9_de_Jes%C3%BAs_Corona\">Jos\u00e9 de Jes\u00fas Corona<\/a>, futbolista mexicano.<\/li>\n<li>1981: <a title=\"Juan Jos\u00e9 Haedo\" href=\"https:\/\/es.wikipedia.org\/wiki\/Juan_Jos%C3%A9_Haedo\">Juan Jos\u00e9 Haedo<\/a>, ciclista argentino.<\/li>\n<li>1981: <a title=\"Leandro Somoza\" href=\"https:\/\/es.wikipedia.org\/wiki\/Leandro_Somoza\">Leandro Somoza<\/a>, futbolista argentino.<\/li>\n<li><a title=\"1983\" href=\"https:\/\/es.wikipedia.org\/wiki\/1983\">1983<\/a>: <a class=\"mw-redirect\" title=\"Gilberto Bibi Mar\u00edn\" href=\"https:\/\/es.wikipedia.org\/wiki\/Gilberto_Bibi_Mar%C3%ADn\">Gilberto <i>Bibi<\/i> Mar\u00edn<\/a>, guitarrista mexicano, de la banda Reik.<\/li>\n<li><a title=\"1986\" href=\"https:\/\/es.wikipedia.org\/wiki\/1986\">1986<\/a>: <a title=\"Gerald Green\" href=\"https:\/\/es.wikipedia.org\/wiki\/Gerald_Green\">Gerald Green<\/a>, baloncestista estadounidense.<\/li>\n<li>1986: <a title=\"Matt Heafy\" href=\"https:\/\/es.wikipedia.org\/wiki\/Matt_Heafy\">Matt Heafy<\/a>, vocalista y guitarrista estadounidense, de la banda Trivium.<\/li>\n<li>1986: <a class=\"mw-redirect\" title=\"Airbag\" href=\"https:\/\/es.wikipedia.org\/wiki\/Airbag\">Patricio Sardelli<\/a>, guitarrista argentino, de la banda Airbag.<\/li>\n<li>1986: <a class=\"mw-redirect\" title=\"Shantelle Taylor\" href=\"https:\/\/es.wikipedia.org\/wiki\/Shantelle_Taylor\">Shantelle Taylor<\/a>, luchador profesional canadiense.<\/li>\n<li>1986: <a class=\"mw-redirect\" title=\"Hero Jaejoong\" href=\"https:\/\/es.wikipedia.org\/wiki\/Hero_Jaejoong\">Hero Jaejoong<\/a>, actor surcoreano, cantante de la banda TVXQ.<\/li>\n<li><a title=\"1987\" href=\"https:\/\/es.wikipedia.org\/wiki\/1987\">1987<\/a>: <a class=\"mw-redirect\" title=\"Rigoberto Uran\" href=\"https:\/\/es.wikipedia.org\/wiki\/Rigoberto_Uran\">Rigoberto Uran<\/a>, ciclista colombiano.<\/li>\n<li><a title=\"1988\" href=\"https:\/\/es.wikipedia.org\/wiki\/1988\">1988<\/a>: <a title=\"Mia Rose\" href=\"https:\/\/es.wikipedia.org\/wiki\/Mia_Rose\">Mia Rose<\/a>, cantautora brit\u00e1nico-portuguesa.<\/li>\n<li><a title=\"1990\" href=\"https:\/\/es.wikipedia.org\/wiki\/1990\">1990<\/a>: <a title=\"Sergio P\u00e9rez (piloto)\" href=\"https:\/\/es.wikipedia.org\/wiki\/Sergio_P%C3%A9rez_(piloto)\">Sergio P\u00e9rez<\/a>, piloto mexicano de automovilismo.<\/li>\n<li>1990: <a title=\"Peter Sagan\" href=\"https:\/\/es.wikipedia.org\/wiki\/Peter_Sagan\">Peter Sagan<\/a>, ciclista eslovaco.<\/li>\n<li>1990: <a class=\"new\" title=\"Mariel Antonini (a\u00fan no redactado)\" href=\"https:\/\/es.wikipedia.org\/w\/index.php?title=Mariel_Antonini&amp;action=edit&amp;redlink=1\">Mariel Antonini<\/a>, hincha de Ferro argentina.<\/li>\n<li><a title=\"1992\" href=\"https:\/\/es.wikipedia.org\/wiki\/1992\">1992<\/a>: <a class=\"mw-redirect\" title=\"Mercedes Kaestner-Varnado\" href=\"https:\/\/es.wikipedia.org\/wiki\/Mercedes_Kaestner-Varnado\">Sasha Banks<\/a> (Mercedes Kaestner-Varnado), luchadora profesional estadounidense.<\/li>\n<li><a title=\"1993\" href=\"https:\/\/es.wikipedia.org\/wiki\/1993\">1993<\/a>: <a title=\"Cameron Bright\" href=\"https:\/\/es.wikipedia.org\/wiki\/Cameron_Bright\">Cameron Bright<\/a>, actor canadiense.<\/li>\n<li><a title=\"1996\" href=\"https:\/\/es.wikipedia.org\/wiki\/1996\">1996<\/a>: <a title=\"Tyger Drew-Honey\" href=\"https:\/\/es.wikipedia.org\/wiki\/Tyger_Drew-Honey\">Tyger Drew-Honey<\/a>, actor brit\u00e1nico.<\/li>\n<\/ul>\n<h2 style=\"text-align: justify;\"><span id=\"Fallecimientos\" class=\"mw-headline\">Fallecimientos<\/span><\/h2>\n<ul style=\"text-align: justify;\">\n<li><a title=\"946\" href=\"https:\/\/es.wikipedia.org\/wiki\/946\">946<\/a>: <a class=\"mw-redirect\" title=\"Eadgyth\" href=\"https:\/\/es.wikipedia.org\/wiki\/Eadgyth\">Edith<\/a>, arist\u00f3crata y abadesa alemana, hija de Eduardo el Viejo y esposa del rey Ot\u00f3n\u00a0I (n. 910).<\/li>\n<li><a title=\"1425\" href=\"https:\/\/es.wikipedia.org\/wiki\/1425\">1425<\/a>: <a title=\"Catalina de Borgo\u00f1a Dampierre\" href=\"https:\/\/es.wikipedia.org\/wiki\/Catalina_de_Borgo%C3%B1a_Dampierre\">Catalina de Borgo\u00f1a Dampierre<\/a>, arist\u00f3crata espa\u00f1ola (n. 1378).<\/li>\n<li><a title=\"1576\" href=\"https:\/\/es.wikipedia.org\/wiki\/1576\">1576<\/a>: <a title=\"Juan Ortiz de Z\u00e1rate\" href=\"https:\/\/es.wikipedia.org\/wiki\/Juan_Ortiz_de_Z%C3%A1rate\">Juan Ortiz de Z\u00e1rate<\/a>, militar y conquistador espa\u00f1ol.<\/li>\n<li><a title=\"1743\" href=\"https:\/\/es.wikipedia.org\/wiki\/1743\">1743<\/a>: <a title=\"Andr\u00e9 Hercule de Fleury\" href=\"https:\/\/es.wikipedia.org\/wiki\/Andr%C3%A9_Hercule_de_Fleury\">Andr\u00e9 Hercule de Fleury<\/a>, pol\u00edtico franc\u00e9s (n. 1653).<\/li>\n<li><a title=\"1795\" href=\"https:\/\/es.wikipedia.org\/wiki\/1795\">1795<\/a>: <a title=\"Johann Christoph Friedrich Bach\" href=\"https:\/\/es.wikipedia.org\/wiki\/Johann_Christoph_Friedrich_Bach\">Johann Christoph Friedrich Bach<\/a>, compositor alem\u00e1n (n. 1732).<\/li>\n<li><a title=\"1823\" href=\"https:\/\/es.wikipedia.org\/wiki\/1823\">1823<\/a>: <a title=\"Edward Jenner\" href=\"https:\/\/es.wikipedia.org\/wiki\/Edward_Jenner\">Edward Jenner<\/a>, m\u00e9dico brit\u00e1nico que desarroll\u00f3 la vacuna contra la viruela (n. 1749).<\/li>\n<li><a title=\"1824\" href=\"https:\/\/es.wikipedia.org\/wiki\/1824\">1824<\/a>: <a title=\"Th\u00e9odore G\u00e9ricault\" href=\"https:\/\/es.wikipedia.org\/wiki\/Th%C3%A9odore_G%C3%A9ricault\">Th\u00e9odore G\u00e9ricault<\/a>, pintor franc\u00e9s (n. 1791).<\/li>\n<li><a title=\"1855\" href=\"https:\/\/es.wikipedia.org\/wiki\/1855\">1855<\/a>: <a title=\"G\u00e9rard de Nerval\" href=\"https:\/\/es.wikipedia.org\/wiki\/G%C3%A9rard_de_Nerval\">G\u00e9rard de Nerval<\/a>, escritor franc\u00e9s (n. 1808).<\/li>\n<li><a title=\"1876\" href=\"https:\/\/es.wikipedia.org\/wiki\/1876\">1876<\/a>: <a title=\"Fr\u00e9d\u00e9rick Lema\u00eetre\" href=\"https:\/\/es.wikipedia.org\/wiki\/Fr%C3%A9d%C3%A9rick_Lema%C3%AEtre\">Fr\u00e9d\u00e9rick Lema\u00eetre<\/a>, actor franc\u00e9s (n. 1800).<\/li>\n<li><a title=\"1882\" href=\"https:\/\/es.wikipedia.org\/wiki\/1882\">1882<\/a>: <a title=\"Juan Jos\u00e9 P\u00e9rez Vergara\" href=\"https:\/\/es.wikipedia.org\/wiki\/Juan_Jos%C3%A9_P%C3%A9rez_Vergara\">Juan Jos\u00e9 P\u00e9rez Vergara<\/a>, pol\u00edtico chileno (n. 1815).<\/li>\n<li><a title=\"1885\" href=\"https:\/\/es.wikipedia.org\/wiki\/1885\">1885<\/a>: <a title=\"Charles George Gordon\" href=\"https:\/\/es.wikipedia.org\/wiki\/Charles_George_Gordon\">Charles George Gordon<\/a>, general brit\u00e1nico (n. 1833).<\/li>\n<li><a title=\"1891\" href=\"https:\/\/es.wikipedia.org\/wiki\/1891\">1891<\/a>: <a class=\"mw-redirect\" title=\"Nikolaus August Otto\" href=\"https:\/\/es.wikipedia.org\/wiki\/Nikolaus_August_Otto\">Nikolaus August Otto<\/a>, inventor alem\u00e1n (n. 1833).<\/li>\n<li><a title=\"1893\" href=\"https:\/\/es.wikipedia.org\/wiki\/1893\">1893<\/a>: <a title=\"Abner Doubleday\" href=\"https:\/\/es.wikipedia.org\/wiki\/Abner_Doubleday\">Abner Doubleday<\/a>, inventor oficial del b\u00e9isbol (n. 1819).<\/li>\n<li><a title=\"1895\" href=\"https:\/\/es.wikipedia.org\/wiki\/1895\">1895<\/a>: <a title=\"Arthur Cayley\" href=\"https:\/\/es.wikipedia.org\/wiki\/Arthur_Cayley\">Arthur Cayley<\/a>, matem\u00e1tico brit\u00e1nico (n. 1821).<\/li>\n<li><a title=\"1922\" href=\"https:\/\/es.wikipedia.org\/wiki\/1922\">1922<\/a>: <a title=\"Vincenc Strouhal\" href=\"https:\/\/es.wikipedia.org\/wiki\/Vincenc_Strouhal\">Vincenc Strouhal<\/a>, f\u00edsico checo.<\/li>\n<li><a title=\"1932\" href=\"https:\/\/es.wikipedia.org\/wiki\/1932\">1932<\/a>: <a title=\"William Wrigley Jr.\" href=\"https:\/\/es.wikipedia.org\/wiki\/William_Wrigley_Jr.\">William Wrigley Jr.<\/a>, industrial estadounidense (n. 1861).<\/li>\n<li><a title=\"1935\" href=\"https:\/\/es.wikipedia.org\/wiki\/1935\">1935<\/a>: <a title=\"Jos\u00e9 S\u00e1nchez Guerra\" href=\"https:\/\/es.wikipedia.org\/wiki\/Jos%C3%A9_S%C3%A1nchez_Guerra\">Jos\u00e9 S\u00e1nchez Guerra<\/a>, pol\u00edtico, abogado y periodista espa\u00f1ol (n. 1859).<\/li>\n<li><a title=\"1939\" href=\"https:\/\/es.wikipedia.org\/wiki\/1939\">1939<\/a>: <a title=\"Jaime Mendoza Gonz\u00e1les\" href=\"https:\/\/es.wikipedia.org\/wiki\/Jaime_Mendoza_Gonz%C3%A1les\">Jaime Mendoza Gonz\u00e1les<\/a>, m\u00e9dico, poeta, fil\u00e1ntropo, escritor y ge\u00f3grafo boliviano (n. 1874).<\/li>\n<li><a title=\"1942\" href=\"https:\/\/es.wikipedia.org\/wiki\/1942\">1942<\/a>: <a title=\"Felix Hausdorff\" href=\"https:\/\/es.wikipedia.org\/wiki\/Felix_Hausdorff\">Felix Hausdorff<\/a>, matem\u00e1tico alem\u00e1n (n. 1868).<\/li>\n<li><a title=\"1943\" href=\"https:\/\/es.wikipedia.org\/wiki\/1943\">1943<\/a>: <a class=\"mw-redirect\" title=\"Nikolai Vavilov\" href=\"https:\/\/es.wikipedia.org\/wiki\/Nikolai_Vavilov\">Nikolai Vavilov<\/a>, bot\u00e1nico ruso (n. 1887).<\/li>\n<li><a title=\"1946\" href=\"https:\/\/es.wikipedia.org\/wiki\/1946\">1946<\/a>: <a title=\"Adriaan van Maanen\" href=\"https:\/\/es.wikipedia.org\/wiki\/Adriaan_van_Maanen\">Adriaan van Maanen<\/a>, astr\u00f3nomo neerland\u00e9s-estadounidense (n. 1884).<\/li>\n<li><a title=\"1947\" href=\"https:\/\/es.wikipedia.org\/wiki\/1947\">1947<\/a>: <a class=\"mw-redirect\" title=\"Gustavo Adolfo, duque de V\u00e4sterbotten\" href=\"https:\/\/es.wikipedia.org\/wiki\/Gustavo_Adolfo,_duque_de_V%C3%A4sterbotten\">Gustavo Adolfo V\u00e4sterbotten<\/a>, arist\u00f3crata sueco (n. 1906).<\/li>\n<li>1947: <a title=\"Grace Moore\" href=\"https:\/\/es.wikipedia.org\/wiki\/Grace_Moore\">Grace Moore<\/a>, soprano y actriz estadounidense (n. 1898).<\/li>\n<li><a title=\"1952\" href=\"https:\/\/es.wikipedia.org\/wiki\/1952\">1952<\/a>: <a class=\"mw-redirect\" title=\"Khorloogiin Choibalsan\" href=\"https:\/\/es.wikipedia.org\/wiki\/Khorloogiin_Choibalsan\">Khorloogiin Choibalsan<\/a>, pol\u00edtico y l\u00edder mongol (n. 1895).<\/li>\n<li>1952: <a title=\"Natalia Sherem\u00e9tievskaya\" href=\"https:\/\/es.wikipedia.org\/wiki\/Natalia_Sherem%C3%A9tievskaya\">Natalia Sherem\u00e9tievskaya<\/a>, arist\u00f3crata rusa (n. 1882).<\/li>\n<li><a title=\"1962\" href=\"https:\/\/es.wikipedia.org\/wiki\/1962\">1962<\/a>: <a title=\"Lucky Luciano\" href=\"https:\/\/es.wikipedia.org\/wiki\/Lucky_Luciano\">Lucky Luciano<\/a>, mafioso italo-estadounidense (n. 1897).<\/li>\n<li><a title=\"1973\" href=\"https:\/\/es.wikipedia.org\/wiki\/1973\">1973<\/a>: <a title=\"Edward G. Robinson\" href=\"https:\/\/es.wikipedia.org\/wiki\/Edward_G._Robinson\">Edward G. Robinson<\/a>, actor estadounidense (n. 1893).<\/li>\n<li><a title=\"1974\" href=\"https:\/\/es.wikipedia.org\/wiki\/1974\">1974<\/a>: <a title=\"Julius Patzak\" href=\"https:\/\/es.wikipedia.org\/wiki\/Julius_Patzak\">Julius Patzak<\/a>, tenor austriaco (n. 1898).<\/li>\n<li><a title=\"1979\" href=\"https:\/\/es.wikipedia.org\/wiki\/1979\">1979<\/a>: <a title=\"Nelson Rockefeller\" href=\"https:\/\/es.wikipedia.org\/wiki\/Nelson_Rockefeller\">Nelson Rockefeller<\/a>, vicepresidente estadounidense (n. 1908).<\/li>\n<li><a title=\"1980\" href=\"https:\/\/es.wikipedia.org\/wiki\/1980\">1980<\/a>: <a title=\"Juan Quintero Mu\u00f1oz\" href=\"https:\/\/es.wikipedia.org\/wiki\/Juan_Quintero_Mu%C3%B1oz\">Juan Quintero Mu\u00f1oz<\/a>, compositor de cine y pianista espa\u00f1ol (n. 1903).<\/li>\n<li>1980: <a title=\"Andr\u00e9s Saborit\" href=\"https:\/\/es.wikipedia.org\/wiki\/Andr%C3%A9s_Saborit\">Andr\u00e9s Saborit<\/a>, dirigente socialista espa\u00f1ol (n. 1889).<\/li>\n<li><a title=\"1982\" href=\"https:\/\/es.wikipedia.org\/wiki\/1982\">1982<\/a>: <a title=\"Nedda Francy\" href=\"https:\/\/es.wikipedia.org\/wiki\/Nedda_Francy\">Nedda Francy<\/a>, actriz argentina (n. 1908).<\/li>\n<li><a title=\"1983\" href=\"https:\/\/es.wikipedia.org\/wiki\/1983\">1983<\/a>: <a title=\"Bear Bryant\" href=\"https:\/\/es.wikipedia.org\/wiki\/Bear_Bryant\">Paul <i>Bear<\/i> Bryant<\/a>, entrenador estadounidense de f\u00fatbol americano (n. 1913).<\/li>\n<li><a title=\"1985\" href=\"https:\/\/es.wikipedia.org\/wiki\/1985\">1985<\/a>: <a title=\"Kenny Clarke\" href=\"https:\/\/es.wikipedia.org\/wiki\/Kenny_Clarke\">Kenny Clarke<\/a>, baterista estadounidense de jazz (n. 1914).<\/li>\n<li><a title=\"1990\" href=\"https:\/\/es.wikipedia.org\/wiki\/1990\">1990<\/a>: <a title=\"Lewis Mumford\" href=\"https:\/\/es.wikipedia.org\/wiki\/Lewis_Mumford\">Lewis Mumford<\/a>, historiador estadounidense (n. 1895).<\/li>\n<li><a title=\"1992\" href=\"https:\/\/es.wikipedia.org\/wiki\/1992\">1992<\/a>: <a title=\"Jos\u00e9 Ferrer (actor)\" href=\"https:\/\/es.wikipedia.org\/wiki\/Jos%C3%A9_Ferrer_(actor)\">Jos\u00e9 Ferrer<\/a>, actor y cineasta puertorrique\u00f1o (n. 1909).<\/li>\n<li><a title=\"1993\" href=\"https:\/\/es.wikipedia.org\/wiki\/1993\">1993<\/a>: <a title=\"Robert Jacobsen\" href=\"https:\/\/es.wikipedia.org\/wiki\/Robert_Jacobsen\">Robert Jacobsen<\/a>, artista dan\u00e9s (n. 1912).<\/li>\n<li>1993: <a title=\"Axel Freiherr von dem Bussche-Streithorst\" href=\"https:\/\/es.wikipedia.org\/wiki\/Axel_Freiherr_von_dem_Bussche-Streithorst\">Axel Freiherr von dem Bussche-Streithorst<\/a>, militar alem\u00e1n (n. 1919).<\/li>\n<li><a title=\"1998\" href=\"https:\/\/es.wikipedia.org\/wiki\/1998\">1998<\/a>: <a title=\"Emilio Alarcos Llorach\" href=\"https:\/\/es.wikipedia.org\/wiki\/Emilio_Alarcos_Llorach\">Emilio Alarcos Llorach<\/a>, ling\u00fcista y cr\u00edtico literario espa\u00f1ol (n. 1922).<\/li>\n<li>1998: <a class=\"mw-redirect\" title=\"Shinichi Suzuki\" href=\"https:\/\/es.wikipedia.org\/wiki\/Shinichi_Suzuki\">Shinichi Suzuki<\/a>, profesor japon\u00e9s de viol\u00edn (n. 1898).<\/li>\n<li><a title=\"2000\" href=\"https:\/\/es.wikipedia.org\/wiki\/2000\">2000<\/a>: <a title=\"Don Budge\" href=\"https:\/\/es.wikipedia.org\/wiki\/Don_Budge\">Don Budge<\/a>, tenista estadounidense (n. 1915).<\/li>\n<li>2000: <a title=\"A. E. van Vogt\" href=\"https:\/\/es.wikipedia.org\/wiki\/A._E._van_Vogt\">A. E. van Vogt<\/a>, escritor estadounidense de ciencia ficci\u00f3n (n. 1912).<\/li>\n<li><a title=\"2003\" href=\"https:\/\/es.wikipedia.org\/wiki\/2003\">2003<\/a>: <a class=\"mw-redirect\" title=\"Valeri Brumel\" href=\"https:\/\/es.wikipedia.org\/wiki\/Valeri_Brumel\">Valeri Brumel<\/a>, atleta ruso (n. 1942).<\/li>\n<li>2003: <a title=\"Hugh Trevor-Roper\" href=\"https:\/\/es.wikipedia.org\/wiki\/Hugh_Trevor-Roper\">Hugh Trevor-Roper<\/a>, historiador brit\u00e1nico (n. 1914).<\/li>\n<li><a title=\"2006\" href=\"https:\/\/es.wikipedia.org\/wiki\/2006\">2006<\/a>: <a title=\"Iv\u00e1n Grondona\" href=\"https:\/\/es.wikipedia.org\/wiki\/Iv%C3%A1n_Grondona\">Iv\u00e1n Grondona<\/a>, actor argentino (n. 1922).<\/li>\n<li><a title=\"2008\" href=\"https:\/\/es.wikipedia.org\/wiki\/2008\">2008<\/a>: <a title=\"George Habash\" href=\"https:\/\/es.wikipedia.org\/wiki\/George_Habash\">George Habash<\/a>, terrorista palestino (n. 1926).<\/li>\n<li><a title=\"2010\" href=\"https:\/\/es.wikipedia.org\/wiki\/2010\">2010<\/a>: <a title=\"Louis Auchincloss\" href=\"https:\/\/es.wikipedia.org\/wiki\/Louis_Auchincloss\">Louis Auchincloss<\/a>, novelista, historiador y ensayista estadounidense (n. 1917).<\/li>\n<li>2010: <a title=\"Inda Ledesma\" href=\"https:\/\/es.wikipedia.org\/wiki\/Inda_Ledesma\">Inda Ledesma<\/a>, actriz argentina (n. 1926).<\/li>\n<li>2010: <a title=\"Eduardo Michaelsen\" href=\"https:\/\/es.wikipedia.org\/wiki\/Eduardo_Michaelsen\">Eduardo Michaelsen<\/a>, artista cubano (n. 1920).<\/li>\n<li><a title=\"2011\" href=\"https:\/\/es.wikipedia.org\/wiki\/2011\">2011<\/a>: <a title=\"David Kato\" href=\"https:\/\/es.wikipedia.org\/wiki\/David_Kato\">David Kato<\/a>, activista <a title=\"LGBT\" href=\"https:\/\/es.wikipedia.org\/wiki\/LGBT\">LGBT<\/a> ugand\u00e9s (n. 1964).<\/li>\n<li><a title=\"2012\" href=\"https:\/\/es.wikipedia.org\/wiki\/2012\">2012<\/a>: <a title=\"Miguel Nazar Haro\" href=\"https:\/\/es.wikipedia.org\/wiki\/Miguel_Nazar_Haro\">Miguel Nazar Haro<\/a>, pol\u00edtico mexicano (n. 1924).<\/li>\n<li>2012: <a title=\"Alfredo Avel\u00edn\" href=\"https:\/\/es.wikipedia.org\/wiki\/Alfredo_Avel%C3%ADn\">Alfredo Avel\u00edn<\/a>, pol\u00edtico argentino (n. 1927).<\/li>\n<li><a title=\"2013\" href=\"https:\/\/es.wikipedia.org\/wiki\/2013\">2013<\/a>: <a title=\"Acer Nethercott\" href=\"https:\/\/es.wikipedia.org\/wiki\/Acer_Nethercott\">Acer Nethercott<\/a>, remero brit\u00e1nico (n. 1977).<\/li>\n<li><a title=\"2014\" href=\"https:\/\/es.wikipedia.org\/wiki\/2014\">2014<\/a>: <a title=\"Ulises Estrada\" href=\"https:\/\/es.wikipedia.org\/wiki\/Ulises_Estrada\">Ulises Estrada<\/a>, revolucionario cubano (n. 1934).<\/li>\n<li>2014: <a title=\"Margery Mason\" href=\"https:\/\/es.wikipedia.org\/wiki\/Margery_Mason\">Margery Mason<\/a>, actriz brit\u00e1nica (n. 1913).<\/li>\n<li>2014: <a title=\"Jos\u00e9 Emilio Pacheco\" href=\"https:\/\/es.wikipedia.org\/wiki\/Jos%C3%A9_Emilio_Pacheco\">Jos\u00e9 Emilio Pacheco<\/a>, escritor mexicano (n. 1939).<\/li>\n<li><a title=\"2016\" href=\"https:\/\/es.wikipedia.org\/wiki\/2016\">2016<\/a>: <a title=\"Abe Vigoda\" href=\"https:\/\/es.wikipedia.org\/wiki\/Abe_Vigoda\">Abe Vigoda<\/a>, actor estadounidense (n. 1921).<\/li>\n<\/ul>\n<h2 style=\"text-align: justify;\"><span id=\"Celebraciones\" class=\"mw-headline\">Celebraciones<\/span><\/h2>\n<ul style=\"text-align: justify;\">\n<li><a title=\"Australia\" href=\"https:\/\/es.wikipedia.org\/wiki\/Australia\">Australia<\/a>: D\u00eda de Australia, conmemorando la fundaci\u00f3n de <a class=\"mw-redirect\" title=\"Bah\u00eda de Sydney\" href=\"https:\/\/es.wikipedia.org\/wiki\/Bah%C3%ADa_de_Sydney\">Port Jackson<\/a>.<\/li>\n<li><a title=\"India\" href=\"https:\/\/es.wikipedia.org\/wiki\/India\">India<\/a>: D\u00eda de la Rep\u00fablica.<\/li>\n<li><a title=\"Rep\u00fablica Dominicana\" href=\"https:\/\/es.wikipedia.org\/wiki\/Rep%C3%BAblica_Dominicana\">Rep\u00fablica Dominicana<\/a>: D\u00eda de <a title=\"Juan Pablo Duarte\" href=\"https:\/\/es.wikipedia.org\/wiki\/Juan_Pablo_Duarte\">Juan Pablo Duarte<\/a>, Padre de la Patria.<\/li>\n<li><a title=\"Panam\u00e1\" href=\"https:\/\/es.wikipedia.org\/wiki\/Panam%C3%A1\">Panam\u00e1<\/a>: D\u00eda del Ingeniero y del Arquitecto.<\/li>\n<\/ul>\n<h3 style=\"text-align: justify;\"><span id=\"Santoral_cat.C3.B3lico\" class=\"mw-headline\"><a title=\"Santoral cat\u00f3lico\" href=\"https:\/\/es.wikipedia.org\/wiki\/Santoral_cat%C3%B3lico\">Santoral cat\u00f3lico<\/a><\/span><\/h3>\n<ul>\n<li style=\"text-align: justify;\">San <a class=\"new\" title=\"Agust\u00edn Erlands\u00f6n (a\u00fan no redactado)\" href=\"https:\/\/es.wikipedia.org\/w\/index.php?title=Agust%C3%ADn_Erlands%C3%B6n&amp;action=edit&amp;redlink=1\">Agust\u00edn Erlands\u00f6n<\/a><\/li>\n<li style=\"text-align: justify;\">San <a title=\"Alberico\" href=\"https:\/\/es.wikipedia.org\/wiki\/Alberico\">Alberico<\/a><\/li>\n<li style=\"text-align: justify;\">San <a title=\"Ansurio\" href=\"https:\/\/es.wikipedia.org\/wiki\/Ansurio\">Ansurio<\/a><\/li>\n<li style=\"text-align: justify;\">San <a title=\"Eystein de Nidaros\" href=\"https:\/\/es.wikipedia.org\/wiki\/Eystein_de_Nidaros\">Eystein de Nidaros<\/a><\/li>\n<li style=\"text-align: justify;\">Santa <a title=\"Paula de Roma\" href=\"https:\/\/es.wikipedia.org\/wiki\/Paula_de_Roma\">Paula de Roma<\/a><\/li>\n<li style=\"text-align: justify;\">San <a class=\"new\" title=\"Te\u00f3genes (a\u00fan no redactado)\" href=\"https:\/\/es.wikipedia.org\/w\/index.php?title=Te%C3%B3genes&amp;action=edit&amp;redlink=1\">Te\u00f3genes<\/a><\/li>\n<li style=\"text-align: justify;\">San <a title=\"Timoteo (santo)\" href=\"https:\/\/es.wikipedia.org\/wiki\/Timoteo_(santo)\">Timoteo<\/a><\/li>\n<li style=\"text-align: justify;\">San <a class=\"mw-redirect\" title=\"San Tito\" href=\"https:\/\/es.wikipedia.org\/wiki\/San_Tito\">Tito<\/a> (compa\u00f1ero de Pablo de Tarso).<\/li>\n<li style=\"text-align: justify;\">Beata <a class=\"new\" title=\"Mar\u00eda de la Dive (a\u00fan no redactado)\" href=\"https:\/\/es.wikipedia.org\/w\/index.php?title=Mar%C3%ADa_de_la_Dive&amp;action=edit&amp;redlink=1\">Mar\u00eda de la Dive<\/a><\/li>\n<li style=\"text-align: justify;\">Beato <a class=\"new\" title=\"Miguel Kozal (a\u00fan no redactado)\" href=\"https:\/\/es.wikipedia.org\/w\/index.php?title=Miguel_Kozal&amp;action=edit&amp;redlink=1\">Miguel Kozal<\/a>.<\/li>\n<\/ul>\n","protected":false},"excerpt":{"rendered":"<p>Es el 26.\u00ba (vigesimosexto) d\u00eda del a\u00f1o en el calendario gregoriano. Quedan 339\u00a0d\u00edas para finalizar el a\u00f1o y 340 en los a\u00f1os bisiestos.<\/p>\n","protected":false},"author":6,"featured_media":11352,"comment_status":"open","ping_status":"open","sticky":false,"template":"","format":"standard","meta":{"_acf_changed":false,"_monsterinsights_skip_tracking":false,"slim_seo":{"title":"Efem\u00e9rides 26 de Enero - Opini\u00f3n P\u00fablica","description":"Es el 26.\u00ba (vigesimosexto) d\u00eda del a\u00f1o en el calendario gregoriano. Quedan 339\u00a0d\u00edas para finalizar el a\u00f1o y 340 en los a\u00f1os bisiestos. Acontecimientos 1085 : en"},"footnotes":""},"categories":[27],"tags":[],"class_list":["post-11353","post","type-post","status-publish","format-standard","has-post-thumbnail","hentry","category-un-dia-como-hoy"],"acf":[],"_links":{"self":[{"href":"https:\/\/www.opinionpublica.tv\/portada\/wp-json\/wp\/v2\/posts\/11353","targetHints":{"allow":["GET"]}}],"collection":[{"href":"https:\/\/www.opinionpublica.tv\/portada\/wp-json\/wp\/v2\/posts"}],"about":[{"href":"https:\/\/www.opinionpublica.tv\/portada\/wp-json\/wp\/v2\/types\/post"}],"author":[{"embeddable":true,"href":"https:\/\/www.opinionpublica.tv\/portada\/wp-json\/wp\/v2\/users\/6"}],"replies":[{"embeddable":true,"href":"https:\/\/www.opinionpublica.tv\/portada\/wp-json\/wp\/v2\/comments?post=11353"}],"version-history":[{"count":0,"href":"https:\/\/www.opinionpublica.tv\/portada\/wp-json\/wp\/v2\/posts\/11353\/revisions"}],"wp:featuredmedia":[{"embeddable":true,"href":"https:\/\/www.opinionpublica.tv\/portada\/wp-json\/wp\/v2\/media\/11352"}],"wp:attachment":[{"href":"https:\/\/www.opinionpublica.tv\/portada\/wp-json\/wp\/v2\/media?parent=11353"}],"wp:term":[{"taxonomy":"category","embeddable":true,"href":"https:\/\/www.opinionpublica.tv\/portada\/wp-json\/wp\/v2\/categories?post=11353"},{"taxonomy":"post_tag","embeddable":true,"href":"https:\/\/www.opinionpublica.tv\/portada\/wp-json\/wp\/v2\/tags?post=11353"}],"curies":[{"name":"wp","href":"https:\/\/api.w.org\/{rel}","templated":true}]}}