{"id":11341,"date":"2017-01-25T07:00:00","date_gmt":"2017-01-25T06:00:00","guid":{"rendered":"https:\/\/www.opinionpublica.tv\/portada\/2017\/01\/25\/crean-primer-maquina-que-imprime-piel-humana\/"},"modified":"2017-01-25T07:00:00","modified_gmt":"2017-01-25T06:00:00","slug":"crean-primer-maquina-que-imprime-piel-humana","status":"publish","type":"post","link":"https:\/\/www.opinionpublica.tv\/portada\/crean-primer-maquina-que-imprime-piel-humana\/","title":{"rendered":"Crean primer m\u00e1quina que &#8216;imprime&#8217; piel humana"},"content":{"rendered":"<p><img fetchpriority=\"high\" decoding=\"async\" class=\" size-full wp-image-11340\" src=\"https:\/\/www.opinionpublica.tv\/portada\/wp-content\/uploads\/2017\/01\/b3ca3356988749d3c81c1470e66b693e.jpg\" alt=\"\" width=\"664\" height=\"498\" srcset=\"https:\/\/www.opinionpublica.tv\/portada\/wp-content\/uploads\/2017\/01\/b3ca3356988749d3c81c1470e66b693e.jpg 664w, https:\/\/www.opinionpublica.tv\/portada\/wp-content\/uploads\/2017\/01\/b3ca3356988749d3c81c1470e66b693e-300x225.jpg 300w\" sizes=\"(max-width: 664px) 100vw, 664px\" \/><br \/>\n<!--more--><\/p>\n<p style=\"text-align: justify;\">Cient\u00edficos espa\u00f1oles crearon una bioimpresora 3D capaz de crear, por primera vez, piel humana totalmente funcional y apta para ser trasplantada a pacientes o usada para la investigaci\u00f3n y prueba de productos cosm\u00e9ticos y farmac\u00e9uticos.<\/p>\n<p style=\"text-align: justify;\">Los resultados de la investigaci\u00f3n pionera fueron publicados por la revista cient\u00edfica\u00a0<em>Biofabrication<\/em>\u00a0y difundidos ayer por el Centro de Investigaciones Energ\u00e9ticas, Medioambientales y Tecnol\u00f3gicas (CIEMAT) y la Universidad Carlos III de Madrid (UC3M).<\/p>\n<p style=\"text-align: justify;\">\u201cEs la primera vez que se logra crear piel humana con componentes humanos, totalmente funcional y apta para ser trasplantada a pacientes o sometida a testeos industriales\u201d, explic\u00f3 Jos\u00e9 Luis Jorcano, jefe de la Unidad Mixta CIEMAT\/UC3M.<\/p>\n<p style=\"text-align: justify;\">El tambi\u00e9n profesor de Bioingenier\u00eda e Ingenier\u00eda Aeroespacial resumi\u00f3 el funcionamiento de la bioimpresora: \u201cEn lugar de tintas de colores utilizamos componentes biol\u00f3gicos como c\u00e9lulas, prote\u00ednas o factores de crecimiento necesarios para crear tejidos\u201d.<\/p>\n<p style=\"text-align: justify;\">Esas \u201cbiotintas\u201d son precisamente la clave de la bioimpresi\u00f3n 3D. Seg\u00fan Jorcano, en el mercado existen otras bioimpresoras, pero los investigadores espa\u00f1oles crearon ahora las biotintas necesarias para fabricar piel.<\/p>\n","protected":false},"excerpt":{"rendered":"","protected":false},"author":6,"featured_media":11340,"comment_status":"open","ping_status":"open","sticky":false,"template":"","format":"standard","meta":{"_acf_changed":false,"_monsterinsights_skip_tracking":false,"slim_seo":{"title":"Crean primer m\u00e1quina que 'imprime' piel humana - Opini\u00f3n P\u00fablica","description":"Cient\u00edficos espa\u00f1oles crearon una bioimpresora 3D capaz de crear, por primera vez, piel humana totalmente funcional y apta para ser trasplantada a pacientes o u"},"footnotes":""},"categories":[22],"tags":[],"class_list":["post-11341","post","type-post","status-publish","format-standard","has-post-thumbnail","hentry","category-ciencia-y-tecnologia"],"acf":[],"_links":{"self":[{"href":"https:\/\/www.opinionpublica.tv\/portada\/wp-json\/wp\/v2\/posts\/11341","targetHints":{"allow":["GET"]}}],"collection":[{"href":"https:\/\/www.opinionpublica.tv\/portada\/wp-json\/wp\/v2\/posts"}],"about":[{"href":"https:\/\/www.opinionpublica.tv\/portada\/wp-json\/wp\/v2\/types\/post"}],"author":[{"embeddable":true,"href":"https:\/\/www.opinionpublica.tv\/portada\/wp-json\/wp\/v2\/users\/6"}],"replies":[{"embeddable":true,"href":"https:\/\/www.opinionpublica.tv\/portada\/wp-json\/wp\/v2\/comments?post=11341"}],"version-history":[{"count":0,"href":"https:\/\/www.opinionpublica.tv\/portada\/wp-json\/wp\/v2\/posts\/11341\/revisions"}],"wp:featuredmedia":[{"embeddable":true,"href":"https:\/\/www.opinionpublica.tv\/portada\/wp-json\/wp\/v2\/media\/11340"}],"wp:attachment":[{"href":"https:\/\/www.opinionpublica.tv\/portada\/wp-json\/wp\/v2\/media?parent=11341"}],"wp:term":[{"taxonomy":"category","embeddable":true,"href":"https:\/\/www.opinionpublica.tv\/portada\/wp-json\/wp\/v2\/categories?post=11341"},{"taxonomy":"post_tag","embeddable":true,"href":"https:\/\/www.opinionpublica.tv\/portada\/wp-json\/wp\/v2\/tags?post=11341"}],"curies":[{"name":"wp","href":"https:\/\/api.w.org\/{rel}","templated":true}]}}